{"id":1254,"date":"2017-03-29T20:13:32","date_gmt":"2017-03-29T18:13:32","guid":{"rendered":"http:\/\/folkbat.se\/wordpress\/?p=1254"},"modified":"2017-03-29T20:13:32","modified_gmt":"2017-03-29T18:13:32","slug":"anmalan-till-sm-och-guldpokalen-har-oppnat","status":"publish","type":"post","link":"https:\/\/folkbat.se\/wordpress\/?p=1254","title":{"rendered":"Anm\u00e4lan till SM och Guldpokalen har \u00f6ppnat"},"content":{"rendered":"<p>Nu har anm\u00e4lan f\u00f6r SM och Guldpokalen \u00f6ppnat. <\/p>\n<p>Anm\u00e4lan till Svenska m\u00e4sterskapet i Halmstad (5\u20138 juli) finns <a href=\"http:\/\/www.hss1910.nu\/2017\/03\/notice-of-race-och-anmalan-till-folkbats-sm-2017\/\">h\u00e4r<\/a>.<\/p>\n<p>Anm\u00e4lan till Guldpokalen i Kerteminde (7\u201310 augusti) finns <a href=\"http:\/\/www.manage2sail.com\/en-US\/event\/85811cc8-b990-4539-a733-d8c4d4f5b0ae#!\/\">h\u00e4r<\/a>.<\/p>\n","protected":false},"excerpt":{"rendered":"<p>Nu har anm\u00e4lan f\u00f6r SM och Guldpokalen \u00f6ppnat. Anm\u00e4lan till Svenska m\u00e4sterskapet i Halmstad (5\u20138 juli) finns h\u00e4r. Anm\u00e4lan till Guldpokalen i Kerteminde (7\u201310 augusti) finns h\u00e4r.<\/p>\n","protected":false},"author":1,"featured_media":0,"comment_status":"open","ping_status":"open","sticky":false,"template":"","format":"standard","meta":{"jetpack_post_was_ever_published":false,"_jetpack_newsletter_access":"","_jetpack_dont_email_post_to_subs":false,"_jetpack_newsletter_tier_id":0,"_jetpack_memberships_contains_paywalled_content":false,"_jetpack_memberships_contains_paid_content":false,"footnotes":"","jetpack_publicize_message":"","jetpack_publicize_feature_enabled":true,"jetpack_social_post_already_shared":true,"jetpack_social_options":{"image_generator_settings":{"template":"highway","default_image_id":0,"font":"","enabled":false},"version":2}},"categories":[1],"tags":[17,9,19],"class_list":["post-1254","post","type-post","status-publish","format-standard","hentry","category-nyheter","tag-guldpokalen","tag-kappsegling","tag-svenska-masterskapet"],"jetpack_publicize_connections":[],"jetpack_featured_media_url":"","jetpack_sharing_enabled":true,"jetpack_shortlink":"https:\/\/wp.me\/p5CsWc-ke","jetpack-related-posts":[{"id":3333,"url":"https:\/\/folkbat.se\/wordpress\/?p=3333","url_meta":{"origin":1254,"position":0},"title":"Nu finns inbjudan och anm\u00e4lan till SM","author":"Webbmaster","date":"18 april 2023","format":false,"excerpt":"Hemsidan f\u00f6r SM i V\u00e4stervik har \u00f6ppnat och inbjudan och anm\u00e4lan finns nu p\u00e5 smregatta.se!","rel":"","context":"I \u201dKappsegling\u201d","block_context":{"text":"Kappsegling","link":"https:\/\/folkbat.se\/wordpress\/?cat=58"},"img":{"alt_text":"","src":"https:\/\/i0.wp.com\/folkbat.se\/wordpress\/wp-content\/uploads\/2022\/09\/sm23.png?fit=1080%2C1080&ssl=1&resize=350%2C200","width":350,"height":200,"srcset":"https:\/\/i0.wp.com\/folkbat.se\/wordpress\/wp-content\/uploads\/2022\/09\/sm23.png?fit=1080%2C1080&ssl=1&resize=350%2C200 1x, https:\/\/i0.wp.com\/folkbat.se\/wordpress\/wp-content\/uploads\/2022\/09\/sm23.png?fit=1080%2C1080&ssl=1&resize=525%2C300 1.5x, https:\/\/i0.wp.com\/folkbat.se\/wordpress\/wp-content\/uploads\/2022\/09\/sm23.png?fit=1080%2C1080&ssl=1&resize=700%2C400 2x, https:\/\/i0.wp.com\/folkbat.se\/wordpress\/wp-content\/uploads\/2022\/09\/sm23.png?fit=1080%2C1080&ssl=1&resize=1050%2C600 3x"},"classes":[]},{"id":978,"url":"https:\/\/folkbat.se\/wordpress\/?p=978","url_meta":{"origin":1254,"position":1},"title":"Anm\u00e4lan till SM har \u00f6ppnat","author":"Webbmaster","date":"4 juni 2016","format":false,"excerpt":"Nu g\u00e5r det att anm\u00e4la sig till sommarens SM 16\u201319 juli. Mer information och anm\u00e4lningsl\u00e4nk finns p\u00e5 Vikingarnas Segels\u00e4llskaps hemsida. Anm\u00e4lningstiden g\u00e5r ut 11 juli.","rel":"","context":"I \u201dNyheter\u201d","block_context":{"text":"Nyheter","link":"https:\/\/folkbat.se\/wordpress\/?cat=1"},"img":{"alt_text":"","src":"","width":0,"height":0},"classes":[]},{"id":4355,"url":"https:\/\/folkbat.se\/wordpress\/?p=4355","url_meta":{"origin":1254,"position":2},"title":"Inbjudan och anm\u00e4lan Guldpokalen 2026","author":"Webbmaster","date":"27 januari 2026","format":false,"excerpt":"Nu finns inbjudan och anm\u00e4lan till Guldpokalen 21\u201325 juli 2026 i Travem\u00fcnde. Inbjudan Anm\u00e4lda","rel":"","context":"I \u201dKappsegling\u201d","block_context":{"text":"Kappsegling","link":"https:\/\/folkbat.se\/wordpress\/?cat=58"},"img":{"alt_text":"","src":"https:\/\/i0.wp.com\/folkbat.se\/wordpress\/wp-content\/uploads\/2026\/01\/20250715-GoldCup2026-2.jpg?fit=848%2C1200&ssl=1&resize=350%2C200","width":350,"height":200,"srcset":"https:\/\/i0.wp.com\/folkbat.se\/wordpress\/wp-content\/uploads\/2026\/01\/20250715-GoldCup2026-2.jpg?fit=848%2C1200&ssl=1&resize=350%2C200 1x, https:\/\/i0.wp.com\/folkbat.se\/wordpress\/wp-content\/uploads\/2026\/01\/20250715-GoldCup2026-2.jpg?fit=848%2C1200&ssl=1&resize=525%2C300 1.5x, https:\/\/i0.wp.com\/folkbat.se\/wordpress\/wp-content\/uploads\/2026\/01\/20250715-GoldCup2026-2.jpg?fit=848%2C1200&ssl=1&resize=700%2C400 2x"},"classes":[]},{"id":1141,"url":"https:\/\/folkbat.se\/wordpress\/?p=1141","url_meta":{"origin":1254,"position":3},"title":"F\u00f6rhandsanm\u00e4lan till SM i Halmstad","author":"Webbmaster","date":"27 november 2016","format":false,"excerpt":"Halmstads Segels\u00e4llskap har \u00f6ppnat en sida om sommarens SM p\u00e5 sin hemsida. D\u00e4r kan man bland annat f\u00f6ranm\u00e4la sig till sommarens t\u00e4vling och se vilka andra som har f\u00f6ranm\u00e4lt. Notice of Race, mer information om arrangemanget och den slutliga anm\u00e4lan kommer att publiceras p\u00e5 sidan, s\u00e5 h\u00e5ll koll p\u00e5 sidan\u2026","rel":"","context":"I \u201dNyheter\u201d","block_context":{"text":"Nyheter","link":"https:\/\/folkbat.se\/wordpress\/?cat=1"},"img":{"alt_text":"sm-2017-affisch","src":"https:\/\/i0.wp.com\/folkbat.se\/wordpress\/wp-content\/uploads\/2016\/11\/SM-2017-affisch.png?resize=350%2C200","width":350,"height":200},"classes":[]},{"id":1573,"url":"https:\/\/folkbat.se\/wordpress\/?p=1573","url_meta":{"origin":1254,"position":4},"title":"Notice of Race SM och Guldpokalen","author":"Webbmaster","date":"15 januari 2018","format":false,"excerpt":"Simrishamns Segels\u00e4llskap har publicerat Notice of Race f\u00f6r Svenska m\u00e4sterskapet och Guldpokalen: Svenska m\u00e4sterskapet Guldpokalen","rel":"","context":"I \u201dNyheter\u201d","block_context":{"text":"Nyheter","link":"https:\/\/folkbat.se\/wordpress\/?cat=1"},"img":{"alt_text":"","src":"","width":0,"height":0},"classes":[]},{"id":2561,"url":"https:\/\/folkbat.se\/wordpress\/?p=2561","url_meta":{"origin":1254,"position":5},"title":"SM 2021 \u2013 Inbjudan och anm\u00e4lan","author":"Webbmaster","date":"30 juni 2021","format":false,"excerpt":"Nu finns inbjudan till SM samt m\u00f6jlighet att anm\u00e4la sig p\u00e5 sailarena. Stenungsunds Segels\u00e4llskap och Svenska Folkb\u00e5tsf\u00f6rbundet h\u00e4lsar alla folkb\u00e5tsseglare hj\u00e4rtligt v\u00e4lkomna. SM-sidan finns p\u00e5 https:\/\/www.sailarena.com\/sv\/se\/club\/stss\/sm-folkbat-och-riksmasterskap-iod-2021\/","rel":"","context":"I \u201dKappsegling\u201d","block_context":{"text":"Kappsegling","link":"https:\/\/folkbat.se\/wordpress\/?cat=58"},"img":{"alt_text":"","src":"https:\/\/i0.wp.com\/folkbat.se\/wordpress\/wp-content\/uploads\/2021\/02\/SM-Folkbat-o-IOD-2021-543x768.jpg?resize=350%2C200","width":350,"height":200},"classes":[]}],"_links":{"self":[{"href":"https:\/\/folkbat.se\/wordpress\/index.php?rest_route=\/wp\/v2\/posts\/1254","targetHints":{"allow":["GET"]}}],"collection":[{"href":"https:\/\/folkbat.se\/wordpress\/index.php?rest_route=\/wp\/v2\/posts"}],"about":[{"href":"https:\/\/folkbat.se\/wordpress\/index.php?rest_route=\/wp\/v2\/types\/post"}],"author":[{"embeddable":true,"href":"https:\/\/folkbat.se\/wordpress\/index.php?rest_route=\/wp\/v2\/users\/1"}],"replies":[{"embeddable":true,"href":"https:\/\/folkbat.se\/wordpress\/index.php?rest_route=%2Fwp%2Fv2%2Fcomments&post=1254"}],"version-history":[{"count":1,"href":"https:\/\/folkbat.se\/wordpress\/index.php?rest_route=\/wp\/v2\/posts\/1254\/revisions"}],"predecessor-version":[{"id":1255,"href":"https:\/\/folkbat.se\/wordpress\/index.php?rest_route=\/wp\/v2\/posts\/1254\/revisions\/1255"}],"wp:attachment":[{"href":"https:\/\/folkbat.se\/wordpress\/index.php?rest_route=%2Fwp%2Fv2%2Fmedia&parent=1254"}],"wp:term":[{"taxonomy":"category","embeddable":true,"href":"https:\/\/folkbat.se\/wordpress\/index.php?rest_route=%2Fwp%2Fv2%2Fcategories&post=1254"},{"taxonomy":"post_tag","embeddable":true,"href":"https:\/\/folkbat.se\/wordpress\/index.php?rest_route=%2Fwp%2Fv2%2Ftags&post=1254"}],"curies":[{"name":"wp","href":"https:\/\/api.w.org\/{rel}","templated":true}]}}