{"id":1260,"date":"2017-04-08T12:32:06","date_gmt":"2017-04-08T10:32:06","guid":{"rendered":"http:\/\/folkbat.se\/wordpress\/?p=1260"},"modified":"2017-04-08T12:33:13","modified_gmt":"2017-04-08T10:33:13","slug":"folkbatsnytt-nummer-1-2017-pa-vag","status":"publish","type":"post","link":"https:\/\/folkbat.se\/wordpress\/?p=1260","title":{"rendered":"Folkb\u00e5tsnytt nummer 1 2017 p\u00e5 v\u00e4g!"},"content":{"rendered":"<p><img data-recalc-dims=\"1\" loading=\"lazy\" decoding=\"async\" data-attachment-id=\"1261\" data-permalink=\"https:\/\/folkbat.se\/wordpress\/?attachment_id=1261\" data-orig-file=\"https:\/\/i0.wp.com\/folkbat.se\/wordpress\/wp-content\/uploads\/2017\/04\/1-2017.jpg?fit=1240%2C1753&amp;ssl=1\" data-orig-size=\"1240,1753\" data-comments-opened=\"1\" data-image-meta=\"{&quot;aperture&quot;:&quot;0&quot;,&quot;credit&quot;:&quot;&quot;,&quot;camera&quot;:&quot;&quot;,&quot;caption&quot;:&quot;&quot;,&quot;created_timestamp&quot;:&quot;0&quot;,&quot;copyright&quot;:&quot;&quot;,&quot;focal_length&quot;:&quot;0&quot;,&quot;iso&quot;:&quot;0&quot;,&quot;shutter_speed&quot;:&quot;0&quot;,&quot;title&quot;:&quot;&quot;,&quot;orientation&quot;:&quot;0&quot;}\" data-image-title=\"1-2017\" data-image-description=\"\" data-image-caption=\"\" data-large-file=\"https:\/\/i0.wp.com\/folkbat.se\/wordpress\/wp-content\/uploads\/2017\/04\/1-2017.jpg?fit=543%2C768&amp;ssl=1\" src=\"https:\/\/i0.wp.com\/folkbat.se\/wordpress\/wp-content\/uploads\/2017\/04\/1-2017.jpg?resize=500%2C707&#038;ssl=1\" alt=\"\" width=\"500\" height=\"707\" class=\"alignright size-large wp-image-1261\" srcset=\"https:\/\/i0.wp.com\/folkbat.se\/wordpress\/wp-content\/uploads\/2017\/04\/1-2017.jpg?resize=543%2C768&amp;ssl=1 543w, https:\/\/i0.wp.com\/folkbat.se\/wordpress\/wp-content\/uploads\/2017\/04\/1-2017.jpg?resize=354%2C500&amp;ssl=1 354w, https:\/\/i0.wp.com\/folkbat.se\/wordpress\/wp-content\/uploads\/2017\/04\/1-2017.jpg?resize=768%2C1086&amp;ssl=1 768w, https:\/\/i0.wp.com\/folkbat.se\/wordpress\/wp-content\/uploads\/2017\/04\/1-2017.jpg?resize=566%2C800&amp;ssl=1 566w, https:\/\/i0.wp.com\/folkbat.se\/wordpress\/wp-content\/uploads\/2017\/04\/1-2017.jpg?w=1240&amp;ssl=1 1240w\" sizes=\"auto, (max-width: 500px) 100vw, 500px\" \/><\/p>\n<p>Redaktionen l\u00e5ter h\u00e4lsa att Folkb\u00e5tsnytt nummer ett har lagts p\u00e5 l\u00e5dan och snart n\u00e5r medlemmarna.<\/p>\n<p>En text gl\u00f6mdes av redaktionen och kom tyv\u00e4rr inte med i numret, den f\u00f6ljer ist\u00e4llet h\u00e4r:<\/p>\n<p><strong>V\u00e4stkusten<\/strong><br \/>\n2016 f\u00e5r vi nog kalla en riktig l\u00e5gs\u00e4song h\u00e4r i v\u00e4st. Deltagarantalet p\u00e5 v\u00e5ra seglingar har varit osedvanligt l\u00e5gt. SM p\u00e5 V\u00e4rtan lockade inte s\u00e5 ist\u00e4llet \u00e5kte n\u00e5gra ner till Danska M\u00e4sterskapet i Skovshoved.  D\u00e4r visade det sig som vanligt att \u201dDi danske\u201d var sv\u00e5rslagna. Men \u201dPaj\u201d fr\u00e5n Karlshamn snodde tv\u00e5 2:a platser! Han seglade fr\u00e5n Karlshamn till Skovshoved. Det var en tuff tur<br \/>\ni allt annat \u00e4n sommarv\u00e4der!! <\/p>\n<p>Lennart Magnusson med sin vackra 1390 vann en segling. Han var ocks\u00e5 b\u00e4st bland \u201dDi Svenske\u201d med en 10:e plats totalt. Inte d\u00e5ligt i det getingboet! 1390 har ocks\u00e5 varit den b\u00e4sta b\u00e5ten under s\u00e4songen. Att segla mot de b\u00e4sta tror jag \u00e4r r\u00e4tt melodi f\u00f6r att bli b\u00e4ttre. Att segla mot s\u00e5 skickliga folkb\u00e5tsseglare som de danska ger oerh\u00f6rt mycket, men vi har l\u00e5ngt kvar. Men redan nu med lite tur kan vi vara med och sl\u00e5ss i en och annan segling.<\/p>\n<p>Jubel\u00e5ret 2017 \u00e4r ju speciellt f\u00f6r oss. Det var ju h\u00e4r allting b\u00f6rjade f\u00f6r 75 \u00e5r sedan. Vi g\u00f6r d\u00e4rf\u00f6r ett litet f\u00f6delsedagskalas den 22 April, d\u00e4r vi utg\u00e5r fr\u00e5n L\u00e5ngedrags SS klubbhus. Se separat inbjudan!! SM-et g\u00e5r ju i Halmstad (som rustat rej\u00e4lt) och Guldpokalen i Kerteminde. Vi blir nog n\u00e5gra som \u00e5ker p\u00e5 b\u00e4gge. Det skall bli speciellt kul att segla i Halmstad. N\u00e5r vi 30 b\u00e5tar d\u00e4r tro?<\/p>\n<p>Rolf Uppstr\u00f6m<\/p>\n","protected":false},"excerpt":{"rendered":"<p>Redaktionen l\u00e5ter h\u00e4lsa att Folkb\u00e5tsnytt nummer ett har lagts p\u00e5 l\u00e5dan och snart n\u00e5r medlemmarna. En text gl\u00f6mdes av redaktionen och kom tyv\u00e4rr inte med i numret, den f\u00f6ljer ist\u00e4llet h\u00e4r: V\u00e4stkusten 2016 f\u00e5r vi nog kalla en riktig l\u00e5gs\u00e4song&hellip; <a href=\"https:\/\/folkbat.se\/wordpress\/?p=1260\" class=\"apace-readmore-link\"><span class=\"screen-reader-text\">Folkb\u00e5tsnytt nummer 1 2017 p\u00e5 v\u00e4g!<\/span>L\u00e4s mer<\/a><\/p>\n","protected":false},"author":1,"featured_media":0,"comment_status":"open","ping_status":"open","sticky":false,"template":"","format":"standard","meta":{"jetpack_post_was_ever_published":false,"_jetpack_newsletter_access":"","_jetpack_dont_email_post_to_subs":false,"_jetpack_newsletter_tier_id":0,"_jetpack_memberships_contains_paywalled_content":false,"_jetpack_memberships_contains_paid_content":false,"footnotes":"","jetpack_publicize_message":"","jetpack_publicize_feature_enabled":true,"jetpack_social_post_already_shared":true,"jetpack_social_options":{"image_generator_settings":{"template":"highway","default_image_id":0,"font":"","enabled":false},"version":2}},"categories":[1,46],"tags":[],"class_list":["post-1260","post","type-post","status-publish","format-standard","hentry","category-nyheter","category-vastkustens-folkbatsflottilj"],"jetpack_publicize_connections":[],"jetpack_featured_media_url":"","jetpack_sharing_enabled":true,"jetpack_shortlink":"https:\/\/wp.me\/p5CsWc-kk","jetpack-related-posts":[{"id":1136,"url":"https:\/\/folkbat.se\/wordpress\/?p=1136","url_meta":{"origin":1260,"position":0},"title":"Folkb\u00e5tsnytt nummer 3 har skickats","author":"Webbmaster","date":"27 november 2016","format":false,"excerpt":"Folkb\u00e5tsnyttredaktionen l\u00e5ter h\u00e4lsa att nummer tre \u00e4r lades p\u00e5 brevl\u00e5dan f\u00f6r n\u00e5gra dagar sedan och borde ha anl\u00e4nt till medlemmarna. Kontakta redaktionen om du inte har f\u00e5tt ditt nummer.","rel":"","context":"I \u201dNyheter\u201d","block_context":{"text":"Nyheter","link":"https:\/\/folkbat.se\/wordpress\/?cat=1"},"img":{"alt_text":"2-2016","src":"https:\/\/i0.wp.com\/folkbat.se\/FBnyttPDF\/3-2016.jpg?resize=350%2C200","width":350,"height":200},"classes":[]},{"id":3792,"url":"https:\/\/folkbat.se\/wordpress\/?p=3792","url_meta":{"origin":1260,"position":1},"title":"Selma f\u00f6rsvarar titeln vid SM i Karlsborg","author":"Webbmaster","date":"19 augusti 2024","format":false,"excerpt":"Anders Jalmander, Anders Cederblad och Ola Schwarz, 2024 \u00e5rs svenska m\u00e4stare Efter en lyckad Guldpokal i Halmstad i juli med drygt 50 b\u00e5tar fr\u00e5n Nordeuropa rullade folkb\u00e5tscirkusen vidare till Karlsborg f\u00f6r v\u00e5rt 59:e svenska m\u00e4sterskap, denna g\u00e5ng arrangerat av Carlsborgs Segels\u00e4llskap. Till start kom 15 svenska b\u00e5tar fr\u00e5n Stockholm till\u2026","rel":"","context":"I \u201dKappsegling\u201d","block_context":{"text":"Kappsegling","link":"https:\/\/folkbat.se\/wordpress\/?cat=58"},"img":{"alt_text":"","src":"","width":0,"height":0},"classes":[]},{"id":1860,"url":"https:\/\/folkbat.se\/wordpress\/?p=1860","url_meta":{"origin":1260,"position":2},"title":"Folkb\u00e5tsnytt p\u00e5 v\u00e4g","author":"Webbmaster","date":"15 november 2018","format":false,"excerpt":"Nu har h\u00f6stens Folkb\u00e5tsnytt lagts p\u00e5 l\u00e5dan och kommer till medlemmarna inom n\u00e5gra dagar. H\u00f6r av er om ni inte f\u00e5r n\u00e5gon tidning. \/Redaktionen","rel":"","context":"I \u201dNyheter\u201d","block_context":{"text":"Nyheter","link":"https:\/\/folkbat.se\/wordpress\/?cat=1"},"img":{"alt_text":"","src":"https:\/\/i0.wp.com\/folkbat.se\/wordpress\/wp-content\/uploads\/2018\/11\/2-2018.jpg?resize=350%2C200&ssl=1","width":350,"height":200,"srcset":"https:\/\/i0.wp.com\/folkbat.se\/wordpress\/wp-content\/uploads\/2018\/11\/2-2018.jpg?resize=350%2C200&ssl=1 1x, https:\/\/i0.wp.com\/folkbat.se\/wordpress\/wp-content\/uploads\/2018\/11\/2-2018.jpg?resize=525%2C300&ssl=1 1.5x, https:\/\/i0.wp.com\/folkbat.se\/wordpress\/wp-content\/uploads\/2018\/11\/2-2018.jpg?resize=700%2C400&ssl=1 2x, https:\/\/i0.wp.com\/folkbat.se\/wordpress\/wp-content\/uploads\/2018\/11\/2-2018.jpg?resize=1050%2C600&ssl=1 3x"},"classes":[]},{"id":3002,"url":"https:\/\/folkbat.se\/wordpress\/?p=3002","url_meta":{"origin":1260,"position":3},"title":"Emilie svensk m\u00e4stare","author":"Webbmaster","date":"13 augusti 2022","format":false,"excerpt":"Svenska m\u00e4starna 1390 Emilie. Foto: Bjarne J\u00f6nsson 1390 Emilie, L\u00e5ngedrags SS, tar hem 2022 \u00e5rs svenska m\u00e4sterskap som avgjordes i Ystad torsdag till l\u00f6rdag. Lennart Magnusson, Mats Brodefors & Kjell V\u00e5gfelt, L\u00e5ngedrags SS heter de nya svenska m\u00e4starna som vann efter en rafflande avslutning. Foto: Jonas Lindstr\u00f6m Det 20 b\u00e5tar\u2026","rel":"","context":"I \u201dKappsegling\u201d","block_context":{"text":"Kappsegling","link":"https:\/\/folkbat.se\/wordpress\/?cat=58"},"img":{"alt_text":"","src":"https:\/\/i0.wp.com\/folkbat.se\/wordpress\/wp-content\/uploads\/2022\/08\/299158856_10228741339463101_1714515817691008423_n.jpg?fit=1200%2C800&ssl=1&resize=350%2C200","width":350,"height":200,"srcset":"https:\/\/i0.wp.com\/folkbat.se\/wordpress\/wp-content\/uploads\/2022\/08\/299158856_10228741339463101_1714515817691008423_n.jpg?fit=1200%2C800&ssl=1&resize=350%2C200 1x, https:\/\/i0.wp.com\/folkbat.se\/wordpress\/wp-content\/uploads\/2022\/08\/299158856_10228741339463101_1714515817691008423_n.jpg?fit=1200%2C800&ssl=1&resize=525%2C300 1.5x, https:\/\/i0.wp.com\/folkbat.se\/wordpress\/wp-content\/uploads\/2022\/08\/299158856_10228741339463101_1714515817691008423_n.jpg?fit=1200%2C800&ssl=1&resize=700%2C400 2x, https:\/\/i0.wp.com\/folkbat.se\/wordpress\/wp-content\/uploads\/2022\/08\/299158856_10228741339463101_1714515817691008423_n.jpg?fit=1200%2C800&ssl=1&resize=1050%2C600 3x"},"classes":[]},{"id":2041,"url":"https:\/\/folkbat.se\/wordpress\/?p=2041","url_meta":{"origin":1260,"position":4},"title":"SM avgjort \u2013 Karlshamnsb\u00e5t m\u00e4stare","author":"Webbmaster","date":"24 augusti 2019","format":false,"excerpt":"Idag, 24 augusti slutf\u00f6rdes SM-seglingarna i Folkb\u00e5t vid Rastaholm i M\u00e4laren, d\u00e4r Stockholms Segels\u00e4llskap stod som arrang\u00f6r. Startf\u00e4ltet inneh\u00f6ll 19 folkb\u00e5tar, varav fem fr\u00e5n Danmark och Tyskland. Enbart de svenska b\u00e5tarna kunde utmana om SM-titeln och n\u00e4r alla seglingar var seglade och resultaten sammanr\u00e4knade stod SWE 1942 Snudd med Hans\u2026","rel":"","context":"I \u201dNyheter\u201d","block_context":{"text":"Nyheter","link":"https:\/\/folkbat.se\/wordpress\/?cat=1"},"img":{"alt_text":"","src":"","width":0,"height":0},"classes":[]},{"id":985,"url":"https:\/\/folkbat.se\/wordpress\/?p=985","url_meta":{"origin":1260,"position":5},"title":"W\u00e4rneg\u00e5rd och Hagerman b\u00e4st p\u00e5 Lilla V\u00e4rtan","author":"Webbmaster","date":"19 juni 2016","format":false,"excerpt":"I helgen seglades Vikingaregattan vid Hundudden p\u00e5 G\u00e4rdet i Stockholm. T\u00e4vlingarna inneh\u00f6ll \u00e4ven distriktsm\u00e4sterskap f\u00f6r Stockholmsdistriktet. 12 b\u00e5tar testade p\u00e5 de blivande SM-vattnen p\u00e5 Lilla V\u00e4rtan, vilket var n\u00e5got fler \u00e4n de senaste \u00e5ren. De tolv fick f\u00f6rutom SM-vattnen och dess lynniga vindar \u00e4ven testa p\u00e5 b\u00e5de regn och sol.\u2026","rel":"","context":"I \u201dNyheter\u201d","block_context":{"text":"Nyheter","link":"https:\/\/folkbat.se\/wordpress\/?cat=1"},"img":{"alt_text":"DSC_0014","src":"https:\/\/i0.wp.com\/folkbat.se\/wordpress\/wp-content\/uploads\/2016\/06\/DSC_0014-1024x553.jpg?resize=350%2C200","width":350,"height":200},"classes":[]}],"_links":{"self":[{"href":"https:\/\/folkbat.se\/wordpress\/index.php?rest_route=\/wp\/v2\/posts\/1260","targetHints":{"allow":["GET"]}}],"collection":[{"href":"https:\/\/folkbat.se\/wordpress\/index.php?rest_route=\/wp\/v2\/posts"}],"about":[{"href":"https:\/\/folkbat.se\/wordpress\/index.php?rest_route=\/wp\/v2\/types\/post"}],"author":[{"embeddable":true,"href":"https:\/\/folkbat.se\/wordpress\/index.php?rest_route=\/wp\/v2\/users\/1"}],"replies":[{"embeddable":true,"href":"https:\/\/folkbat.se\/wordpress\/index.php?rest_route=%2Fwp%2Fv2%2Fcomments&post=1260"}],"version-history":[{"count":4,"href":"https:\/\/folkbat.se\/wordpress\/index.php?rest_route=\/wp\/v2\/posts\/1260\/revisions"}],"predecessor-version":[{"id":1265,"href":"https:\/\/folkbat.se\/wordpress\/index.php?rest_route=\/wp\/v2\/posts\/1260\/revisions\/1265"}],"wp:attachment":[{"href":"https:\/\/folkbat.se\/wordpress\/index.php?rest_route=%2Fwp%2Fv2%2Fmedia&parent=1260"}],"wp:term":[{"taxonomy":"category","embeddable":true,"href":"https:\/\/folkbat.se\/wordpress\/index.php?rest_route=%2Fwp%2Fv2%2Fcategories&post=1260"},{"taxonomy":"post_tag","embeddable":true,"href":"https:\/\/folkbat.se\/wordpress\/index.php?rest_route=%2Fwp%2Fv2%2Ftags&post=1260"}],"curies":[{"name":"wp","href":"https:\/\/api.w.org\/{rel}","templated":true}]}}