{"id":1268,"date":"2017-04-18T20:24:33","date_gmt":"2017-04-18T18:24:33","guid":{"rendered":"http:\/\/folkbat.se\/wordpress\/?p=1268"},"modified":"2017-04-19T15:16:10","modified_gmt":"2017-04-19T13:16:10","slug":"folkbatens-dag-pa-lordag","status":"publish","type":"post","link":"https:\/\/folkbat.se\/wordpress\/?p=1268","title":{"rendered":"Folkb\u00e5tens dag p\u00e5 l\u00f6rdag"},"content":{"rendered":"<p>Kom ih\u00e5g att anm\u00e4la er till Folkb\u00e5tens dag som kommer att ske i G\u00f6teborg nu p\u00e5 l\u00f6rdag 22 april.<\/p>\n<p>Anm\u00e4l er senast torsdag <a href=\"https:\/\/goo.gl\/forms\/5NMEYlfIPOOTUJbp2\">h\u00e4r<\/a> eller p\u00e5 telefon till Donald Bratt, 08-534 403 32.<\/p>\n<figure id=\"attachment_1272\" aria-describedby=\"caption-attachment-1272\" style=\"width: 500px\" class=\"wp-caption alignright\"><img data-recalc-dims=\"1\" loading=\"lazy\" decoding=\"async\" data-attachment-id=\"1272\" data-permalink=\"https:\/\/folkbat.se\/wordpress\/?attachment_id=1272\" data-orig-file=\"https:\/\/i0.wp.com\/folkbat.se\/wordpress\/wp-content\/uploads\/2017\/04\/LSS-parkering.jpg?fit=1106%2C698&amp;ssl=1\" data-orig-size=\"1106,698\" data-comments-opened=\"1\" data-image-meta=\"{&quot;aperture&quot;:&quot;0&quot;,&quot;credit&quot;:&quot;&quot;,&quot;camera&quot;:&quot;&quot;,&quot;caption&quot;:&quot;&quot;,&quot;created_timestamp&quot;:&quot;0&quot;,&quot;copyright&quot;:&quot;&quot;,&quot;focal_length&quot;:&quot;0&quot;,&quot;iso&quot;:&quot;0&quot;,&quot;shutter_speed&quot;:&quot;0&quot;,&quot;title&quot;:&quot;&quot;,&quot;orientation&quot;:&quot;1&quot;}\" data-image-title=\"LSS parkering\" data-image-description=\"\" data-image-caption=\"&lt;p&gt;Det g\u00e5r inte att parkera i direkt anslutning till L\u00e5ngedrags Segels\u00e4llskaps klubbhus. P\u00e5 kartan visas bra st\u00e4llen att parkera i n\u00e4rheten med bokstaven P. G\u00e4ster med minifolkb\u00e5tar kan givetvis k\u00f6ra till klubbhuset och l\u00e4mna av dem. L\u00e4ngst nere till h\u00f6ger i bilden finns \u00e4ven n\u00e4rmaste sp\u00e5rvagnsh\u00e5llsplats, L\u00e5ngedrag.&lt;\/p&gt;\n\" data-large-file=\"https:\/\/i0.wp.com\/folkbat.se\/wordpress\/wp-content\/uploads\/2017\/04\/LSS-parkering.jpg?fit=779%2C491&amp;ssl=1\" src=\"https:\/\/i0.wp.com\/folkbat.se\/wordpress\/wp-content\/uploads\/2017\/04\/LSS-parkering.jpg?resize=500%2C315&#038;ssl=1\" alt=\"\" width=\"500\" height=\"315\" class=\"size-large wp-image-1272\" srcset=\"https:\/\/i0.wp.com\/folkbat.se\/wordpress\/wp-content\/uploads\/2017\/04\/LSS-parkering.jpg?resize=1024%2C646&amp;ssl=1 1024w, https:\/\/i0.wp.com\/folkbat.se\/wordpress\/wp-content\/uploads\/2017\/04\/LSS-parkering.jpg?resize=500%2C316&amp;ssl=1 500w, https:\/\/i0.wp.com\/folkbat.se\/wordpress\/wp-content\/uploads\/2017\/04\/LSS-parkering.jpg?resize=768%2C485&amp;ssl=1 768w, https:\/\/i0.wp.com\/folkbat.se\/wordpress\/wp-content\/uploads\/2017\/04\/LSS-parkering.jpg?resize=800%2C505&amp;ssl=1 800w, https:\/\/i0.wp.com\/folkbat.se\/wordpress\/wp-content\/uploads\/2017\/04\/LSS-parkering.jpg?w=1106&amp;ssl=1 1106w\" sizes=\"auto, (max-width: 500px) 100vw, 500px\" \/><figcaption id=\"caption-attachment-1272\" class=\"wp-caption-text\">Det g\u00e5r inte att parkera i direkt anslutning till L\u00e5ngedrags Segels\u00e4llskaps klubbhus. P\u00e5 kartan visas bra st\u00e4llen att parkera i n\u00e4rheten med bokstaven P. G\u00e4ster med minifolkb\u00e5tar kan givetvis k\u00f6ra till klubbhuset och l\u00e4mna av dem. L\u00e4ngst nere till h\u00f6ger i bilden finns \u00e4ven n\u00e4rmaste sp\u00e5rvagnsh\u00e5llsplats, L\u00e5ngedrag.<\/figcaption><\/figure>\n<p>Inbjudan:<\/p>\n<blockquote><p>Svenska Folkb\u00e5tsf\u00f6rbundet och V\u00e4stkustens folkb\u00e5tsflottilj bjuder in gamla och nya Folkb\u00e5tsentusiaster att fira den f\u00f6rsta Folkb\u00e5tens sj\u00f6s\u00e4ttning som \u00e4gde rum den 23 april 1942 vid br\u00f6derna Olssons b\u00e5tvarv p\u00e5 Arendal Hisingen. Av praktiska sk\u00e4l firar vi detta den 22 april.<\/p>\n<p>Vi tr\u00e4ffas i L\u00e5ngedrags SS klubbhus 22 april klockan 10.30. Vi serverar kaffe och sm\u00f6rg\u00e5s. L\u00e5ngedrags SS klubbhus ligger p\u00e5 Solh\u00f6jdsgatan 16.<\/p>\n<p>Sedan \u00e5ker vi till f\u00f6delseplatsen p\u00e5 Hisingen som ser annorlunda ut nuf\u00f6rtiden.<\/p>\n<p>Efter detta \u00e5terv\u00e4nder vi till klubbhuset d\u00e4r vi bjuder p\u00e5 en bit mat, minifolkb\u00e5tssegling och samkv\u00e4m. Dagens aktiviteter slutar vid femtiden.<\/p>\n<p>Vi beh\u00f6ver din anm\u00e4lan f\u00f6r att vi vill veta hur m\u00e5nga som kommer f\u00f6r mat och transporter. Anm\u00e4l dig p\u00e5 <a href=\"https:\/\/goo.gl\/forms\/5NMEYlfIPOOTUJbp2\">https:\/\/goo.gl\/forms\/5NMEYlfIPOOTUJbp2<\/a><\/p>\n<p>Svenska Folkb\u00e5tsf\u00f6rbundet och V\u00e4stkustens folkb\u00e5tsflottilj<\/p>\n","protected":false},"excerpt":{"rendered":"<p>Kom ih\u00e5g att anm\u00e4la er till Folkb\u00e5tens dag som kommer att ske i G\u00f6teborg nu p\u00e5 l\u00f6rdag 22 april. Anm\u00e4l er senast torsdag h\u00e4r eller p\u00e5 telefon till Donald Bratt, 08-534 403 32. Inbjudan: Svenska Folkb\u00e5tsf\u00f6rbundet och V\u00e4stkustens folkb\u00e5tsflottilj bjuder&hellip; <a href=\"https:\/\/folkbat.se\/wordpress\/?p=1268\" class=\"apace-readmore-link\"><span class=\"screen-reader-text\">Folkb\u00e5tens dag p\u00e5 l\u00f6rdag<\/span>L\u00e4s mer<\/a><\/p>\n","protected":false},"author":1,"featured_media":0,"comment_status":"open","ping_status":"open","sticky":false,"template":"","format":"standard","meta":{"jetpack_post_was_ever_published":false,"_jetpack_newsletter_access":"","_jetpack_dont_email_post_to_subs":false,"_jetpack_newsletter_tier_id":0,"_jetpack_memberships_contains_paywalled_content":false,"_jetpack_memberships_contains_paid_content":false,"footnotes":"","jetpack_publicize_message":"","jetpack_publicize_feature_enabled":true,"jetpack_social_post_already_shared":true,"jetpack_social_options":{"image_generator_settings":{"template":"highway","default_image_id":0,"font":"","enabled":false},"version":2}},"categories":[1],"tags":[],"class_list":["post-1268","post","type-post","status-publish","format-standard","hentry","category-nyheter"],"jetpack_publicize_connections":[],"jetpack_featured_media_url":"","jetpack_sharing_enabled":true,"jetpack_shortlink":"https:\/\/wp.me\/p5CsWc-ks","jetpack-related-posts":[{"id":1246,"url":"https:\/\/folkbat.se\/wordpress\/?p=1246","url_meta":{"origin":1268,"position":0},"title":"V\u00e4lkommen p\u00e5 Folkb\u00e5tens dag 22 april","author":"Webbmaster","date":"26 mars 2017","format":false,"excerpt":"Svenska Folkb\u00e5tsf\u00f6rbundet och V\u00e4stkustens folkb\u00e5tsflottilj bjuder in gamla och nya Folkb\u00e5tsentusiaster att fira den f\u00f6rsta Folkb\u00e5tens sj\u00f6s\u00e4ttning som \u00e4gde rum den 23 april 1942 vid br\u00f6derna Olssons b\u00e5tvarv p\u00e5 Arendal Hisingen. Av praktiska sk\u00e4l firar vi detta den 22 april. Vi tr\u00e4ffas i L\u00e5ngedrags SS klubbhus 22 april klockan 10.30.\u2026","rel":"","context":"I \u201dNyheter\u201d","block_context":{"text":"Nyheter","link":"https:\/\/folkbat.se\/wordpress\/?cat=1"},"img":{"alt_text":"","src":"","width":0,"height":0},"classes":[]},{"id":1285,"url":"https:\/\/folkbat.se\/wordpress\/?p=1285","url_meta":{"origin":1268,"position":1},"title":"Rapport fr\u00e5n Folkb\u00e5tens dag","author":"Webbmaster","date":"7 maj 2017","format":false,"excerpt":"Mer \u00e4n 25 personer hade h\u00f6rsammat v\u00e4stkustflottiljens inbjudan till f\u00f6delsedagskallas. Folk fr\u00e5n ostkusten d\u00f6k upp och inte minst storfr\u00e4mmande fr\u00e5n Danmark, NFIA:s ordf\u00f6rande S\u00f8ren K\u00e6stel med fru. Alla tr\u00e4ffades i L\u00e5ngedrags SS klubbhus p\u00e5 f\u00f6rmiddagen, och d\u00e4rifr\u00e5n ut till Hisingen till varvet som var platsen f\u00f6r dopet f\u00f6r 75 \u00e5r\u2026","rel":"","context":"I \u201dNyheter\u201d","block_context":{"text":"Nyheter","link":"https:\/\/folkbat.se\/wordpress\/?cat=1"},"img":{"alt_text":"","src":"https:\/\/i0.wp.com\/folkbat.se\/wordpress\/wp-content\/uploads\/2017\/05\/DSC_0065-1024x685.jpg?resize=350%2C200","width":350,"height":200},"classes":[]},{"id":1194,"url":"https:\/\/folkbat.se\/wordpress\/?p=1194","url_meta":{"origin":1268,"position":2},"title":"V\u00e4stkustens folkb\u00e5tsflottilj presenterar \u00e5rsprogrammet 2017","author":"Webbmaster","date":"7 februari 2017","format":false,"excerpt":"M\u00e4rk den 22 april i era kalendrar f\u00f6r jubileumsdag vid Arendal. 4 aprilFlottiljtr\u00e4ff 22 aprilFolkb\u00e5tens dag, Arendal 9 maj (1:a segl.)Tisdagsseglingar LDSS, L\u00e5ngedrag 13 majFlottiljtr\u00e4ff b\u00e5ttrim, L\u00e5ngedrag 20 majFramn\u00e4svalsen 3-4 juniDM LDSS, L\u00e5ngedrag 6 juniKlassiska regattan GKSS, L\u00e5ngedrag 5-8 juliSM, Halmstad 7-10 augGuldpokalen, Kerteminde (DK) 12 augFramn\u00e4sdagen\/JW Cup, Framn\u00e4s 15\u2026","rel":"","context":"I \u201dNyheter\u201d","block_context":{"text":"Nyheter","link":"https:\/\/folkbat.se\/wordpress\/?cat=1"},"img":{"alt_text":"","src":"http:\/\/folkbat.se\/vastkusten\/Folkb\u00e5t%2075%20\u00e5r%202017.pdf","width":350,"height":200,"srcset":"http:\/\/folkbat.se\/vastkusten\/Folkb\u00e5t%2075%20\u00e5r%202017.pdf 1x, http:\/\/folkbat.se\/vastkusten\/Folkb\u00e5t%2075%20\u00e5r%202017.pdf 1.5x"},"classes":[]},{"id":3002,"url":"https:\/\/folkbat.se\/wordpress\/?p=3002","url_meta":{"origin":1268,"position":3},"title":"Emilie svensk m\u00e4stare","author":"Webbmaster","date":"13 augusti 2022","format":false,"excerpt":"Svenska m\u00e4starna 1390 Emilie. Foto: Bjarne J\u00f6nsson 1390 Emilie, L\u00e5ngedrags SS, tar hem 2022 \u00e5rs svenska m\u00e4sterskap som avgjordes i Ystad torsdag till l\u00f6rdag. Lennart Magnusson, Mats Brodefors & Kjell V\u00e5gfelt, L\u00e5ngedrags SS heter de nya svenska m\u00e4starna som vann efter en rafflande avslutning. Foto: Jonas Lindstr\u00f6m Det 20 b\u00e5tar\u2026","rel":"","context":"I \u201dKappsegling\u201d","block_context":{"text":"Kappsegling","link":"https:\/\/folkbat.se\/wordpress\/?cat=58"},"img":{"alt_text":"","src":"https:\/\/i0.wp.com\/folkbat.se\/wordpress\/wp-content\/uploads\/2022\/08\/299158856_10228741339463101_1714515817691008423_n.jpg?fit=1200%2C800&ssl=1&resize=350%2C200","width":350,"height":200,"srcset":"https:\/\/i0.wp.com\/folkbat.se\/wordpress\/wp-content\/uploads\/2022\/08\/299158856_10228741339463101_1714515817691008423_n.jpg?fit=1200%2C800&ssl=1&resize=350%2C200 1x, https:\/\/i0.wp.com\/folkbat.se\/wordpress\/wp-content\/uploads\/2022\/08\/299158856_10228741339463101_1714515817691008423_n.jpg?fit=1200%2C800&ssl=1&resize=525%2C300 1.5x, https:\/\/i0.wp.com\/folkbat.se\/wordpress\/wp-content\/uploads\/2022\/08\/299158856_10228741339463101_1714515817691008423_n.jpg?fit=1200%2C800&ssl=1&resize=700%2C400 2x, https:\/\/i0.wp.com\/folkbat.se\/wordpress\/wp-content\/uploads\/2022\/08\/299158856_10228741339463101_1714515817691008423_n.jpg?fit=1200%2C800&ssl=1&resize=1050%2C600 3x"},"classes":[]},{"id":1395,"url":"https:\/\/folkbat.se\/wordpress\/?p=1395","url_meta":{"origin":1268,"position":4},"title":"Karlskronab\u00e5t svenska m\u00e4stare","author":"Webbmaster","date":"10 juli 2017","format":false,"excerpt":"Under den g\u00e5ngna helgen arrangerades det 53:e Svenska m\u00e4sterskapet i Folkb\u00e5t med i Halmstad. Efter tre dagars seglingar i l\u00e4tta vindar stod det klart att SM-debutanten 1328 Slagh\u00f6ken II fr\u00e5n Karlskrona SS, Magnus Johansson, Anders Cederblad och Jonas Konrad var b\u00e4sta svenska m\u00e4stare och b\u00e4sta svenska bes\u00e4ttning med en total\u2026","rel":"","context":"I \u201dNyheter\u201d","block_context":{"text":"Nyheter","link":"https:\/\/folkbat.se\/wordpress\/?cat=1"},"img":{"alt_text":"","src":"https:\/\/i0.wp.com\/folkbat.se\/wordpress\/wp-content\/uploads\/2017\/07\/IMG_9102.jpg?fit=1200%2C900&ssl=1&resize=350%2C200","width":350,"height":200,"srcset":"https:\/\/i0.wp.com\/folkbat.se\/wordpress\/wp-content\/uploads\/2017\/07\/IMG_9102.jpg?fit=1200%2C900&ssl=1&resize=350%2C200 1x, https:\/\/i0.wp.com\/folkbat.se\/wordpress\/wp-content\/uploads\/2017\/07\/IMG_9102.jpg?fit=1200%2C900&ssl=1&resize=525%2C300 1.5x, https:\/\/i0.wp.com\/folkbat.se\/wordpress\/wp-content\/uploads\/2017\/07\/IMG_9102.jpg?fit=1200%2C900&ssl=1&resize=700%2C400 2x, https:\/\/i0.wp.com\/folkbat.se\/wordpress\/wp-content\/uploads\/2017\/07\/IMG_9102.jpg?fit=1200%2C900&ssl=1&resize=1050%2C600 3x"},"classes":[]},{"id":4273,"url":"https:\/\/folkbat.se\/wordpress\/?p=4273","url_meta":{"origin":1268,"position":5},"title":"Tv\u00e5 f\u00f6redrag om folkb\u00e5tar p\u00e5 Bohusl\u00e4ns museum","author":"Webbmaster","date":"21 augusti 2025","format":false,"excerpt":"L\u00f6rdag 30 augusti p\u00e5 Bohusl\u00e4ns museum blir det tv\u00e5 f\u00f6redrag med folkb\u00e5tsanknytning med Anders Olsen. F\u00f6rst ett om folkb\u00e5ten och sedan ett om hans renovering av folkb\u00e5ten SWE 2 Jo-jo. Programmet \u00e4r: 13:00\u201313:45 Folkb\u00e5ten idag och ig\u00e5r 13:45\u201314:30 Om renoveringen av Jo-Jo \u2013 v\u00e4rldens n\u00e4st \u00e4ldsta folkb\u00e5t Varmt v\u00e4lkomna alla\u2026","rel":"","context":"I \u201dNyheter\u201d","block_context":{"text":"Nyheter","link":"https:\/\/folkbat.se\/wordpress\/?cat=1"},"img":{"alt_text":"","src":"https:\/\/i0.wp.com\/folkbat.se\/wordpress\/wp-content\/uploads\/2025\/08\/30-Anders-Olsen-Folkbat.jpg?fit=700%2C540&ssl=1&resize=350%2C200","width":350,"height":200,"srcset":"https:\/\/i0.wp.com\/folkbat.se\/wordpress\/wp-content\/uploads\/2025\/08\/30-Anders-Olsen-Folkbat.jpg?fit=700%2C540&ssl=1&resize=350%2C200 1x, https:\/\/i0.wp.com\/folkbat.se\/wordpress\/wp-content\/uploads\/2025\/08\/30-Anders-Olsen-Folkbat.jpg?fit=700%2C540&ssl=1&resize=525%2C300 1.5x, https:\/\/i0.wp.com\/folkbat.se\/wordpress\/wp-content\/uploads\/2025\/08\/30-Anders-Olsen-Folkbat.jpg?fit=700%2C540&ssl=1&resize=700%2C400 2x"},"classes":[]}],"_links":{"self":[{"href":"https:\/\/folkbat.se\/wordpress\/index.php?rest_route=\/wp\/v2\/posts\/1268","targetHints":{"allow":["GET"]}}],"collection":[{"href":"https:\/\/folkbat.se\/wordpress\/index.php?rest_route=\/wp\/v2\/posts"}],"about":[{"href":"https:\/\/folkbat.se\/wordpress\/index.php?rest_route=\/wp\/v2\/types\/post"}],"author":[{"embeddable":true,"href":"https:\/\/folkbat.se\/wordpress\/index.php?rest_route=\/wp\/v2\/users\/1"}],"replies":[{"embeddable":true,"href":"https:\/\/folkbat.se\/wordpress\/index.php?rest_route=%2Fwp%2Fv2%2Fcomments&post=1268"}],"version-history":[{"count":4,"href":"https:\/\/folkbat.se\/wordpress\/index.php?rest_route=\/wp\/v2\/posts\/1268\/revisions"}],"predecessor-version":[{"id":1273,"href":"https:\/\/folkbat.se\/wordpress\/index.php?rest_route=\/wp\/v2\/posts\/1268\/revisions\/1273"}],"wp:attachment":[{"href":"https:\/\/folkbat.se\/wordpress\/index.php?rest_route=%2Fwp%2Fv2%2Fmedia&parent=1268"}],"wp:term":[{"taxonomy":"category","embeddable":true,"href":"https:\/\/folkbat.se\/wordpress\/index.php?rest_route=%2Fwp%2Fv2%2Fcategories&post=1268"},{"taxonomy":"post_tag","embeddable":true,"href":"https:\/\/folkbat.se\/wordpress\/index.php?rest_route=%2Fwp%2Fv2%2Ftags&post=1268"}],"curies":[{"name":"wp","href":"https:\/\/api.w.org\/{rel}","templated":true}]}}