{"id":1285,"date":"2017-05-07T10:32:57","date_gmt":"2017-05-07T08:32:57","guid":{"rendered":"http:\/\/folkbat.se\/wordpress\/?p=1285"},"modified":"2017-05-07T10:32:57","modified_gmt":"2017-05-07T08:32:57","slug":"rapport-fran-folkbatens-dag","status":"publish","type":"post","link":"https:\/\/folkbat.se\/wordpress\/?p=1285","title":{"rendered":"Rapport fr\u00e5n Folkb\u00e5tens dag"},"content":{"rendered":"<figure id=\"attachment_1288\" aria-describedby=\"caption-attachment-1288\" style=\"width: 500px\" class=\"wp-caption alignright\"><img data-recalc-dims=\"1\" loading=\"lazy\" decoding=\"async\" data-attachment-id=\"1288\" data-permalink=\"https:\/\/folkbat.se\/wordpress\/?attachment_id=1288\" data-orig-file=\"https:\/\/i0.wp.com\/folkbat.se\/wordpress\/wp-content\/uploads\/2017\/05\/DSC_0065.jpg?fit=3872%2C2592&amp;ssl=1\" data-orig-size=\"3872,2592\" data-comments-opened=\"1\" data-image-meta=\"{&quot;aperture&quot;:&quot;8&quot;,&quot;credit&quot;:&quot;&quot;,&quot;camera&quot;:&quot;NIKON D200&quot;,&quot;caption&quot;:&quot;&quot;,&quot;created_timestamp&quot;:&quot;1492861474&quot;,&quot;copyright&quot;:&quot;&quot;,&quot;focal_length&quot;:&quot;50&quot;,&quot;iso&quot;:&quot;100&quot;,&quot;shutter_speed&quot;:&quot;0.004&quot;,&quot;title&quot;:&quot;&quot;,&quot;orientation&quot;:&quot;1&quot;}\" data-image-title=\"DSC_0065\" data-image-description=\"\" data-image-caption=\"&lt;p&gt;Idel \u00e4del adel n\u00e4r Folkb\u00e5ten firades i G\u00f6teborg den 22 april.&lt;\/p&gt;\n\" data-large-file=\"https:\/\/i0.wp.com\/folkbat.se\/wordpress\/wp-content\/uploads\/2017\/05\/DSC_0065.jpg?fit=779%2C521&amp;ssl=1\" src=\"https:\/\/i0.wp.com\/folkbat.se\/wordpress\/wp-content\/uploads\/2017\/05\/DSC_0065.jpg?resize=500%2C334&#038;ssl=1\" alt=\"\" width=\"500\" height=\"334\" class=\"size-large wp-image-1288\" srcset=\"https:\/\/i0.wp.com\/folkbat.se\/wordpress\/wp-content\/uploads\/2017\/05\/DSC_0065.jpg?resize=1024%2C685&amp;ssl=1 1024w, https:\/\/i0.wp.com\/folkbat.se\/wordpress\/wp-content\/uploads\/2017\/05\/DSC_0065.jpg?resize=500%2C335&amp;ssl=1 500w, https:\/\/i0.wp.com\/folkbat.se\/wordpress\/wp-content\/uploads\/2017\/05\/DSC_0065.jpg?resize=768%2C514&amp;ssl=1 768w, https:\/\/i0.wp.com\/folkbat.se\/wordpress\/wp-content\/uploads\/2017\/05\/DSC_0065.jpg?resize=800%2C536&amp;ssl=1 800w, https:\/\/i0.wp.com\/folkbat.se\/wordpress\/wp-content\/uploads\/2017\/05\/DSC_0065.jpg?w=1558&amp;ssl=1 1558w, https:\/\/i0.wp.com\/folkbat.se\/wordpress\/wp-content\/uploads\/2017\/05\/DSC_0065.jpg?w=2337&amp;ssl=1 2337w\" sizes=\"auto, (max-width: 500px) 100vw, 500px\" \/><figcaption id=\"caption-attachment-1288\" class=\"wp-caption-text\">Idel \u00e4del adel n\u00e4r Folkb\u00e5ten firades i G\u00f6teborg den 22 april.<\/figcaption><\/figure>\n<p>Mer \u00e4n 25 personer hade h\u00f6rsammat v\u00e4stkustflottiljens inbjudan till f\u00f6delsedagskallas. Folk fr\u00e5n ostkusten d\u00f6k upp och inte minst storfr\u00e4mmande fr\u00e5n Danmark, NFIA:s ordf\u00f6rande S\u00f8ren K\u00e6stel med fru. Alla tr\u00e4ffades i L\u00e5ngedrags SS klubbhus p\u00e5 f\u00f6rmiddagen, och d\u00e4rifr\u00e5n ut till Hisingen till varvet som var platsen f\u00f6r dopet f\u00f6r 75 \u00e5r sedan.<\/p>\n<p><figure id=\"attachment_1291\" aria-describedby=\"caption-attachment-1291\" style=\"width: 500px\" class=\"wp-caption alignright\"><img data-recalc-dims=\"1\" loading=\"lazy\" decoding=\"async\" data-attachment-id=\"1291\" data-permalink=\"https:\/\/folkbat.se\/wordpress\/?attachment_id=1291\" data-orig-file=\"https:\/\/i0.wp.com\/folkbat.se\/wordpress\/wp-content\/uploads\/2017\/05\/DSC_0066.jpg?fit=3872%2C2592&amp;ssl=1\" data-orig-size=\"3872,2592\" data-comments-opened=\"1\" data-image-meta=\"{&quot;aperture&quot;:&quot;7.1&quot;,&quot;credit&quot;:&quot;&quot;,&quot;camera&quot;:&quot;NIKON D200&quot;,&quot;caption&quot;:&quot;&quot;,&quot;created_timestamp&quot;:&quot;1492863214&quot;,&quot;copyright&quot;:&quot;&quot;,&quot;focal_length&quot;:&quot;50&quot;,&quot;iso&quot;:&quot;100&quot;,&quot;shutter_speed&quot;:&quot;0.005&quot;,&quot;title&quot;:&quot;&quot;,&quot;orientation&quot;:&quot;1&quot;}\" data-image-title=\"DSC_0066\" data-image-description=\"\" data-image-caption=\"&lt;p&gt;Utsikt mot platsen d\u00e4r Br\u00f6derna Olssons varv i Arendal l\u00e5g.&lt;\/p&gt;\n\" data-large-file=\"https:\/\/i0.wp.com\/folkbat.se\/wordpress\/wp-content\/uploads\/2017\/05\/DSC_0066.jpg?fit=779%2C521&amp;ssl=1\" src=\"https:\/\/i0.wp.com\/folkbat.se\/wordpress\/wp-content\/uploads\/2017\/05\/DSC_0066.jpg?resize=500%2C334&#038;ssl=1\" alt=\"\" width=\"500\" height=\"334\" class=\"size-large wp-image-1291\" srcset=\"https:\/\/i0.wp.com\/folkbat.se\/wordpress\/wp-content\/uploads\/2017\/05\/DSC_0066.jpg?resize=1024%2C685&amp;ssl=1 1024w, https:\/\/i0.wp.com\/folkbat.se\/wordpress\/wp-content\/uploads\/2017\/05\/DSC_0066.jpg?resize=500%2C335&amp;ssl=1 500w, https:\/\/i0.wp.com\/folkbat.se\/wordpress\/wp-content\/uploads\/2017\/05\/DSC_0066.jpg?resize=768%2C514&amp;ssl=1 768w, https:\/\/i0.wp.com\/folkbat.se\/wordpress\/wp-content\/uploads\/2017\/05\/DSC_0066.jpg?resize=800%2C536&amp;ssl=1 800w, https:\/\/i0.wp.com\/folkbat.se\/wordpress\/wp-content\/uploads\/2017\/05\/DSC_0066.jpg?w=1558&amp;ssl=1 1558w, https:\/\/i0.wp.com\/folkbat.se\/wordpress\/wp-content\/uploads\/2017\/05\/DSC_0066.jpg?w=2337&amp;ssl=1 2337w\" sizes=\"auto, (max-width: 500px) 100vw, 500px\" \/><figcaption id=\"caption-attachment-1291\" class=\"wp-caption-text\">Utsikt mot platsen d\u00e4r Br\u00f6derna Olssons varv i Arendal l\u00e5g.<\/figcaption><\/figure><br \/>\nProblemet var bara att varvet var borta och ersatt av en containerhamn. Man fick iallafall trampa p\u00e5 historisk mark, detta under en del skratt. Tillbaka till klubbhuset d\u00e4r det bj\u00f6ds p\u00e5 buff\u00e9, nostalgisnack och bildspel. Nog var det ett v\u00e4rdigt s\u00e4tt att fira v\u00e5r fina dam!<\/p>\n<p>Mer bilder finns i ett album p\u00e5 <a href=\"https:\/\/www.facebook.com\/pg\/folkbat.se\/photos\/?tab=album&#038;album_id=10154262241556086\">Svenska Folkb\u00e5tsf\u00f6rbundets sida<\/a>.<\/p>\n<p>\/Rolf<\/p>\n","protected":false},"excerpt":{"rendered":"<p>Mer \u00e4n 25 personer hade h\u00f6rsammat v\u00e4stkustflottiljens inbjudan till f\u00f6delsedagskallas. Folk fr\u00e5n ostkusten d\u00f6k upp och inte minst storfr\u00e4mmande fr\u00e5n Danmark, NFIA:s ordf\u00f6rande S\u00f8ren K\u00e6stel med fru. Alla tr\u00e4ffades i L\u00e5ngedrags SS klubbhus p\u00e5 f\u00f6rmiddagen, och d\u00e4rifr\u00e5n ut till Hisingen&hellip; <a href=\"https:\/\/folkbat.se\/wordpress\/?p=1285\" class=\"apace-readmore-link\"><span class=\"screen-reader-text\">Rapport fr\u00e5n Folkb\u00e5tens dag<\/span>L\u00e4s mer<\/a><\/p>\n","protected":false},"author":1,"featured_media":0,"comment_status":"open","ping_status":"open","sticky":false,"template":"","format":"standard","meta":{"jetpack_post_was_ever_published":false,"_jetpack_newsletter_access":"","_jetpack_dont_email_post_to_subs":false,"_jetpack_newsletter_tier_id":0,"_jetpack_memberships_contains_paywalled_content":false,"_jetpack_memberships_contains_paid_content":false,"footnotes":"","jetpack_publicize_message":"","jetpack_publicize_feature_enabled":true,"jetpack_social_post_already_shared":true,"jetpack_social_options":{"image_generator_settings":{"template":"highway","default_image_id":0,"font":"","enabled":false},"version":2}},"categories":[1,46],"tags":[48],"class_list":["post-1285","post","type-post","status-publish","format-standard","hentry","category-nyheter","category-vastkustens-folkbatsflottilj","tag-75-arsjubileum"],"jetpack_publicize_connections":[],"jetpack_featured_media_url":"","jetpack_sharing_enabled":true,"jetpack_shortlink":"https:\/\/wp.me\/p5CsWc-kJ","jetpack-related-posts":[{"id":1395,"url":"https:\/\/folkbat.se\/wordpress\/?p=1395","url_meta":{"origin":1285,"position":0},"title":"Karlskronab\u00e5t svenska m\u00e4stare","author":"Webbmaster","date":"10 juli 2017","format":false,"excerpt":"Under den g\u00e5ngna helgen arrangerades det 53:e Svenska m\u00e4sterskapet i Folkb\u00e5t med i Halmstad. Efter tre dagars seglingar i l\u00e4tta vindar stod det klart att SM-debutanten 1328 Slagh\u00f6ken II fr\u00e5n Karlskrona SS, Magnus Johansson, Anders Cederblad och Jonas Konrad var b\u00e4sta svenska m\u00e4stare och b\u00e4sta svenska bes\u00e4ttning med en total\u2026","rel":"","context":"I \u201dNyheter\u201d","block_context":{"text":"Nyheter","link":"https:\/\/folkbat.se\/wordpress\/?cat=1"},"img":{"alt_text":"","src":"https:\/\/i0.wp.com\/folkbat.se\/wordpress\/wp-content\/uploads\/2017\/07\/IMG_9102.jpg?fit=1200%2C900&ssl=1&resize=350%2C200","width":350,"height":200,"srcset":"https:\/\/i0.wp.com\/folkbat.se\/wordpress\/wp-content\/uploads\/2017\/07\/IMG_9102.jpg?fit=1200%2C900&ssl=1&resize=350%2C200 1x, https:\/\/i0.wp.com\/folkbat.se\/wordpress\/wp-content\/uploads\/2017\/07\/IMG_9102.jpg?fit=1200%2C900&ssl=1&resize=525%2C300 1.5x, https:\/\/i0.wp.com\/folkbat.se\/wordpress\/wp-content\/uploads\/2017\/07\/IMG_9102.jpg?fit=1200%2C900&ssl=1&resize=700%2C400 2x, https:\/\/i0.wp.com\/folkbat.se\/wordpress\/wp-content\/uploads\/2017\/07\/IMG_9102.jpg?fit=1200%2C900&ssl=1&resize=1050%2C600 3x"},"classes":[]},{"id":1326,"url":"https:\/\/folkbat.se\/wordpress\/?p=1326","url_meta":{"origin":1285,"position":1},"title":"Seglingspropaganda p\u00e5 nationaldagen","author":"Webbmaster","date":"8 juni 2017","format":false,"excerpt":"Den sj\u00e4tte juni p\u00e5 sj\u00e4lvaste nationaldagen avgjordes Search Magazine classic yacht challenge. Tre lag gjorde upp om Search Magazines Sj\u00f6jungfrustaty utanf\u00f6r Vikingarnas Segels\u00e4llskaps Klubbhus p\u00e5 Lilla V\u00e4rtan. De inledande kontakterna mellan Search Magazine och Svenska Folkb\u00e5tsf\u00f6rbundet togs p\u00e5 B\u00e5tm\u00e4ssan i \u00c4lvsj\u00f6 och efter konsultation med Vikingarnas Segels\u00e4llskap genomarbetades en ram\u2026","rel":"","context":"I \u201dNyheter\u201d","block_context":{"text":"Nyheter","link":"https:\/\/folkbat.se\/wordpress\/?cat=1"},"img":{"alt_text":"","src":"https:\/\/i0.wp.com\/folkbat.se\/wordpress\/wp-content\/uploads\/2017\/06\/Search_1-1024x768.jpg?resize=350%2C200","width":350,"height":200},"classes":[]},{"id":3554,"url":"https:\/\/folkbat.se\/wordpress\/?p=3554","url_meta":{"origin":1285,"position":2},"title":"OFK:s julbord","author":"Webbmaster","date":"2 december 2023","format":false,"excerpt":"Ostkustens Folkb\u00e5tsklubb inbjuder gamla och nya folkb\u00e5tsseglare till julbord 13 december. Anm\u00e4lan till Anders Olsen, 070-391 75 22. Begr\u00e4nsat antal platser.","rel":"","context":"I \u201dNyheter\u201d","block_context":{"text":"Nyheter","link":"https:\/\/folkbat.se\/wordpress\/?cat=1"},"img":{"alt_text":"","src":"https:\/\/i0.wp.com\/folkbat.se\/wordpress\/wp-content\/uploads\/2023\/12\/julbord-1.jpg?fit=794%2C1123&ssl=1&resize=350%2C200","width":350,"height":200,"srcset":"https:\/\/i0.wp.com\/folkbat.se\/wordpress\/wp-content\/uploads\/2023\/12\/julbord-1.jpg?fit=794%2C1123&ssl=1&resize=350%2C200 1x, https:\/\/i0.wp.com\/folkbat.se\/wordpress\/wp-content\/uploads\/2023\/12\/julbord-1.jpg?fit=794%2C1123&ssl=1&resize=525%2C300 1.5x, https:\/\/i0.wp.com\/folkbat.se\/wordpress\/wp-content\/uploads\/2023\/12\/julbord-1.jpg?fit=794%2C1123&ssl=1&resize=700%2C400 2x"},"classes":[]},{"id":1218,"url":"https:\/\/folkbat.se\/wordpress\/?p=1218","url_meta":{"origin":1285,"position":3},"title":"Tv\u00e5 folkb\u00e5tar p\u00e5 b\u00e5tm\u00e4ssan Allt f\u00f6r Sj\u00f6n i Stockholm","author":"Webbmaster","date":"28 februari 2017","format":false,"excerpt":"Att folkb\u00e5ten firar 75 \u00e5r kommer att firas p\u00e5 m\u00e5nga s\u00e4tt under \u00e5ret \u2013 nu under helgen och kommande vecka st\u00e4lls tv\u00e5 folkb\u00e5tar ut p\u00e5 b\u00e5tm\u00e4ssan Allt f\u00f6r sj\u00f6n. SWE 2 Jo-Jo och SWE 1358 Sj\u00f6jungfrun kommer att st\u00e5 bredvid varandra i A-hallen monter A06:21. \u00d6ppettider Fredag 3 mars kl\u2026","rel":"","context":"I \u201dNyheter\u201d","block_context":{"text":"Nyheter","link":"https:\/\/folkbat.se\/wordpress\/?cat=1"},"img":{"alt_text":"","src":"https:\/\/i0.wp.com\/folkbat.se\/wordpress\/wp-content\/uploads\/2017\/02\/IMG_3211-768x768.jpg?resize=350%2C200","width":350,"height":200},"classes":[]},{"id":1260,"url":"https:\/\/folkbat.se\/wordpress\/?p=1260","url_meta":{"origin":1285,"position":4},"title":"Folkb\u00e5tsnytt nummer 1 2017 p\u00e5 v\u00e4g!","author":"Webbmaster","date":"8 april 2017","format":false,"excerpt":"Redaktionen l\u00e5ter h\u00e4lsa att Folkb\u00e5tsnytt nummer ett har lagts p\u00e5 l\u00e5dan och snart n\u00e5r medlemmarna. En text gl\u00f6mdes av redaktionen och kom tyv\u00e4rr inte med i numret, den f\u00f6ljer ist\u00e4llet h\u00e4r: V\u00e4stkusten 2016 f\u00e5r vi nog kalla en riktig l\u00e5gs\u00e4song h\u00e4r i v\u00e4st. Deltagarantalet p\u00e5 v\u00e5ra seglingar har varit osedvanligt\u2026","rel":"","context":"I \u201dNyheter\u201d","block_context":{"text":"Nyheter","link":"https:\/\/folkbat.se\/wordpress\/?cat=1"},"img":{"alt_text":"","src":"https:\/\/i0.wp.com\/folkbat.se\/wordpress\/wp-content\/uploads\/2017\/04\/1-2017-543x768.jpg?resize=350%2C200","width":350,"height":200},"classes":[]},{"id":667,"url":"https:\/\/folkbat.se\/wordpress\/?p=667","url_meta":{"origin":1285,"position":5},"title":"Folkb\u00e5tsregister \u00e4r nu uppe","author":"Webbmaster","date":"9 september 2015","format":false,"excerpt":"Nu finns Folkb\u00e5tsregister, det nya registret \u00f6ver folkb\u00e5tar p\u00e5 Folkb\u00e5tsf\u00f6rbundets hemsida. Registret inneh\u00e5ller information om folkb\u00e5tar, folkb\u00e5tsbyggare, folkb\u00e5tskappseglingar och folkb\u00e5tsseglare. F\u00f6r n\u00e4stan alla svenska folkb\u00e5tar finns det information om byggare och bygg\u00e5r, och f\u00f6r vissa \u00e4ven mer information som till exempel 1375 Karoline. Mycket av informationen om folkb\u00e5tars byggare och\u2026","rel":"","context":"I \u201dNyheter\u201d","block_context":{"text":"Nyheter","link":"https:\/\/folkbat.se\/wordpress\/?cat=1"},"img":{"alt_text":"","src":"","width":0,"height":0},"classes":[]}],"_links":{"self":[{"href":"https:\/\/folkbat.se\/wordpress\/index.php?rest_route=\/wp\/v2\/posts\/1285","targetHints":{"allow":["GET"]}}],"collection":[{"href":"https:\/\/folkbat.se\/wordpress\/index.php?rest_route=\/wp\/v2\/posts"}],"about":[{"href":"https:\/\/folkbat.se\/wordpress\/index.php?rest_route=\/wp\/v2\/types\/post"}],"author":[{"embeddable":true,"href":"https:\/\/folkbat.se\/wordpress\/index.php?rest_route=\/wp\/v2\/users\/1"}],"replies":[{"embeddable":true,"href":"https:\/\/folkbat.se\/wordpress\/index.php?rest_route=%2Fwp%2Fv2%2Fcomments&post=1285"}],"version-history":[{"count":6,"href":"https:\/\/folkbat.se\/wordpress\/index.php?rest_route=\/wp\/v2\/posts\/1285\/revisions"}],"predecessor-version":[{"id":1293,"href":"https:\/\/folkbat.se\/wordpress\/index.php?rest_route=\/wp\/v2\/posts\/1285\/revisions\/1293"}],"wp:attachment":[{"href":"https:\/\/folkbat.se\/wordpress\/index.php?rest_route=%2Fwp%2Fv2%2Fmedia&parent=1285"}],"wp:term":[{"taxonomy":"category","embeddable":true,"href":"https:\/\/folkbat.se\/wordpress\/index.php?rest_route=%2Fwp%2Fv2%2Fcategories&post=1285"},{"taxonomy":"post_tag","embeddable":true,"href":"https:\/\/folkbat.se\/wordpress\/index.php?rest_route=%2Fwp%2Fv2%2Ftags&post=1285"}],"curies":[{"name":"wp","href":"https:\/\/api.w.org\/{rel}","templated":true}]}}