{"id":1313,"date":"2017-05-30T15:03:30","date_gmt":"2017-05-30T13:03:30","guid":{"rendered":"http:\/\/folkbat.se\/wordpress\/?p=1313"},"modified":"2017-06-08T13:51:56","modified_gmt":"2017-06-08T11:51:56","slug":"anmalningslaget-infor-sommarens-kappseglingar","status":"publish","type":"post","link":"https:\/\/folkbat.se\/wordpress\/?p=1313","title":{"rendered":"Anm\u00e4lningsl\u00e4get inf\u00f6r sommarens kappseglingar"},"content":{"rendered":"<p><strong>Anm\u00e4lda Svenska m\u00e4sterskapet 5\u20138 juli<\/strong><br \/>\n2, 1089, 1239, 1254, 1274, 1282, 1290, 1307, 1311, 1358, 1373, 1390, 1393, D\u2013873, D\u2013972, D\u20131107, D\u20131130, G\u2013896, G\u20131095<br \/>\nF\u00f6ranm\u00e4lda b\u00e5tar: 676, 716, 830, 1187, 1255, 1303, 1323, 1328, 1354, 1355, 1394, 1942, D\u2013722<\/p>\n<p><strong>Anm\u00e4lda Guldpokalen 7\u201310 augusti (svenska b\u00e5tar)<\/strong><br \/>\n1307, 1328, 1390<\/p>\n","protected":false},"excerpt":{"rendered":"<p>Anm\u00e4lda Svenska m\u00e4sterskapet 5\u20138 juli 2, 1089, 1239, 1254, 1274, 1282, 1290, 1307, 1311, 1358, 1373, 1390, 1393, D\u2013873, D\u2013972, D\u20131107, D\u20131130, G\u2013896, G\u20131095 F\u00f6ranm\u00e4lda b\u00e5tar: 676, 716, 830, 1187, 1255, 1303, 1323, 1328, 1354, 1355, 1394, 1942, D\u2013722 Anm\u00e4lda&hellip; <a href=\"https:\/\/folkbat.se\/wordpress\/?p=1313\" class=\"apace-readmore-link\"><span class=\"screen-reader-text\">Anm\u00e4lningsl\u00e4get inf\u00f6r sommarens kappseglingar<\/span>L\u00e4s mer<\/a><\/p>\n","protected":false},"author":1,"featured_media":0,"comment_status":"open","ping_status":"open","sticky":false,"template":"","format":"standard","meta":{"jetpack_post_was_ever_published":false,"_jetpack_newsletter_access":"","_jetpack_dont_email_post_to_subs":false,"_jetpack_newsletter_tier_id":0,"_jetpack_memberships_contains_paywalled_content":false,"_jetpack_memberships_contains_paid_content":false,"footnotes":"","jetpack_publicize_message":"","jetpack_publicize_feature_enabled":true,"jetpack_social_post_already_shared":true,"jetpack_social_options":{"image_generator_settings":{"template":"highway","default_image_id":0,"font":"","enabled":false},"version":2}},"categories":[1],"tags":[],"class_list":["post-1313","post","type-post","status-publish","format-standard","hentry","category-nyheter"],"jetpack_publicize_connections":[],"jetpack_featured_media_url":"","jetpack_sharing_enabled":true,"jetpack_shortlink":"https:\/\/wp.me\/p5CsWc-lb","jetpack-related-posts":[{"id":1660,"url":"https:\/\/folkbat.se\/wordpress\/?p=1660","url_meta":{"origin":1313,"position":0},"title":"30 anm\u00e4lda till Guldpokalen, 25 till SM","author":"Webbmaster","date":"24 april 2018","format":false,"excerpt":"Med 70 dagar kvar till Folkb\u00e5tssommarens stora evenemang \u00e4r anm\u00e4lningsl\u00e4get f\u00f6ljande: Guldpokalen \u2013 30 folkb\u00e5tar408, 750, 1249, 1255, 1274, 1289, 1290, 1323, 1328, 1335, 1354, 1358, 1373, 1390, 1393, DEN 693, DEN 873, DEN 926, DEN 1107, DEN 1130, FIN 300, FIN 302, FIN 349, FIN 367, GBR\u2013673, GER 466,\u2026","rel":"","context":"I \u201dNyheter\u201d","block_context":{"text":"Nyheter","link":"https:\/\/folkbat.se\/wordpress\/?cat=1"},"img":{"alt_text":"","src":"https:\/\/i0.wp.com\/folkbat.se\/wordpress\/wp-content\/uploads\/2018\/04\/72.jpg?resize=350%2C200&ssl=1","width":350,"height":200,"srcset":"https:\/\/i0.wp.com\/folkbat.se\/wordpress\/wp-content\/uploads\/2018\/04\/72.jpg?resize=350%2C200&ssl=1 1x, https:\/\/i0.wp.com\/folkbat.se\/wordpress\/wp-content\/uploads\/2018\/04\/72.jpg?resize=525%2C300&ssl=1 1.5x, https:\/\/i0.wp.com\/folkbat.se\/wordpress\/wp-content\/uploads\/2018\/04\/72.jpg?resize=700%2C400&ssl=1 2x, https:\/\/i0.wp.com\/folkbat.se\/wordpress\/wp-content\/uploads\/2018\/04\/72.jpg?resize=1050%2C600&ssl=1 3x, https:\/\/i0.wp.com\/folkbat.se\/wordpress\/wp-content\/uploads\/2018\/04\/72.jpg?resize=1400%2C800&ssl=1 4x"},"classes":[]},{"id":259,"url":"https:\/\/folkbat.se\/wordpress\/?p=259","url_meta":{"origin":1313,"position":1},"title":"SM-koll","author":"Webbmaster","date":"9 juni 2015","format":false,"excerpt":"\u00c5rets Svenska m\u00e4sterskap n\u00e4rmar sig med stormsteg och med fem dagar kvar av den ordinarie anm\u00e4lningstiden (till 14 juni) \u00e4r\u00a0hittills 18 b\u00e5tar anm\u00e4lda till Ljungskile: 2, 449, 830, 1239, 1271, 1290, 1307, 1311, 1335, 1354, 1358, 1388, 1390, 1942, DEN 66, DEN 722, DEN 873, DEN 972. Ljungskileseglarna undrar om\u2026","rel":"","context":"I \u201dNyheter\u201d","block_context":{"text":"Nyheter","link":"https:\/\/folkbat.se\/wordpress\/?cat=1"},"img":{"alt_text":"","src":"","width":0,"height":0},"classes":[]},{"id":3395,"url":"https:\/\/folkbat.se\/wordpress\/?p=3395","url_meta":{"origin":1313,"position":2},"title":"Anm\u00e4lan SM","author":"Webbmaster","date":"28 juni 2023","format":false,"excerpt":"Ordinarie anm\u00e4lningstid och -avgift f\u00f6r Svenska m\u00e4sterskapet f\u00f6r Nordisk folkb\u00e5t i V\u00e4stervik i augusti \u00e4r f\u00f6rl\u00e4ngd till 15 juli. Anm\u00e4l dig s\u00e5 snart om m\u00f6jligt om du redan har best\u00e4mt dig f\u00f6r att segla. Tidigare anm\u00e4lan g\u00f6r det l\u00e4ttare f\u00f6r arrang\u00f6ren att planera ett bra evenemang f\u00f6r oss. Anm\u00e4lda b\u00e5tar:\u2026","rel":"","context":"I \u201dNyheter\u201d","block_context":{"text":"Nyheter","link":"https:\/\/folkbat.se\/wordpress\/?cat=1"},"img":{"alt_text":"","src":"https:\/\/i0.wp.com\/folkbat.se\/wordpress\/wp-content\/uploads\/2023\/06\/IMG_1212.jpg?fit=750%2C750&ssl=1&resize=350%2C200","width":350,"height":200,"srcset":"https:\/\/i0.wp.com\/folkbat.se\/wordpress\/wp-content\/uploads\/2023\/06\/IMG_1212.jpg?fit=750%2C750&ssl=1&resize=350%2C200 1x, https:\/\/i0.wp.com\/folkbat.se\/wordpress\/wp-content\/uploads\/2023\/06\/IMG_1212.jpg?fit=750%2C750&ssl=1&resize=525%2C300 1.5x, https:\/\/i0.wp.com\/folkbat.se\/wordpress\/wp-content\/uploads\/2023\/06\/IMG_1212.jpg?fit=750%2C750&ssl=1&resize=700%2C400 2x"},"classes":[]},{"id":1395,"url":"https:\/\/folkbat.se\/wordpress\/?p=1395","url_meta":{"origin":1313,"position":3},"title":"Karlskronab\u00e5t svenska m\u00e4stare","author":"Webbmaster","date":"10 juli 2017","format":false,"excerpt":"Under den g\u00e5ngna helgen arrangerades det 53:e Svenska m\u00e4sterskapet i Folkb\u00e5t med i Halmstad. Efter tre dagars seglingar i l\u00e4tta vindar stod det klart att SM-debutanten 1328 Slagh\u00f6ken II fr\u00e5n Karlskrona SS, Magnus Johansson, Anders Cederblad och Jonas Konrad var b\u00e4sta svenska m\u00e4stare och b\u00e4sta svenska bes\u00e4ttning med en total\u2026","rel":"","context":"I \u201dNyheter\u201d","block_context":{"text":"Nyheter","link":"https:\/\/folkbat.se\/wordpress\/?cat=1"},"img":{"alt_text":"","src":"https:\/\/i0.wp.com\/folkbat.se\/wordpress\/wp-content\/uploads\/2017\/07\/IMG_9102.jpg?fit=1200%2C900&ssl=1&resize=350%2C200","width":350,"height":200,"srcset":"https:\/\/i0.wp.com\/folkbat.se\/wordpress\/wp-content\/uploads\/2017\/07\/IMG_9102.jpg?fit=1200%2C900&ssl=1&resize=350%2C200 1x, https:\/\/i0.wp.com\/folkbat.se\/wordpress\/wp-content\/uploads\/2017\/07\/IMG_9102.jpg?fit=1200%2C900&ssl=1&resize=525%2C300 1.5x, https:\/\/i0.wp.com\/folkbat.se\/wordpress\/wp-content\/uploads\/2017\/07\/IMG_9102.jpg?fit=1200%2C900&ssl=1&resize=700%2C400 2x, https:\/\/i0.wp.com\/folkbat.se\/wordpress\/wp-content\/uploads\/2017\/07\/IMG_9102.jpg?fit=1200%2C900&ssl=1&resize=1050%2C600 3x"},"classes":[]},{"id":3002,"url":"https:\/\/folkbat.se\/wordpress\/?p=3002","url_meta":{"origin":1313,"position":4},"title":"Emilie svensk m\u00e4stare","author":"Webbmaster","date":"13 augusti 2022","format":false,"excerpt":"Svenska m\u00e4starna 1390 Emilie. Foto: Bjarne J\u00f6nsson 1390 Emilie, L\u00e5ngedrags SS, tar hem 2022 \u00e5rs svenska m\u00e4sterskap som avgjordes i Ystad torsdag till l\u00f6rdag. Lennart Magnusson, Mats Brodefors & Kjell V\u00e5gfelt, L\u00e5ngedrags SS heter de nya svenska m\u00e4starna som vann efter en rafflande avslutning. Foto: Jonas Lindstr\u00f6m Det 20 b\u00e5tar\u2026","rel":"","context":"I \u201dKappsegling\u201d","block_context":{"text":"Kappsegling","link":"https:\/\/folkbat.se\/wordpress\/?cat=58"},"img":{"alt_text":"","src":"https:\/\/i0.wp.com\/folkbat.se\/wordpress\/wp-content\/uploads\/2022\/08\/299158856_10228741339463101_1714515817691008423_n.jpg?fit=1200%2C800&ssl=1&resize=350%2C200","width":350,"height":200,"srcset":"https:\/\/i0.wp.com\/folkbat.se\/wordpress\/wp-content\/uploads\/2022\/08\/299158856_10228741339463101_1714515817691008423_n.jpg?fit=1200%2C800&ssl=1&resize=350%2C200 1x, https:\/\/i0.wp.com\/folkbat.se\/wordpress\/wp-content\/uploads\/2022\/08\/299158856_10228741339463101_1714515817691008423_n.jpg?fit=1200%2C800&ssl=1&resize=525%2C300 1.5x, https:\/\/i0.wp.com\/folkbat.se\/wordpress\/wp-content\/uploads\/2022\/08\/299158856_10228741339463101_1714515817691008423_n.jpg?fit=1200%2C800&ssl=1&resize=700%2C400 2x, https:\/\/i0.wp.com\/folkbat.se\/wordpress\/wp-content\/uploads\/2022\/08\/299158856_10228741339463101_1714515817691008423_n.jpg?fit=1200%2C800&ssl=1&resize=1050%2C600 3x"},"classes":[]},{"id":1620,"url":"https:\/\/folkbat.se\/wordpress\/?p=1620","url_meta":{"origin":1313,"position":5},"title":"Ni har v\u00e4l inte gl\u00f6mt att anm\u00e4la er till SM och Guldpokalen?","author":"Webbmaster","date":"5 april 2018","format":false,"excerpt":"I och med den sena vintern \u00e4r det kanske en del som har gl\u00f6mt bort vad som sommar och segling \u00e4r f\u00f6r n\u00e5got. H\u00e4r kommer ett meddelande fr\u00e5n Simrishamns Segels\u00e4llskap om sommarens h\u00f6jdpunkt: F\u00f6reberedelserna inf\u00f6r SM Nordisk folkb\u00e5t och Gold Cup i Simrishamn i juli forts\u00e4tter. Det \u00e4r nu dags\u2026","rel":"","context":"I \u201dNyheter\u201d","block_context":{"text":"Nyheter","link":"https:\/\/folkbat.se\/wordpress\/?cat=1"},"img":{"alt_text":"","src":"https:\/\/i0.wp.com\/folkbat.se\/wordpress\/wp-content\/uploads\/2018\/04\/54-1-1024x664.jpg?resize=350%2C200","width":350,"height":200},"classes":[]}],"_links":{"self":[{"href":"https:\/\/folkbat.se\/wordpress\/index.php?rest_route=\/wp\/v2\/posts\/1313","targetHints":{"allow":["GET"]}}],"collection":[{"href":"https:\/\/folkbat.se\/wordpress\/index.php?rest_route=\/wp\/v2\/posts"}],"about":[{"href":"https:\/\/folkbat.se\/wordpress\/index.php?rest_route=\/wp\/v2\/types\/post"}],"author":[{"embeddable":true,"href":"https:\/\/folkbat.se\/wordpress\/index.php?rest_route=\/wp\/v2\/users\/1"}],"replies":[{"embeddable":true,"href":"https:\/\/folkbat.se\/wordpress\/index.php?rest_route=%2Fwp%2Fv2%2Fcomments&post=1313"}],"version-history":[{"count":4,"href":"https:\/\/folkbat.se\/wordpress\/index.php?rest_route=\/wp\/v2\/posts\/1313\/revisions"}],"predecessor-version":[{"id":1318,"href":"https:\/\/folkbat.se\/wordpress\/index.php?rest_route=\/wp\/v2\/posts\/1313\/revisions\/1318"}],"wp:attachment":[{"href":"https:\/\/folkbat.se\/wordpress\/index.php?rest_route=%2Fwp%2Fv2%2Fmedia&parent=1313"}],"wp:term":[{"taxonomy":"category","embeddable":true,"href":"https:\/\/folkbat.se\/wordpress\/index.php?rest_route=%2Fwp%2Fv2%2Fcategories&post=1313"},{"taxonomy":"post_tag","embeddable":true,"href":"https:\/\/folkbat.se\/wordpress\/index.php?rest_route=%2Fwp%2Fv2%2Ftags&post=1313"}],"curies":[{"name":"wp","href":"https:\/\/api.w.org\/{rel}","templated":true}]}}