{"id":1395,"date":"2017-07-10T12:02:13","date_gmt":"2017-07-10T10:02:13","guid":{"rendered":"http:\/\/folkbat.se\/wordpress\/?p=1395"},"modified":"2017-07-10T12:02:13","modified_gmt":"2017-07-10T10:02:13","slug":"karlskronabat-svenska-mastare","status":"publish","type":"post","link":"https:\/\/folkbat.se\/wordpress\/?p=1395","title":{"rendered":"Karlskronab\u00e5t svenska m\u00e4stare"},"content":{"rendered":"<figure id=\"attachment_1385\" aria-describedby=\"caption-attachment-1385\" style=\"width: 500px\" class=\"wp-caption alignright\"><img data-recalc-dims=\"1\" loading=\"lazy\" decoding=\"async\" data-attachment-id=\"1385\" data-permalink=\"https:\/\/folkbat.se\/wordpress\/?attachment_id=1385\" data-orig-file=\"https:\/\/i0.wp.com\/folkbat.se\/wordpress\/wp-content\/uploads\/2017\/07\/IMG_9102.jpg?fit=4032%2C3024&amp;ssl=1\" data-orig-size=\"4032,3024\" data-comments-opened=\"1\" data-image-meta=\"{&quot;aperture&quot;:&quot;2.2&quot;,&quot;credit&quot;:&quot;&quot;,&quot;camera&quot;:&quot;iPhone SE&quot;,&quot;caption&quot;:&quot;&quot;,&quot;created_timestamp&quot;:&quot;1499523493&quot;,&quot;copyright&quot;:&quot;&quot;,&quot;focal_length&quot;:&quot;4.15&quot;,&quot;iso&quot;:&quot;25&quot;,&quot;shutter_speed&quot;:&quot;0.00092336103416436&quot;,&quot;title&quot;:&quot;&quot;,&quot;orientation&quot;:&quot;1&quot;}\" data-image-title=\"IMG_9102\" data-image-description=\"\" data-image-caption=\"&lt;p&gt;Svenska m\u00e4starna 1328 Slagh\u00f6ken II i mitten&lt;\/p&gt;\n\" data-large-file=\"https:\/\/i0.wp.com\/folkbat.se\/wordpress\/wp-content\/uploads\/2017\/07\/IMG_9102.jpg?fit=779%2C584&amp;ssl=1\" src=\"https:\/\/i0.wp.com\/folkbat.se\/wordpress\/wp-content\/uploads\/2017\/07\/IMG_9102.jpg?resize=500%2C375&#038;ssl=1\" alt=\"\" width=\"500\" height=\"375\" class=\"size-large wp-image-1385\" srcset=\"https:\/\/i0.wp.com\/folkbat.se\/wordpress\/wp-content\/uploads\/2017\/07\/IMG_9102.jpg?resize=1024%2C768&amp;ssl=1 1024w, https:\/\/i0.wp.com\/folkbat.se\/wordpress\/wp-content\/uploads\/2017\/07\/IMG_9102.jpg?resize=500%2C375&amp;ssl=1 500w, https:\/\/i0.wp.com\/folkbat.se\/wordpress\/wp-content\/uploads\/2017\/07\/IMG_9102.jpg?resize=768%2C576&amp;ssl=1 768w, https:\/\/i0.wp.com\/folkbat.se\/wordpress\/wp-content\/uploads\/2017\/07\/IMG_9102.jpg?resize=800%2C600&amp;ssl=1 800w, https:\/\/i0.wp.com\/folkbat.se\/wordpress\/wp-content\/uploads\/2017\/07\/IMG_9102.jpg?w=1558&amp;ssl=1 1558w, https:\/\/i0.wp.com\/folkbat.se\/wordpress\/wp-content\/uploads\/2017\/07\/IMG_9102.jpg?w=2337&amp;ssl=1 2337w\" sizes=\"auto, (max-width: 500px) 100vw, 500px\" \/><figcaption id=\"caption-attachment-1385\" class=\"wp-caption-text\">Svenska m\u00e4starna 1328 Slagh\u00f6ken II i mitten<\/figcaption><\/figure>\n<p>Under den g\u00e5ngna helgen arrangerades det 53:e Svenska m\u00e4sterskapet i Folkb\u00e5t med i Halmstad. Efter tre dagars seglingar i l\u00e4tta vindar stod det klart att SM-debutanten 1328 <em>Slagh\u00f6ken II<\/em> fr\u00e5n Karlskrona SS, Magnus Johansson, Anders Cederblad och Jonas Konrad var b\u00e4sta svenska m\u00e4stare och b\u00e4sta svenska bes\u00e4ttning med en total tredjeplats i regattan.<\/p>\n<figure id=\"attachment_1389\" aria-describedby=\"caption-attachment-1389\" style=\"width: 500px\" class=\"wp-caption alignright\"><img data-recalc-dims=\"1\" loading=\"lazy\" decoding=\"async\" data-attachment-id=\"1389\" data-permalink=\"https:\/\/folkbat.se\/wordpress\/?attachment_id=1389\" data-orig-file=\"https:\/\/i0.wp.com\/folkbat.se\/wordpress\/wp-content\/uploads\/2017\/07\/IMG_9342-e1499677785868.jpg?fit=3024%2C4032&amp;ssl=1\" data-orig-size=\"3024,4032\" data-comments-opened=\"1\" data-image-meta=\"{&quot;aperture&quot;:&quot;2.2&quot;,&quot;credit&quot;:&quot;&quot;,&quot;camera&quot;:&quot;iPhone SE&quot;,&quot;caption&quot;:&quot;&quot;,&quot;created_timestamp&quot;:&quot;1499273475&quot;,&quot;copyright&quot;:&quot;&quot;,&quot;focal_length&quot;:&quot;4.15&quot;,&quot;iso&quot;:&quot;25&quot;,&quot;shutter_speed&quot;:&quot;0.00026001040041602&quot;,&quot;title&quot;:&quot;&quot;,&quot;orientation&quot;:&quot;6&quot;}\" data-image-title=\"IMG_9342\" data-image-description=\"\" data-image-caption=\"&lt;p&gt;33 folkb\u00e5tar gjorde upp om m\u00e4sterskapet.&lt;\/p&gt;\n\" data-large-file=\"https:\/\/i0.wp.com\/folkbat.se\/wordpress\/wp-content\/uploads\/2017\/07\/IMG_9342-e1499677785868.jpg?fit=576%2C768&amp;ssl=1\" src=\"https:\/\/i0.wp.com\/folkbat.se\/wordpress\/wp-content\/uploads\/2017\/07\/IMG_9342-e1499677785868-576x768.jpg?resize=500%2C667&#038;ssl=1\" alt=\"\" width=\"500\" height=\"667\" class=\"size-large wp-image-1389\" srcset=\"https:\/\/i0.wp.com\/folkbat.se\/wordpress\/wp-content\/uploads\/2017\/07\/IMG_9342-e1499677785868.jpg?resize=576%2C768&amp;ssl=1 576w, https:\/\/i0.wp.com\/folkbat.se\/wordpress\/wp-content\/uploads\/2017\/07\/IMG_9342-e1499677785868.jpg?resize=375%2C500&amp;ssl=1 375w, https:\/\/i0.wp.com\/folkbat.se\/wordpress\/wp-content\/uploads\/2017\/07\/IMG_9342-e1499677785868.jpg?resize=768%2C1024&amp;ssl=1 768w, https:\/\/i0.wp.com\/folkbat.se\/wordpress\/wp-content\/uploads\/2017\/07\/IMG_9342-e1499677785868.jpg?resize=600%2C800&amp;ssl=1 600w, https:\/\/i0.wp.com\/folkbat.se\/wordpress\/wp-content\/uploads\/2017\/07\/IMG_9342-e1499677785868.jpg?w=1558&amp;ssl=1 1558w, https:\/\/i0.wp.com\/folkbat.se\/wordpress\/wp-content\/uploads\/2017\/07\/IMG_9342-e1499677785868.jpg?w=2337&amp;ssl=1 2337w\" sizes=\"auto, (max-width: 500px) 100vw, 500px\" \/><figcaption id=\"caption-attachment-1389\" class=\"wp-caption-text\">33 folkb\u00e5tar gjorde upp om m\u00e4sterskapet.<\/figcaption><\/figure>\n<p>T\u00e4vlingarna lockade 33 b\u00e5tar fr\u00e5n Sverige, Danmark och Tyskland att ta sig till Halmstad, vilket \u00e4r flest under 2000-talet, mycket tack vare arrang\u00f6rens bra organisation och hj\u00e4lpsamhet mot seglarna. Vi fick \u00e4ven se \u00e5tta hemmab\u00e5tar p\u00e5 startlinjen.<\/p>\n<figure id=\"attachment_1386\" aria-describedby=\"caption-attachment-1386\" style=\"width: 500px\" class=\"wp-caption alignright\"><img data-recalc-dims=\"1\" loading=\"lazy\" decoding=\"async\" data-attachment-id=\"1386\" data-permalink=\"https:\/\/folkbat.se\/wordpress\/?attachment_id=1386\" data-orig-file=\"https:\/\/i0.wp.com\/folkbat.se\/wordpress\/wp-content\/uploads\/2017\/07\/IMG_5610.jpg?fit=4032%2C3024&amp;ssl=1\" data-orig-size=\"4032,3024\" data-comments-opened=\"1\" data-image-meta=\"{&quot;aperture&quot;:&quot;2.2&quot;,&quot;credit&quot;:&quot;&quot;,&quot;camera&quot;:&quot;iPhone SE&quot;,&quot;caption&quot;:&quot;&quot;,&quot;created_timestamp&quot;:&quot;1499522999&quot;,&quot;copyright&quot;:&quot;&quot;,&quot;focal_length&quot;:&quot;4.15&quot;,&quot;iso&quot;:&quot;25&quot;,&quot;shutter_speed&quot;:&quot;0.00052002080083203&quot;,&quot;title&quot;:&quot;&quot;,&quot;orientation&quot;:&quot;1&quot;}\" data-image-title=\"IMG_5610\" data-image-description=\"\" data-image-caption=\"&lt;p&gt;Snabbast var 55 Kajka i mitten&lt;\/p&gt;\n\" data-large-file=\"https:\/\/i0.wp.com\/folkbat.se\/wordpress\/wp-content\/uploads\/2017\/07\/IMG_5610.jpg?fit=779%2C584&amp;ssl=1\" src=\"https:\/\/i0.wp.com\/folkbat.se\/wordpress\/wp-content\/uploads\/2017\/07\/IMG_5610.jpg?resize=500%2C375&#038;ssl=1\" alt=\"\" width=\"500\" height=\"375\" class=\"size-large wp-image-1386\" srcset=\"https:\/\/i0.wp.com\/folkbat.se\/wordpress\/wp-content\/uploads\/2017\/07\/IMG_5610.jpg?resize=1024%2C768&amp;ssl=1 1024w, https:\/\/i0.wp.com\/folkbat.se\/wordpress\/wp-content\/uploads\/2017\/07\/IMG_5610.jpg?resize=500%2C375&amp;ssl=1 500w, https:\/\/i0.wp.com\/folkbat.se\/wordpress\/wp-content\/uploads\/2017\/07\/IMG_5610.jpg?resize=768%2C576&amp;ssl=1 768w, https:\/\/i0.wp.com\/folkbat.se\/wordpress\/wp-content\/uploads\/2017\/07\/IMG_5610.jpg?resize=800%2C600&amp;ssl=1 800w, https:\/\/i0.wp.com\/folkbat.se\/wordpress\/wp-content\/uploads\/2017\/07\/IMG_5610.jpg?w=1558&amp;ssl=1 1558w, https:\/\/i0.wp.com\/folkbat.se\/wordpress\/wp-content\/uploads\/2017\/07\/IMG_5610.jpg?w=2337&amp;ssl=1 2337w\" sizes=\"auto, (max-width: 500px) 100vw, 500px\" \/><figcaption id=\"caption-attachment-1386\" class=\"wp-caption-text\">Snabbast var 55 Kajka i mitten<\/figcaption><\/figure>\n<p>Endast svenska bes\u00e4ttningar kan ta hem SM-titeln och hela regattan vanns i st\u00e4llet av 55 <em>Kajka<\/em> representerades Kolding SK, Per J\u00f8rgensen, Andreas Granlund och Claes Hoglert f\u00f6re DEN-972 <em>Bango<\/em> fr\u00e5n J\u00e6gerspris SK p\u00e5 Sj\u00e4lland, Johnny J\u00f8rgensen, Gert Henriksen och Bent Nielsen. <em>Kajkas<\/em> vinst inneb\u00e4r att Per J\u00f8rgensen f\u00e5r ta hem vandringspriset f\u00f6r g\u00e5tt efter att ha tagit hem det f\u00f6r tredje g\u00e5ngen<\/p>\n<p>Silvermedaljer p\u00e5 SM fick 1390 <em>Emilie<\/em> fr\u00e5n L\u00e5ngedrags SS, Lennart Magnusson, Mats Brodefors och Gustaf Magnusson (total sjundeplats) och bronsmedaljerna gick till 1323 <em>Olivia<\/em> fr\u00e5n Vikingarnas SS, Lars-Gunnar Lindberg, Thomas Niejahr och Janne Bj\u00f6rnberg.<\/p>\n<figure id=\"attachment_1387\" aria-describedby=\"caption-attachment-1387\" style=\"width: 500px\" class=\"wp-caption alignright\"><img data-recalc-dims=\"1\" loading=\"lazy\" decoding=\"async\" data-attachment-id=\"1387\" data-permalink=\"https:\/\/folkbat.se\/wordpress\/?attachment_id=1387\" data-orig-file=\"https:\/\/i0.wp.com\/folkbat.se\/wordpress\/wp-content\/uploads\/2017\/07\/IMG_5742-e1499677746337.jpg?fit=3024%2C4032&amp;ssl=1\" data-orig-size=\"3024,4032\" data-comments-opened=\"1\" data-image-meta=\"{&quot;aperture&quot;:&quot;2.2&quot;,&quot;credit&quot;:&quot;&quot;,&quot;camera&quot;:&quot;iPhone SE&quot;,&quot;caption&quot;:&quot;&quot;,&quot;created_timestamp&quot;:&quot;1499503252&quot;,&quot;copyright&quot;:&quot;&quot;,&quot;focal_length&quot;:&quot;4.15&quot;,&quot;iso&quot;:&quot;25&quot;,&quot;shutter_speed&quot;:&quot;0.0022222222222222&quot;,&quot;title&quot;:&quot;&quot;,&quot;orientation&quot;:&quot;6&quot;}\" data-image-title=\"IMG_5742\" data-image-description=\"\" data-image-caption=\"&lt;p&gt;Seglarna g\u00f6r sig i ordning f\u00f6r sista dagen.&lt;\/p&gt;\n\" data-large-file=\"https:\/\/i0.wp.com\/folkbat.se\/wordpress\/wp-content\/uploads\/2017\/07\/IMG_5742-e1499677746337.jpg?fit=576%2C768&amp;ssl=1\" src=\"https:\/\/i0.wp.com\/folkbat.se\/wordpress\/wp-content\/uploads\/2017\/07\/IMG_5742-e1499677746337-576x768.jpg?resize=500%2C667&#038;ssl=1\" alt=\"\" width=\"500\" height=\"667\" class=\"size-large wp-image-1387\" srcset=\"https:\/\/i0.wp.com\/folkbat.se\/wordpress\/wp-content\/uploads\/2017\/07\/IMG_5742-e1499677746337.jpg?resize=576%2C768&amp;ssl=1 576w, https:\/\/i0.wp.com\/folkbat.se\/wordpress\/wp-content\/uploads\/2017\/07\/IMG_5742-e1499677746337.jpg?resize=375%2C500&amp;ssl=1 375w, https:\/\/i0.wp.com\/folkbat.se\/wordpress\/wp-content\/uploads\/2017\/07\/IMG_5742-e1499677746337.jpg?resize=768%2C1024&amp;ssl=1 768w, https:\/\/i0.wp.com\/folkbat.se\/wordpress\/wp-content\/uploads\/2017\/07\/IMG_5742-e1499677746337.jpg?resize=600%2C800&amp;ssl=1 600w, https:\/\/i0.wp.com\/folkbat.se\/wordpress\/wp-content\/uploads\/2017\/07\/IMG_5742-e1499677746337.jpg?w=1558&amp;ssl=1 1558w, https:\/\/i0.wp.com\/folkbat.se\/wordpress\/wp-content\/uploads\/2017\/07\/IMG_5742-e1499677746337.jpg?w=2337&amp;ssl=1 2337w\" sizes=\"auto, (max-width: 500px) 100vw, 500px\" \/><figcaption id=\"caption-attachment-1387\" class=\"wp-caption-text\">Seglarna g\u00f6r sig i ordning f\u00f6r sista dagen.<\/figcaption><\/figure>\n<p>B\u00e4st av de \u00e5tta hemmab\u00e5tarna fr\u00e5n Halmstads SS blev 1254 <em>Nyfiken Gul<\/em>, Ulf Bengtsson, Mats Larsson och Anders Thorbj\u00f6rnsson som tappade bronsmedaljen till en fj\u00e4rdeplats p\u00e5 SM-listan sista dagen och slutade p\u00e5 en total nionde plats.<\/p>\n<figure id=\"attachment_1388\" aria-describedby=\"caption-attachment-1388\" style=\"width: 500px\" class=\"wp-caption alignright\"><img data-recalc-dims=\"1\" loading=\"lazy\" decoding=\"async\" data-attachment-id=\"1388\" data-permalink=\"https:\/\/folkbat.se\/wordpress\/?attachment_id=1388\" data-orig-file=\"https:\/\/i0.wp.com\/folkbat.se\/wordpress\/wp-content\/uploads\/2017\/07\/IMG_0554-2-e1499677722465.jpg?fit=3024%2C4032&amp;ssl=1\" data-orig-size=\"3024,4032\" data-comments-opened=\"1\" data-image-meta=\"{&quot;aperture&quot;:&quot;2.2&quot;,&quot;credit&quot;:&quot;&quot;,&quot;camera&quot;:&quot;iPhone SE&quot;,&quot;caption&quot;:&quot;&quot;,&quot;created_timestamp&quot;:&quot;1499457217&quot;,&quot;copyright&quot;:&quot;&quot;,&quot;focal_length&quot;:&quot;4.15&quot;,&quot;iso&quot;:&quot;125&quot;,&quot;shutter_speed&quot;:&quot;0.03030303030303&quot;,&quot;title&quot;:&quot;&quot;,&quot;orientation&quot;:&quot;6&quot;}\" data-image-title=\"IMG_0554 2\" data-image-description=\"\" data-image-caption=\"&lt;p&gt;75-\u00e5rsfesten&lt;\/p&gt;\n\" data-large-file=\"https:\/\/i0.wp.com\/folkbat.se\/wordpress\/wp-content\/uploads\/2017\/07\/IMG_0554-2-e1499677722465.jpg?fit=576%2C768&amp;ssl=1\" src=\"https:\/\/i0.wp.com\/folkbat.se\/wordpress\/wp-content\/uploads\/2017\/07\/IMG_0554-2-e1499677722465-576x768.jpg?resize=500%2C667&#038;ssl=1\" alt=\"\" width=\"500\" height=\"667\" class=\"size-large wp-image-1388\" srcset=\"https:\/\/i0.wp.com\/folkbat.se\/wordpress\/wp-content\/uploads\/2017\/07\/IMG_0554-2-e1499677722465.jpg?resize=576%2C768&amp;ssl=1 576w, https:\/\/i0.wp.com\/folkbat.se\/wordpress\/wp-content\/uploads\/2017\/07\/IMG_0554-2-e1499677722465.jpg?resize=375%2C500&amp;ssl=1 375w, https:\/\/i0.wp.com\/folkbat.se\/wordpress\/wp-content\/uploads\/2017\/07\/IMG_0554-2-e1499677722465.jpg?resize=768%2C1024&amp;ssl=1 768w, https:\/\/i0.wp.com\/folkbat.se\/wordpress\/wp-content\/uploads\/2017\/07\/IMG_0554-2-e1499677722465.jpg?resize=600%2C800&amp;ssl=1 600w, https:\/\/i0.wp.com\/folkbat.se\/wordpress\/wp-content\/uploads\/2017\/07\/IMG_0554-2-e1499677722465.jpg?w=1558&amp;ssl=1 1558w, https:\/\/i0.wp.com\/folkbat.se\/wordpress\/wp-content\/uploads\/2017\/07\/IMG_0554-2-e1499677722465.jpg?w=2337&amp;ssl=1 2337w\" sizes=\"auto, (max-width: 500px) 100vw, 500px\" \/><figcaption id=\"caption-attachment-1388\" class=\"wp-caption-text\">75-\u00e5rsfesten<\/figcaption><\/figure>\n<p>Efter varje dags seglingar bj\u00f6ds det p\u00e5 korv med br\u00f6d och \u00f6l och dagens seglingar diskuterades och vinnarna dagens seglingar firades, men den stora begivenheten var fredagskv\u00e4llens regattamiddag med 75-\u00e5rsfest f\u00f6r folkb\u00e5ten i hamnskjulet vid hamnen d\u00e4r jubilaren h\u00f6gtidligh\u00f6lls.<\/p>\n<p>Nu v\u00e4ntar Guldpokalen f\u00f6r de tre svenska toppb\u00e5tarna och n\u00e5gra andra i Kerteminde i Danmark 7\u201310 augusti. Vi f\u00e5r se hur de st\u00e5r sig i den internationella konkurrensen.<\/p>\n<p><a href=\"http:\/\/www.hss1910.nu\/resultat\/sm_folkbat_resultat.html\">Fullst\u00e4ndigt resultat<\/a><\/p>\n<p>Hallandsposten skrev om seglingarna under regattan:<br \/>\n<a href=\"http:\/\/www.hallandsposten.se\/sport\/sm-dags-f\u00f6r-75-\u00e5rsjubilerande-folkb\u00e5tar-1.4413555\">SM-dags f\u00f6r 75-\u00e5rsjubilerande folkb\u00e5tar<\/a> (4 juli)<br \/>\n<a href=\"http:\/\/www.hallandsposten.se\/sport\/magnusson-i-ledning-inf\u00f6r-andra-sm-dagen-1.4420153\">Magnusson i ledning inf\u00f6r andra SM-dagen<\/a> (6 juli)<br \/>\n<a href=\"http:\/\/www.hallandsposten.se\/sport\/ulf-bengtsson-p\u00e5-tredjeplats-i-sm-i-folkb\u00e5t-1.4425022\">Ulf Bengtsson p\u00e5 tredjeplats i SM i folkb\u00e5t<\/a> (7 juli)<br \/>\n<a href=\"http:\/\/www.hallandsposten.se\/sport\/halmstadb\u00e5ten-missade-sm-bronset-1.4426495\">Halmstadb\u00e5ten missade\u00a0SM-bronset<\/a> (8 juli)<\/p>\n<figure id=\"attachment_1390\" aria-describedby=\"caption-attachment-1390\" style=\"width: 500px\" class=\"wp-caption alignright\"><img data-recalc-dims=\"1\" loading=\"lazy\" decoding=\"async\" data-attachment-id=\"1390\" data-permalink=\"https:\/\/folkbat.se\/wordpress\/?attachment_id=1390\" data-orig-file=\"https:\/\/i0.wp.com\/folkbat.se\/wordpress\/wp-content\/uploads\/2017\/07\/IMG_4177-e1499677820689.jpg?fit=3024%2C4032&amp;ssl=1\" data-orig-size=\"3024,4032\" data-comments-opened=\"1\" data-image-meta=\"{&quot;aperture&quot;:&quot;2.2&quot;,&quot;credit&quot;:&quot;&quot;,&quot;camera&quot;:&quot;iPhone SE&quot;,&quot;caption&quot;:&quot;&quot;,&quot;created_timestamp&quot;:&quot;1499254414&quot;,&quot;copyright&quot;:&quot;&quot;,&quot;focal_length&quot;:&quot;4.15&quot;,&quot;iso&quot;:&quot;25&quot;,&quot;shutter_speed&quot;:&quot;0.00036403349108118&quot;,&quot;title&quot;:&quot;&quot;,&quot;orientation&quot;:&quot;6&quot;}\" data-image-title=\"IMG_4177\" data-image-description=\"\" data-image-caption=\"&lt;p&gt;Tack Halmstads SS f\u00f6r fina arrangemang&lt;\/p&gt;\n\" data-large-file=\"https:\/\/i0.wp.com\/folkbat.se\/wordpress\/wp-content\/uploads\/2017\/07\/IMG_4177-e1499677820689.jpg?fit=576%2C768&amp;ssl=1\" src=\"https:\/\/i0.wp.com\/folkbat.se\/wordpress\/wp-content\/uploads\/2017\/07\/IMG_4177-e1499677820689-576x768.jpg?resize=500%2C667&#038;ssl=1\" alt=\"\" width=\"500\" height=\"667\" class=\"size-large wp-image-1390\" srcset=\"https:\/\/i0.wp.com\/folkbat.se\/wordpress\/wp-content\/uploads\/2017\/07\/IMG_4177-e1499677820689.jpg?resize=576%2C768&amp;ssl=1 576w, https:\/\/i0.wp.com\/folkbat.se\/wordpress\/wp-content\/uploads\/2017\/07\/IMG_4177-e1499677820689.jpg?resize=375%2C500&amp;ssl=1 375w, https:\/\/i0.wp.com\/folkbat.se\/wordpress\/wp-content\/uploads\/2017\/07\/IMG_4177-e1499677820689.jpg?resize=768%2C1024&amp;ssl=1 768w, https:\/\/i0.wp.com\/folkbat.se\/wordpress\/wp-content\/uploads\/2017\/07\/IMG_4177-e1499677820689.jpg?resize=600%2C800&amp;ssl=1 600w, https:\/\/i0.wp.com\/folkbat.se\/wordpress\/wp-content\/uploads\/2017\/07\/IMG_4177-e1499677820689.jpg?w=1558&amp;ssl=1 1558w, https:\/\/i0.wp.com\/folkbat.se\/wordpress\/wp-content\/uploads\/2017\/07\/IMG_4177-e1499677820689.jpg?w=2337&amp;ssl=1 2337w\" sizes=\"auto, (max-width: 500px) 100vw, 500px\" \/><figcaption id=\"caption-attachment-1390\" class=\"wp-caption-text\">Tack Halmstads SS f\u00f6r fina arrangemang<\/figcaption><\/figure>\n","protected":false},"excerpt":{"rendered":"<p>Under den g\u00e5ngna helgen arrangerades det 53:e Svenska m\u00e4sterskapet i Folkb\u00e5t med i Halmstad. Efter tre dagars seglingar i l\u00e4tta vindar stod det klart att SM-debutanten 1328 Slagh\u00f6ken II fr\u00e5n Karlskrona SS, Magnus Johansson, Anders Cederblad och Jonas Konrad var&hellip; <a href=\"https:\/\/folkbat.se\/wordpress\/?p=1395\" class=\"apace-readmore-link\"><span class=\"screen-reader-text\">Karlskronab\u00e5t svenska m\u00e4stare<\/span>L\u00e4s mer<\/a><\/p>\n","protected":false},"author":1,"featured_media":1385,"comment_status":"open","ping_status":"open","sticky":false,"template":"","format":"standard","meta":{"jetpack_post_was_ever_published":false,"_jetpack_newsletter_access":"","_jetpack_dont_email_post_to_subs":false,"_jetpack_newsletter_tier_id":0,"_jetpack_memberships_contains_paywalled_content":false,"_jetpack_memberships_contains_paid_content":false,"footnotes":"","jetpack_publicize_message":"","jetpack_publicize_feature_enabled":true,"jetpack_social_post_already_shared":true,"jetpack_social_options":{"image_generator_settings":{"template":"highway","default_image_id":0,"font":"","enabled":false},"version":2}},"categories":[1],"tags":[48,9,19],"class_list":["post-1395","post","type-post","status-publish","format-standard","has-post-thumbnail","hentry","category-nyheter","tag-75-arsjubileum","tag-kappsegling","tag-svenska-masterskapet"],"jetpack_publicize_connections":[],"jetpack_featured_media_url":"https:\/\/i0.wp.com\/folkbat.se\/wordpress\/wp-content\/uploads\/2017\/07\/IMG_9102.jpg?fit=4032%2C3024&ssl=1","jetpack_sharing_enabled":true,"jetpack_shortlink":"https:\/\/wp.me\/p5CsWc-mv","jetpack-related-posts":[{"id":1770,"url":"https:\/\/folkbat.se\/wordpress\/?p=1770","url_meta":{"origin":1395,"position":0},"title":"Karlshamnsseglare svenska m\u00e4stare 2018","author":"Webbmaster","date":"9 juli 2018","format":false,"excerpt":"Karlshamnsseglarna Hans Hamel, Jerry H\u00e5kansson och Lina Hamel i SWE 1373 Noa vann \u00e5rets svenska m\u00e4sterskap i Folkb\u00e5t som avgjordes i Simrishamn 5\u20137 juli i soligt v\u00e4der och l\u00e4tta vindar. Detta blev Hans Hamels fj\u00e4rde SM-tecken i folkb\u00e5t och bes\u00e4ttningen f\u00e5r representera folkb\u00e5tarna vid M\u00e4starnas m\u00e4stare i Marstrand i oktober.\u2026","rel":"","context":"I \u201dNyheter\u201d","block_context":{"text":"Nyheter","link":"https:\/\/folkbat.se\/wordpress\/?cat=1"},"img":{"alt_text":"","src":"https:\/\/i0.wp.com\/folkbat.se\/wordpress\/wp-content\/uploads\/2018\/07\/IMG_4827-1024x768.jpg?resize=350%2C200","width":350,"height":200},"classes":[]},{"id":1313,"url":"https:\/\/folkbat.se\/wordpress\/?p=1313","url_meta":{"origin":1395,"position":1},"title":"Anm\u00e4lningsl\u00e4get inf\u00f6r sommarens kappseglingar","author":"Webbmaster","date":"30 maj 2017","format":false,"excerpt":"Anm\u00e4lda Svenska m\u00e4sterskapet 5\u20138 juli 2, 1089, 1239, 1254, 1274, 1282, 1290, 1307, 1311, 1358, 1373, 1390, 1393, D\u2013873, D\u2013972, D\u20131107, D\u20131130, G\u2013896, G\u20131095 F\u00f6ranm\u00e4lda b\u00e5tar: 676, 716, 830, 1187, 1255, 1303, 1323, 1328, 1354, 1355, 1394, 1942, D\u2013722 Anm\u00e4lda Guldpokalen 7\u201310 augusti (svenska b\u00e5tar) 1307, 1328, 1390","rel":"","context":"I \u201dNyheter\u201d","block_context":{"text":"Nyheter","link":"https:\/\/folkbat.se\/wordpress\/?cat=1"},"img":{"alt_text":"","src":"","width":0,"height":0},"classes":[]},{"id":1254,"url":"https:\/\/folkbat.se\/wordpress\/?p=1254","url_meta":{"origin":1395,"position":2},"title":"Anm\u00e4lan till SM och Guldpokalen har \u00f6ppnat","author":"Webbmaster","date":"29 mars 2017","format":false,"excerpt":"Nu har anm\u00e4lan f\u00f6r SM och Guldpokalen \u00f6ppnat. Anm\u00e4lan till Svenska m\u00e4sterskapet i Halmstad (5\u20138 juli) finns h\u00e4r. Anm\u00e4lan till Guldpokalen i Kerteminde (7\u201310 augusti) finns h\u00e4r.","rel":"","context":"I \u201dNyheter\u201d","block_context":{"text":"Nyheter","link":"https:\/\/folkbat.se\/wordpress\/?cat=1"},"img":{"alt_text":"","src":"","width":0,"height":0},"classes":[]},{"id":1115,"url":"https:\/\/folkbat.se\/wordpress\/?p=1115","url_meta":{"origin":1395,"position":3},"title":"Svenska m\u00e4sterskapet 2017 i Halmstad","author":"Webbmaster","date":"1 oktober 2016","format":false,"excerpt":"English version below. Halmstads Segels\u00e4llskap meddelar att 2017 \u00e5rs Svenska m\u00e4sterskap i Folkb\u00e5t, det 53:e i ordningen, kommer att h\u00e5llas i Halmstad 5\u20138 juli 2017. Det blir andra g\u00e5ngen SM h\u00e5lls i Halmstad, som \u00e4ven var v\u00e4rdar f\u00f6r arrangemanget 1996 och 2001 \u00e5rs Guldpokalen. Mer information kommer i Folkb\u00e5tsnytt, p\u00e5\u2026","rel":"","context":"I \u201dNyheter\u201d","block_context":{"text":"Nyheter","link":"https:\/\/folkbat.se\/wordpress\/?cat=1"},"img":{"alt_text":"","src":"","width":0,"height":0},"classes":[]},{"id":64,"url":"https:\/\/folkbat.se\/wordpress\/?p=64","url_meta":{"origin":1395,"position":4},"title":"Svenska m\u00e4sterskapet 2015","author":"Webbmaster","date":"12 januari 2015","format":false,"excerpt":"2015 \u00e5rs Svenska m\u00e4sterskap i Folkb\u00e5t kommer att h\u00e5llas i Ljungskile 2\u20134 juli. Mer information kommer.","rel":"","context":"I \u201dNyheter\u201d","block_context":{"text":"Nyheter","link":"https:\/\/folkbat.se\/wordpress\/?cat=1"},"img":{"alt_text":"","src":"https:\/\/i0.wp.com\/folkbat.se\/SM15.jpg?resize=350%2C200","width":350,"height":200,"srcset":"https:\/\/i0.wp.com\/folkbat.se\/SM15.jpg?resize=350%2C200 1x, https:\/\/i0.wp.com\/folkbat.se\/SM15.jpg?resize=525%2C300 1.5x, https:\/\/i0.wp.com\/folkbat.se\/SM15.jpg?resize=700%2C400 2x, https:\/\/i0.wp.com\/folkbat.se\/SM15.jpg?resize=1050%2C600 3x, https:\/\/i0.wp.com\/folkbat.se\/SM15.jpg?resize=1400%2C800 4x"},"classes":[]},{"id":1573,"url":"https:\/\/folkbat.se\/wordpress\/?p=1573","url_meta":{"origin":1395,"position":5},"title":"Notice of Race SM och Guldpokalen","author":"Webbmaster","date":"15 januari 2018","format":false,"excerpt":"Simrishamns Segels\u00e4llskap har publicerat Notice of Race f\u00f6r Svenska m\u00e4sterskapet och Guldpokalen: Svenska m\u00e4sterskapet Guldpokalen","rel":"","context":"I \u201dNyheter\u201d","block_context":{"text":"Nyheter","link":"https:\/\/folkbat.se\/wordpress\/?cat=1"},"img":{"alt_text":"","src":"","width":0,"height":0},"classes":[]}],"_links":{"self":[{"href":"https:\/\/folkbat.se\/wordpress\/index.php?rest_route=\/wp\/v2\/posts\/1395","targetHints":{"allow":["GET"]}}],"collection":[{"href":"https:\/\/folkbat.se\/wordpress\/index.php?rest_route=\/wp\/v2\/posts"}],"about":[{"href":"https:\/\/folkbat.se\/wordpress\/index.php?rest_route=\/wp\/v2\/types\/post"}],"author":[{"embeddable":true,"href":"https:\/\/folkbat.se\/wordpress\/index.php?rest_route=\/wp\/v2\/users\/1"}],"replies":[{"embeddable":true,"href":"https:\/\/folkbat.se\/wordpress\/index.php?rest_route=%2Fwp%2Fv2%2Fcomments&post=1395"}],"version-history":[{"count":1,"href":"https:\/\/folkbat.se\/wordpress\/index.php?rest_route=\/wp\/v2\/posts\/1395\/revisions"}],"predecessor-version":[{"id":1396,"href":"https:\/\/folkbat.se\/wordpress\/index.php?rest_route=\/wp\/v2\/posts\/1395\/revisions\/1396"}],"wp:featuredmedia":[{"embeddable":true,"href":"https:\/\/folkbat.se\/wordpress\/index.php?rest_route=\/wp\/v2\/media\/1385"}],"wp:attachment":[{"href":"https:\/\/folkbat.se\/wordpress\/index.php?rest_route=%2Fwp%2Fv2%2Fmedia&parent=1395"}],"wp:term":[{"taxonomy":"category","embeddable":true,"href":"https:\/\/folkbat.se\/wordpress\/index.php?rest_route=%2Fwp%2Fv2%2Fcategories&post=1395"},{"taxonomy":"post_tag","embeddable":true,"href":"https:\/\/folkbat.se\/wordpress\/index.php?rest_route=%2Fwp%2Fv2%2Ftags&post=1395"}],"curies":[{"name":"wp","href":"https:\/\/api.w.org\/{rel}","templated":true}]}}