{"id":1435,"date":"2017-08-07T08:16:08","date_gmt":"2017-08-07T06:16:08","guid":{"rendered":"http:\/\/folkbat.se\/wordpress\/nyheter\/dags-for-guldpokalen\/"},"modified":"2017-10-06T17:06:58","modified_gmt":"2017-10-06T15:06:58","slug":"dags-for-guldpokalen","status":"publish","type":"post","link":"https:\/\/folkbat.se\/wordpress\/?p=1435","title":{"rendered":"Dags f\u00f6r Guldpokalen"},"content":{"rendered":"<p><a href=\"https:\/\/i0.wp.com\/folkbat.se\/wordpress\/wp-content\/uploads\/2017\/08\/img_0735.jpg?ssl=1\"><img data-recalc-dims=\"1\" loading=\"lazy\" decoding=\"async\" data-attachment-id=\"1434\" data-permalink=\"https:\/\/folkbat.se\/wordpress\/?attachment_id=1434\" data-orig-file=\"https:\/\/i0.wp.com\/folkbat.se\/wordpress\/wp-content\/uploads\/2017\/08\/img_0735.jpg?fit=3035%2C3024&amp;ssl=1\" data-orig-size=\"3035,3024\" data-comments-opened=\"1\" data-image-meta=\"{&quot;aperture&quot;:&quot;2.2&quot;,&quot;credit&quot;:&quot;&quot;,&quot;camera&quot;:&quot;iPhone SE&quot;,&quot;caption&quot;:&quot;&quot;,&quot;created_timestamp&quot;:&quot;1502044898&quot;,&quot;copyright&quot;:&quot;&quot;,&quot;focal_length&quot;:&quot;4.15&quot;,&quot;iso&quot;:&quot;50&quot;,&quot;shutter_speed&quot;:&quot;0.03030303030303&quot;,&quot;title&quot;:&quot;&quot;,&quot;orientation&quot;:&quot;1&quot;}\" data-image-title=\"img_0735\" data-image-description=\"\" data-image-caption=\"\" data-large-file=\"https:\/\/i0.wp.com\/folkbat.se\/wordpress\/wp-content\/uploads\/2017\/08\/img_0735.jpg?fit=771%2C768&amp;ssl=1\" src=\"https:\/\/i0.wp.com\/folkbat.se\/wordpress\/wp-content\/uploads\/2017\/08\/img_0735.jpg?resize=779%2C776&#038;ssl=1\" alt=\"\" width=\"779\" height=\"776\" class=\"alignnone size-full wp-image-1434\" srcset=\"https:\/\/i0.wp.com\/folkbat.se\/wordpress\/wp-content\/uploads\/2017\/08\/img_0735.jpg?w=3035&amp;ssl=1 3035w, https:\/\/i0.wp.com\/folkbat.se\/wordpress\/wp-content\/uploads\/2017\/08\/img_0735.jpg?resize=150%2C150&amp;ssl=1 150w, https:\/\/i0.wp.com\/folkbat.se\/wordpress\/wp-content\/uploads\/2017\/08\/img_0735.jpg?resize=500%2C498&amp;ssl=1 500w, https:\/\/i0.wp.com\/folkbat.se\/wordpress\/wp-content\/uploads\/2017\/08\/img_0735.jpg?resize=768%2C765&amp;ssl=1 768w, https:\/\/i0.wp.com\/folkbat.se\/wordpress\/wp-content\/uploads\/2017\/08\/img_0735.jpg?resize=771%2C768&amp;ssl=1 771w, https:\/\/i0.wp.com\/folkbat.se\/wordpress\/wp-content\/uploads\/2017\/08\/img_0735.jpg?resize=800%2C797&amp;ssl=1 800w, https:\/\/i0.wp.com\/folkbat.se\/wordpress\/wp-content\/uploads\/2017\/08\/img_0735.jpg?w=1558&amp;ssl=1 1558w, https:\/\/i0.wp.com\/folkbat.se\/wordpress\/wp-content\/uploads\/2017\/08\/img_0735.jpg?w=2337&amp;ssl=1 2337w\" sizes=\"auto, (max-width: 779px) 100vw, 779px\" \/><\/a>Idag klockan 12 g\u00e5r f\u00f6rsta start i \u00e5rets Guldpokal. Seglingarna kan f\u00f6ljas&nbsp;<a href=\"http:\/\/www.manage2sail.com\/en-US\/event\/GC17#!\/results?classId=5dfba777-6af1-4345-a452-867fb0f39b44\">h\u00e4r<\/a>.<\/p>\n","protected":false},"excerpt":{"rendered":"<p>Idag klockan 12 g\u00e5r f\u00f6rsta start i \u00e5rets Guldpokal. Seglingarna kan f\u00f6ljas&nbsp;h\u00e4r.<\/p>\n","protected":false},"author":1,"featured_media":0,"comment_status":"open","ping_status":"open","sticky":false,"template":"","format":"image","meta":{"jetpack_post_was_ever_published":false,"_jetpack_newsletter_access":"","_jetpack_dont_email_post_to_subs":false,"_jetpack_newsletter_tier_id":0,"_jetpack_memberships_contains_paywalled_content":false,"_jetpack_memberships_contains_paid_content":false,"footnotes":"","jetpack_publicize_message":"","jetpack_publicize_feature_enabled":true,"jetpack_social_post_already_shared":true,"jetpack_social_options":{"image_generator_settings":{"template":"highway","default_image_id":0,"font":"","enabled":false},"version":2}},"categories":[1],"tags":[],"class_list":["post-1435","post","type-post","status-publish","format-image","hentry","category-nyheter","post_format-post-format-image"],"jetpack_publicize_connections":[],"jetpack_featured_media_url":"","jetpack_sharing_enabled":true,"jetpack_shortlink":"https:\/\/wp.me\/p5CsWc-n9","jetpack-related-posts":[{"id":427,"url":"https:\/\/folkbat.se\/wordpress\/?p=427","url_meta":{"origin":1435,"position":0},"title":"Dags f\u00f6r Guldpokalen i Warnem\u00fcnde","author":"Webbmaster","date":"13 juli 2015","format":false,"excerpt":"\u00c5rets Guldpokal, som seglas i Warnem\u00fcnde i n\u00e4rheten av Rostock, inleddes idag. I det 50 folkb\u00e5tar starka startf\u00e4ltet finns fem svenska b\u00e5tar: 1290, 1311, 1323, 1354 och 1942. B\u00e4st av de svenska i f\u00f6rsta dagens segling var Leif Ahlqvist (1942), som seglade in p\u00e5 en sj\u00e4tteplats. Seglingen vanns av Erik\u2026","rel":"","context":"I \u201dNyheter\u201d","block_context":{"text":"Nyheter","link":"https:\/\/folkbat.se\/wordpress\/?cat=1"},"img":{"alt_text":"","src":"","width":0,"height":0},"classes":[]},{"id":1522,"url":"https:\/\/folkbat.se\/wordpress\/?p=1522","url_meta":{"origin":1435,"position":1},"title":"Rapport fr\u00e5n styrelsem\u00f6te 25 november 2017","author":"Webbmaster","date":"2 december 2017","format":false,"excerpt":"Folkb\u00e5tsf\u00f6rbundets styrelse m\u00f6ttes i Ljungby 25 november 2017. H\u00e4r f\u00f6ljer ett kort sammandrag: F\u00f6rbundets medlemsantal \u00f6kade under 2017 efter ett antal \u00e5r av minskning vilket gl\u00e4djer oss. F\u00f6rbundet utv\u00e4rderade \u00e5rets seglings- och jubileumsevenemang och tittade fram emot n\u00e4stkommande \u00e5rs seglingar. Mer information kommer fr\u00e5n Simrishamns Segels\u00e4llskaps n\u00e4rmare seglingarna. Guldpokalsevenemanget har\u2026","rel":"","context":"I \u201dNyheter\u201d","block_context":{"text":"Nyheter","link":"https:\/\/folkbat.se\/wordpress\/?cat=1"},"img":{"alt_text":"","src":"","width":0,"height":0},"classes":[]},{"id":2887,"url":"https:\/\/folkbat.se\/wordpress\/?p=2887","url_meta":{"origin":1435,"position":2},"title":"Dags f\u00f6r Guldpokalen i Kiel","author":"Webbmaster","date":"17 juni 2022","format":false,"excerpt":"Foto: Donald Bratt Tre svenska bes\u00e4ttningar \u00e4r redo f\u00f6r Guldpokalen som avg\u00f6rs under Kieler Woche och b\u00f6rjar imorgon l\u00f6rdag. 1290 Marelin, 1358 Sj\u00f6jungfrun och 1390 Emilie st\u00e4ller upp i det 51 b\u00e5tar starka startf\u00e4ltet. F\u00f6lj seglingarna p\u00e5 manage2sail.com och sapsailing.com.","rel":"","context":"I \u201dKappsegling\u201d","block_context":{"text":"Kappsegling","link":"https:\/\/folkbat.se\/wordpress\/?cat=58"},"img":{"alt_text":"","src":"https:\/\/i0.wp.com\/folkbat.se\/wordpress\/wp-content\/uploads\/2022\/06\/IMG-0487-scaled.jpg?resize=350%2C200&ssl=1","width":350,"height":200,"srcset":"https:\/\/i0.wp.com\/folkbat.se\/wordpress\/wp-content\/uploads\/2022\/06\/IMG-0487-scaled.jpg?resize=350%2C200&ssl=1 1x, https:\/\/i0.wp.com\/folkbat.se\/wordpress\/wp-content\/uploads\/2022\/06\/IMG-0487-scaled.jpg?resize=525%2C300&ssl=1 1.5x, https:\/\/i0.wp.com\/folkbat.se\/wordpress\/wp-content\/uploads\/2022\/06\/IMG-0487-scaled.jpg?resize=700%2C400&ssl=1 2x, https:\/\/i0.wp.com\/folkbat.se\/wordpress\/wp-content\/uploads\/2022\/06\/IMG-0487-scaled.jpg?resize=1050%2C600&ssl=1 3x, https:\/\/i0.wp.com\/folkbat.se\/wordpress\/wp-content\/uploads\/2022\/06\/IMG-0487-scaled.jpg?resize=1400%2C800&ssl=1 4x"},"classes":[]},{"id":2253,"url":"https:\/\/folkbat.se\/wordpress\/?p=2253","url_meta":{"origin":1435,"position":3},"title":"Program 2021","author":"Webbmaster","date":"14 december 2020","format":false,"excerpt":"Nu b\u00f6rjar det bli dags att planera folkb\u00e5tssommaren 2021. H\u00e4r \u00e4r datumen: 13\u201315 augusti \u2013 Svenska m\u00e4sterskapet, Stenungsund SM-seglingarna planeras att h\u00e5llas s\u00e5som det var planerat f\u00f6r \u00e5rets inst\u00e4llda m\u00e4sterskap med Stenungsunds SS som arrang\u00f6r. Tj\u00f6rn runt g\u00e5r helgen efter. 9\u201311 juli \u2013 Hang\u00f6regattan, Hang\u00f6 13\u201315 juli \u2013 Finska m\u00e4sterskapet,\u2026","rel":"","context":"I \u201dKappsegling\u201d","block_context":{"text":"Kappsegling","link":"https:\/\/folkbat.se\/wordpress\/?cat=58"},"img":{"alt_text":"","src":"https:\/\/i0.wp.com\/folkbat.se\/wordpress\/wp-content\/uploads\/2020\/12\/image2-500x353.jpeg?resize=350%2C200","width":350,"height":200},"classes":[]},{"id":3709,"url":"https:\/\/folkbat.se\/wordpress\/?p=3709","url_meta":{"origin":1435,"position":4},"title":"Guldpokalen 2024","author":"Webbmaster","date":"8 juli 2024","format":false,"excerpt":"Rapportering fr\u00e5n Guldpokalen i Halmstad: Resultat Dag 3 (onsdag 10 juli) Foto: Daniel Stenholm Foto: Daniel Stenholm Foto: Daniel Stenholm Foto: Daniel Stenholm Foto: Daniel Stenholm Foto: Daniel Stenholm Foto: Daniel Stenholm Foto: Daniel Stenholm Foto: Daniel Stenholm Foto: Daniel Stenholm G\u00e5rdagen bj\u00f6d inte p\u00e5 seglingsbar vind och \u00e5skv\u00e4der gjorde\u2026","rel":"","context":"I \u201dNyheter\u201d","block_context":{"text":"Nyheter","link":"https:\/\/folkbat.se\/wordpress\/?cat=1"},"img":{"alt_text":"","src":"https:\/\/i0.wp.com\/folkbat.se\/wordpress\/wp-content\/uploads\/2024\/07\/240708_Nordic-Folkboat-Gold-Cup_Foto-Daniel-Stenholm_DJI_0721-scaled.jpg?fit=1200%2C799&ssl=1&resize=350%2C200","width":350,"height":200,"srcset":"https:\/\/i0.wp.com\/folkbat.se\/wordpress\/wp-content\/uploads\/2024\/07\/240708_Nordic-Folkboat-Gold-Cup_Foto-Daniel-Stenholm_DJI_0721-scaled.jpg?fit=1200%2C799&ssl=1&resize=350%2C200 1x, https:\/\/i0.wp.com\/folkbat.se\/wordpress\/wp-content\/uploads\/2024\/07\/240708_Nordic-Folkboat-Gold-Cup_Foto-Daniel-Stenholm_DJI_0721-scaled.jpg?fit=1200%2C799&ssl=1&resize=525%2C300 1.5x, https:\/\/i0.wp.com\/folkbat.se\/wordpress\/wp-content\/uploads\/2024\/07\/240708_Nordic-Folkboat-Gold-Cup_Foto-Daniel-Stenholm_DJI_0721-scaled.jpg?fit=1200%2C799&ssl=1&resize=700%2C400 2x, https:\/\/i0.wp.com\/folkbat.se\/wordpress\/wp-content\/uploads\/2024\/07\/240708_Nordic-Folkboat-Gold-Cup_Foto-Daniel-Stenholm_DJI_0721-scaled.jpg?fit=1200%2C799&ssl=1&resize=1050%2C600 3x"},"classes":[]},{"id":3708,"url":"https:\/\/folkbat.se\/wordpress\/?p=3708","url_meta":{"origin":1435,"position":5},"title":"Dags f\u00f6r Guldpokalen i Halmstad","author":"Webbmaster","date":"7 juli 2024","format":false,"excerpt":"Foto: Johan Rasin Dags f\u00f6r Guldpokalen i Halmstad! M\u00e5ndag b\u00f6rjar kappseglingarna med 52 folkb\u00e5tar fr\u00e5n Sverige, Tyskland, Danmark, Storbritannien, Estland och Finland. Det \u00e4r 60:e g\u00e5ngen det seglas om pokalen och f\u00f6rsta g\u00e5ngen i Sverige sedan 2018. F\u00f6lj Guldpokalen h\u00e4r: https:\/\/www.sailarena.com\/sv\/se\/club\/hass\/nordic-folkboat-gold-cup-2024\/","rel":"","context":"I \u201dNyheter\u201d","block_context":{"text":"Nyheter","link":"https:\/\/folkbat.se\/wordpress\/?cat=1"},"img":{"alt_text":"","src":"https:\/\/i0.wp.com\/folkbat.se\/wordpress\/wp-content\/uploads\/2024\/07\/img_0100-1.jpg?fit=900%2C1200&ssl=1&resize=350%2C200","width":350,"height":200,"srcset":"https:\/\/i0.wp.com\/folkbat.se\/wordpress\/wp-content\/uploads\/2024\/07\/img_0100-1.jpg?fit=900%2C1200&ssl=1&resize=350%2C200 1x, https:\/\/i0.wp.com\/folkbat.se\/wordpress\/wp-content\/uploads\/2024\/07\/img_0100-1.jpg?fit=900%2C1200&ssl=1&resize=525%2C300 1.5x, https:\/\/i0.wp.com\/folkbat.se\/wordpress\/wp-content\/uploads\/2024\/07\/img_0100-1.jpg?fit=900%2C1200&ssl=1&resize=700%2C400 2x"},"classes":[]}],"_links":{"self":[{"href":"https:\/\/folkbat.se\/wordpress\/index.php?rest_route=\/wp\/v2\/posts\/1435","targetHints":{"allow":["GET"]}}],"collection":[{"href":"https:\/\/folkbat.se\/wordpress\/index.php?rest_route=\/wp\/v2\/posts"}],"about":[{"href":"https:\/\/folkbat.se\/wordpress\/index.php?rest_route=\/wp\/v2\/types\/post"}],"author":[{"embeddable":true,"href":"https:\/\/folkbat.se\/wordpress\/index.php?rest_route=\/wp\/v2\/users\/1"}],"replies":[{"embeddable":true,"href":"https:\/\/folkbat.se\/wordpress\/index.php?rest_route=%2Fwp%2Fv2%2Fcomments&post=1435"}],"version-history":[{"count":1,"href":"https:\/\/folkbat.se\/wordpress\/index.php?rest_route=\/wp\/v2\/posts\/1435\/revisions"}],"predecessor-version":[{"id":1436,"href":"https:\/\/folkbat.se\/wordpress\/index.php?rest_route=\/wp\/v2\/posts\/1435\/revisions\/1436"}],"wp:attachment":[{"href":"https:\/\/folkbat.se\/wordpress\/index.php?rest_route=%2Fwp%2Fv2%2Fmedia&parent=1435"}],"wp:term":[{"taxonomy":"category","embeddable":true,"href":"https:\/\/folkbat.se\/wordpress\/index.php?rest_route=%2Fwp%2Fv2%2Fcategories&post=1435"},{"taxonomy":"post_tag","embeddable":true,"href":"https:\/\/folkbat.se\/wordpress\/index.php?rest_route=%2Fwp%2Fv2%2Ftags&post=1435"}],"curies":[{"name":"wp","href":"https:\/\/api.w.org\/{rel}","templated":true}]}}