{"id":1440,"date":"2017-08-13T08:57:07","date_gmt":"2017-08-13T06:57:07","guid":{"rendered":"http:\/\/folkbat.se\/wordpress\/?p=1440"},"modified":"2017-08-18T11:16:00","modified_gmt":"2017-08-18T09:16:00","slug":"riddarfjardsregattan","status":"publish","type":"post","link":"https:\/\/folkbat.se\/wordpress\/?p=1440","title":{"rendered":"Riddarfj\u00e4rdsregattan"},"content":{"rendered":"<p><em>Uppdaterat med r\u00e4tt datum<\/em><\/p>\n<p>Nu \u00e4r det dags!<br \/>\nDen 2 och 3 september seglas GYS Riddarfj\u00e4rdsregatta p\u00e5 Riddarfj\u00e4rden igen!<br \/>\nDet \u00e4r bara en m\u00e5nad tills GYS 53:e Riddarfj\u00e4rdsregatta seglas p\u00e5 den klassiska, roliga och sv\u00e5ra Riddarfj\u00e4rden i Stockholm.<br \/>\nAnm\u00e4lningsformul\u00e4r finns p\u00e5 v\u00e5r hemsida under rubriken Segling!<br \/>\nT\u00e4vlingarna \u00e4r \u00f6ppna f\u00f6r alla klassiska yachter.<br \/>\nP\u00e5 l\u00f6rdag den 2 september blir det Riddarvarvet x 2.<br \/>\nDen mytomspunna The Scandal Beauty Trophy Race f\u00f6r klassiska jakter \u00f6ver 40 m2sker p\u00e5 s\u00f6ndag den 3 september. Samma dag seglas Svensk L\u00f6sen f\u00f6r klassiska jakter under 40 m2.<br \/>\nI \u00e5r delas dessutom ett speciellt pris till gaffelriggade jakter ut i samband med TSBTR!<br \/>\nNatthamn under V\u00e4sterbron i SSS och RBK:s hamnar.<br \/>\nP\u00e5 l\u00f6rdagskv\u00e4llen blir det regattamiddag, med som vanligt mycket hyss och fantastisk st\u00e4mning!<br \/>\nSSKF:s klassiska Getfotsregatta fungerar som tillfartssegling till Riddarfj\u00e4rdsregattan Info och anm\u00e4lningar <a href=\"http:\/\/www.gys.se\">www.gys.se<\/a><br \/>\nH\u00e4r finns inom kort \u00e4ven seglingsf\u00f6reskrifter med banbeskrivning<\/p>\n","protected":false},"excerpt":{"rendered":"<p>Uppdaterat med r\u00e4tt datum Nu \u00e4r det dags! Den 2 och 3 september seglas GYS Riddarfj\u00e4rdsregatta p\u00e5 Riddarfj\u00e4rden igen! Det \u00e4r bara en m\u00e5nad tills GYS 53:e Riddarfj\u00e4rdsregatta seglas p\u00e5 den klassiska, roliga och sv\u00e5ra Riddarfj\u00e4rden i Stockholm. Anm\u00e4lningsformul\u00e4r finns&hellip; <a href=\"https:\/\/folkbat.se\/wordpress\/?p=1440\" class=\"apace-readmore-link\"><span class=\"screen-reader-text\">Riddarfj\u00e4rdsregattan<\/span>L\u00e4s mer<\/a><\/p>\n","protected":false},"author":1,"featured_media":0,"comment_status":"open","ping_status":"open","sticky":false,"template":"","format":"standard","meta":{"jetpack_post_was_ever_published":false,"_jetpack_newsletter_access":"","_jetpack_dont_email_post_to_subs":false,"_jetpack_newsletter_tier_id":0,"_jetpack_memberships_contains_paywalled_content":false,"_jetpack_memberships_contains_paid_content":false,"footnotes":"","jetpack_publicize_message":"","jetpack_publicize_feature_enabled":true,"jetpack_social_post_already_shared":true,"jetpack_social_options":{"image_generator_settings":{"template":"highway","default_image_id":0,"font":"","enabled":false},"version":2}},"categories":[1],"tags":[],"class_list":["post-1440","post","type-post","status-publish","format-standard","hentry","category-nyheter"],"jetpack_publicize_connections":[],"jetpack_featured_media_url":"","jetpack_sharing_enabled":true,"jetpack_shortlink":"https:\/\/wp.me\/p5CsWc-ne","jetpack-related-posts":[{"id":1194,"url":"https:\/\/folkbat.se\/wordpress\/?p=1194","url_meta":{"origin":1440,"position":0},"title":"V\u00e4stkustens folkb\u00e5tsflottilj presenterar \u00e5rsprogrammet 2017","author":"Webbmaster","date":"7 februari 2017","format":false,"excerpt":"M\u00e4rk den 22 april i era kalendrar f\u00f6r jubileumsdag vid Arendal. 4 aprilFlottiljtr\u00e4ff 22 aprilFolkb\u00e5tens dag, Arendal 9 maj (1:a segl.)Tisdagsseglingar LDSS, L\u00e5ngedrag 13 majFlottiljtr\u00e4ff b\u00e5ttrim, L\u00e5ngedrag 20 majFramn\u00e4svalsen 3-4 juniDM LDSS, L\u00e5ngedrag 6 juniKlassiska regattan GKSS, L\u00e5ngedrag 5-8 juliSM, Halmstad 7-10 augGuldpokalen, Kerteminde (DK) 12 augFramn\u00e4sdagen\/JW Cup, Framn\u00e4s 15\u2026","rel":"","context":"I \u201dNyheter\u201d","block_context":{"text":"Nyheter","link":"https:\/\/folkbat.se\/wordpress\/?cat=1"},"img":{"alt_text":"","src":"http:\/\/folkbat.se\/vastkusten\/Folkb\u00e5t%2075%20\u00e5r%202017.pdf","width":350,"height":200,"srcset":"http:\/\/folkbat.se\/vastkusten\/Folkb\u00e5t%2075%20\u00e5r%202017.pdf 1x, http:\/\/folkbat.se\/vastkusten\/Folkb\u00e5t%2075%20\u00e5r%202017.pdf 1.5x"},"classes":[]},{"id":2135,"url":"https:\/\/folkbat.se\/wordpress\/?p=2135","url_meta":{"origin":1440,"position":1},"title":"\u00c5rets f\u00f6rsta kappsegling&#8230;","author":"Webbmaster","date":"19 maj 2020","format":false,"excerpt":"...brukar f\u00f6r Ostkustflottiljen vara det klassiska Liding\u00f6 runt. Som alla st\u00f6rre idrottsevenemang var det i \u00e5r inst\u00e4llt pga r\u00e5dande virus-kris \u2013 tr\u00e5kigt och fullt rimligt! Men det g\u00e5r ju att segla och fortfarande f\u00f6lja myndigheternas r\u00e5d och rekommendationer. Seglingen \"v\u00e5r egna Liding\u00f6 runt\" valde s\u00e5ledes att \u00e4ndra klassregeln, max 2\u2026","rel":"","context":"I \u201dNyheter\u201d","block_context":{"text":"Nyheter","link":"https:\/\/folkbat.se\/wordpress\/?cat=1"},"img":{"alt_text":"","src":"https:\/\/i0.wp.com\/folkbat.se\/wordpress\/wp-content\/uploads\/2020\/05\/DSC_5347-500x333.jpg?resize=350%2C200","width":350,"height":200},"classes":[]},{"id":1593,"url":"https:\/\/folkbat.se\/wordpress\/?p=1593","url_meta":{"origin":1440,"position":2},"title":"Regatta i Mariefred 26\u201328 juli 2018","author":"Webbmaster","date":"7 februari 2018","format":false,"excerpt":"F\u00f6r f\u00f6rsta g\u00e5ngen sedan 1900-talet arrangeras det en stor regatta i Mariefred f\u00f6r klassiska segelb\u00e5tar. I f\u00f6rsta hand handlar det om att samla s\u00e5 m\u00e5nga segeljakter byggda f\u00f6re 1918 som m\u00f6jligt. Hundra\u00e5ringarna i Mariefred. Men Folkb\u00e5ten \u00e4r ju en typiskt klassisk segelb\u00e5t f\u00f6r alla kommer vi speciellt att v\u00e4lkomna dessa.\u2026","rel":"","context":"I \u201dNyheter\u201d","block_context":{"text":"Nyheter","link":"https:\/\/folkbat.se\/wordpress\/?cat=1"},"img":{"alt_text":"","src":"","width":0,"height":0},"classes":[]},{"id":281,"url":"https:\/\/folkbat.se\/wordpress\/?p=281","url_meta":{"origin":1440,"position":3},"title":"Ljungskileseglare svenska m\u00e4stare","author":"Webbmaster","date":"6 juli 2015","format":false,"excerpt":"Det 51:a Svenska m\u00e4sterskapet avgjordes i Ljungskile under det g\u00e5ngna veckoslutet (2\u20134 juli). Detta var andra g\u00e5ngen SM-t\u00e4vlingarna avgjordes d\u00e4r, Ljungskile SS stod som v\u00e4rd \u00e4ven 2012, d\u00e5 med Lasse K\u00f6hler som segrare. 27 b\u00e5tar kom till start varav tre danska och en tysk, vilket gjorde att 23 b\u00e5tar t\u00e4vlade\u2026","rel":"","context":"I \u201dNyheter\u201d","block_context":{"text":"Nyheter","link":"https:\/\/folkbat.se\/wordpress\/?cat=1"},"img":{"alt_text":"SM-vinnarna Per J\u00f8rgensen med bes\u00e4ttning och svenska m\u00e4staren Rolf Uppstr\u00f6m med bes\u00e4ttning.","src":"https:\/\/i0.wp.com\/folkbat.se\/wordpress\/wp-content\/uploads\/2015\/07\/DSC_0150-1024x685.jpg?resize=350%2C200","width":350,"height":200},"classes":[]},{"id":1766,"url":"https:\/\/folkbat.se\/wordpress\/?p=1766","url_meta":{"origin":1440,"position":4},"title":"Folkb\u00e5t vinnare av Karlshamns Sk\u00e4rg\u00e5rdsrace","author":"Webbmaster","date":"19 juni 2018","format":false,"excerpt":"Jerry H\u00e5kansson och Hans Hamel i folkb\u00e5ten 1373 Noa blev totalsegrare i Karlshamns Sk\u00e4rg\u00e5rdrace som seglades 2\u20133 juni. Det blev \u00e4ven en folkb\u00e5t p\u00e5 tredjeplatsen, Per-Arne Johansson i 1274 Panik, trots att det inte var folkb\u00e5tsv\u00e4der med l\u00e4tta vindar. Totalt deltog 12 b\u00e5tar. Vi f\u00e5r hoppas p\u00e5 fler folkb\u00e5tar n\u00e4sta\u2026","rel":"","context":"I \u201dBlekingeflottiljen\u201d","block_context":{"text":"Blekingeflottiljen","link":"https:\/\/folkbat.se\/wordpress\/?cat=52"},"img":{"alt_text":"","src":"","width":0,"height":0},"classes":[]},{"id":1326,"url":"https:\/\/folkbat.se\/wordpress\/?p=1326","url_meta":{"origin":1440,"position":5},"title":"Seglingspropaganda p\u00e5 nationaldagen","author":"Webbmaster","date":"8 juni 2017","format":false,"excerpt":"Den sj\u00e4tte juni p\u00e5 sj\u00e4lvaste nationaldagen avgjordes Search Magazine classic yacht challenge. Tre lag gjorde upp om Search Magazines Sj\u00f6jungfrustaty utanf\u00f6r Vikingarnas Segels\u00e4llskaps Klubbhus p\u00e5 Lilla V\u00e4rtan. De inledande kontakterna mellan Search Magazine och Svenska Folkb\u00e5tsf\u00f6rbundet togs p\u00e5 B\u00e5tm\u00e4ssan i \u00c4lvsj\u00f6 och efter konsultation med Vikingarnas Segels\u00e4llskap genomarbetades en ram\u2026","rel":"","context":"I \u201dNyheter\u201d","block_context":{"text":"Nyheter","link":"https:\/\/folkbat.se\/wordpress\/?cat=1"},"img":{"alt_text":"","src":"https:\/\/i0.wp.com\/folkbat.se\/wordpress\/wp-content\/uploads\/2017\/06\/Search_1-1024x768.jpg?resize=350%2C200","width":350,"height":200},"classes":[]}],"_links":{"self":[{"href":"https:\/\/folkbat.se\/wordpress\/index.php?rest_route=\/wp\/v2\/posts\/1440","targetHints":{"allow":["GET"]}}],"collection":[{"href":"https:\/\/folkbat.se\/wordpress\/index.php?rest_route=\/wp\/v2\/posts"}],"about":[{"href":"https:\/\/folkbat.se\/wordpress\/index.php?rest_route=\/wp\/v2\/types\/post"}],"author":[{"embeddable":true,"href":"https:\/\/folkbat.se\/wordpress\/index.php?rest_route=\/wp\/v2\/users\/1"}],"replies":[{"embeddable":true,"href":"https:\/\/folkbat.se\/wordpress\/index.php?rest_route=%2Fwp%2Fv2%2Fcomments&post=1440"}],"version-history":[{"count":3,"href":"https:\/\/folkbat.se\/wordpress\/index.php?rest_route=\/wp\/v2\/posts\/1440\/revisions"}],"predecessor-version":[{"id":1447,"href":"https:\/\/folkbat.se\/wordpress\/index.php?rest_route=\/wp\/v2\/posts\/1440\/revisions\/1447"}],"wp:attachment":[{"href":"https:\/\/folkbat.se\/wordpress\/index.php?rest_route=%2Fwp%2Fv2%2Fmedia&parent=1440"}],"wp:term":[{"taxonomy":"category","embeddable":true,"href":"https:\/\/folkbat.se\/wordpress\/index.php?rest_route=%2Fwp%2Fv2%2Fcategories&post=1440"},{"taxonomy":"post_tag","embeddable":true,"href":"https:\/\/folkbat.se\/wordpress\/index.php?rest_route=%2Fwp%2Fv2%2Ftags&post=1440"}],"curies":[{"name":"wp","href":"https:\/\/api.w.org\/{rel}","templated":true}]}}