{"id":1516,"date":"2017-11-25T11:38:35","date_gmt":"2017-11-25T10:38:35","guid":{"rendered":"http:\/\/folkbat.se\/wordpress\/?p=1516"},"modified":"2017-11-25T11:38:35","modified_gmt":"2017-11-25T10:38:35","slug":"folkboat-central-gmbh-lagger-ned","status":"publish","type":"post","link":"https:\/\/folkbat.se\/wordpress\/?p=1516","title":{"rendered":"Folkboat Central GmbH l\u00e4gger ned"},"content":{"rendered":"<p>Folkboat Central GmbH i Hamburg meddelar att de l\u00e4gger ned p\u00e5 grund av \u00f6kande lagerkostnader. Fram till 22 december \u00e4r det utf\u00f6rs\u00e4ljning med halva priset p\u00e5 \u00e5terst\u00e5ende lager.<\/p>\n<p><a href=\"https:\/\/folkbat.se\/wordpress\/wp-content\/uploads\/2017\/11\/Abverkaufsliste-24.11.2017-updated-1.pdf\">H\u00e4r finns en lista \u00f6ver vad som finns kvar i lagret (p\u00e5 tyska)<\/a><\/p>\n","protected":false},"excerpt":{"rendered":"<p>Folkboat Central GmbH i Hamburg meddelar att de l\u00e4gger ned p\u00e5 grund av \u00f6kande lagerkostnader. Fram till 22 december \u00e4r det utf\u00f6rs\u00e4ljning med halva priset p\u00e5 \u00e5terst\u00e5ende lager. H\u00e4r finns en lista \u00f6ver vad som finns kvar i lagret (p\u00e5&hellip; <a href=\"https:\/\/folkbat.se\/wordpress\/?p=1516\" class=\"apace-readmore-link\"><span class=\"screen-reader-text\">Folkboat Central GmbH l\u00e4gger ned<\/span>L\u00e4s mer<\/a><\/p>\n","protected":false},"author":1,"featured_media":0,"comment_status":"open","ping_status":"open","sticky":false,"template":"","format":"standard","meta":{"jetpack_post_was_ever_published":false,"_jetpack_newsletter_access":"","_jetpack_dont_email_post_to_subs":false,"_jetpack_newsletter_tier_id":0,"_jetpack_memberships_contains_paywalled_content":false,"_jetpack_memberships_contains_paid_content":false,"footnotes":"","jetpack_publicize_message":"","jetpack_publicize_feature_enabled":true,"jetpack_social_post_already_shared":true,"jetpack_social_options":{"image_generator_settings":{"template":"highway","default_image_id":0,"font":"","enabled":false},"version":2}},"categories":[1],"tags":[],"class_list":["post-1516","post","type-post","status-publish","format-standard","hentry","category-nyheter"],"jetpack_publicize_connections":[],"jetpack_featured_media_url":"","jetpack_sharing_enabled":true,"jetpack_shortlink":"https:\/\/wp.me\/p5CsWc-os","jetpack-related-posts":[{"id":1567,"url":"https:\/\/folkbat.se\/wordpress\/?p=1567","url_meta":{"origin":1516,"position":0},"title":"Haubold Yachting tar \u00f6ver efter Folkboat Central Hamburg","author":"Webbmaster","date":"2 januari 2018","format":false,"excerpt":"Efter att Folkboat Central Hamburg lade ned verksamheten i \u00e5rsskiftet meddelas det nu att Haubold Yachting i Berlin tar \u00f6ver som byggare och \u00e5terf\u00f6rs\u00e4ljare, troligtvis med start i februari. H\u00e4r \u00e4r ett pressmeddelande fr\u00e5n Haubold Yachting. Mer info kommer fr\u00e5n Haubold Yachting inom kort.","rel":"","context":"I \u201dNyheter\u201d","block_context":{"text":"Nyheter","link":"https:\/\/folkbat.se\/wordpress\/?cat=1"},"img":{"alt_text":"","src":"","width":0,"height":0},"classes":[]},{"id":1606,"url":"https:\/\/folkbat.se\/wordpress\/?p=1606","url_meta":{"origin":1516,"position":1},"title":"Meddelande fr\u00e5n Haubold Yachting","author":"Webbmaster","date":"19 februari 2018","format":false,"excerpt":"Dear Folkboat sailors and friends. HAUBOLD YACHTING GmbH located in Berlin \/ Germany has taken over the business from Folkboat Central (FBC)\/ Hamburg in January. We will handle new boat building as well as spare part service. Currently we are looking after a shipyard we like to produce with. We\u2026","rel":"","context":"I \u201dNyheter\u201d","block_context":{"text":"Nyheter","link":"https:\/\/folkbat.se\/wordpress\/?cat=1"},"img":{"alt_text":"","src":"","width":0,"height":0},"classes":[]},{"id":1581,"url":"https:\/\/folkbat.se\/wordpress\/?p=1581","url_meta":{"origin":1516,"position":2},"title":"SM- och Guldpokalsidan ig\u00e5ng","author":"Webbmaster","date":"29 januari 2018","format":false,"excerpt":"Nu \u00e4r Simrishamns Segels\u00e4llskaps sida inf\u00f6r sommarens evenemang, www.sailosterlen.se, uppe p\u00e5 internet. H\u00e4r kommer ett meddelande fr\u00e5n arrang\u00f6rerna: SM Nordisk folkb\u00e5t Nordic Folkboat Gold Cup Simrishamns Segels\u00e4llskap inbjuder dig och alla andra folkb\u00e5tsseglare fr\u00e5n hela v\u00e4rlden till \u00e5rets folkb\u00e5tsevenemang i Simrishamn, SM Nordisk folkb\u00e5t 2018 den 4\u20138 juli och Nordic\u2026","rel":"","context":"I \u201dNyheter\u201d","block_context":{"text":"Nyheter","link":"https:\/\/folkbat.se\/wordpress\/?cat=1"},"img":{"alt_text":"","src":"","width":0,"height":0},"classes":[]},{"id":1544,"url":"https:\/\/folkbat.se\/wordpress\/?p=1544","url_meta":{"origin":1516,"position":3},"title":"Rapport fr\u00e5n NFIA-m\u00f6te","author":"Webbmaster","date":"15 december 2017","format":false,"excerpt":"Nordic Folkboat International Association (NFIA) m\u00f6ttes 2 december. Anteckningar fr\u00e5n m\u00f6tet finns h\u00e4r","rel":"","context":"I \u201dNyheter\u201d","block_context":{"text":"Nyheter","link":"https:\/\/folkbat.se\/wordpress\/?cat=1"},"img":{"alt_text":"","src":"","width":0,"height":0},"classes":[]},{"id":3567,"url":"https:\/\/folkbat.se\/wordpress\/?p=3567","url_meta":{"origin":1516,"position":4},"title":"Nu g\u00e5r det att anm\u00e4la sig till Guldpokalen","author":"Webbmaster","date":"13 februari 2024","format":false,"excerpt":"Nu \u00e4r inbjudan publicerad och anm\u00e4lan har \u00f6ppnat till sommarens Guldpokalen i Halmstad. Dessa \u00e5terfinns p\u00e5 https:\/\/www.sailarena.com\/en\/se\/club\/hass\/nordic-folkboat-gold-cup-2024\/. Arrang\u00f6ren Halmstads Segels\u00e4llskap skriver: This year's Nordic Folkboat Gold Cup is setting sail in Halmstad, along the scenic west coast of Sweden, July 6-12. Great news for sailors and fans alike: the Notice\u2026","rel":"","context":"I \u201dNyheter\u201d","block_context":{"text":"Nyheter","link":"https:\/\/folkbat.se\/wordpress\/?cat=1"},"img":{"alt_text":"","src":"https:\/\/i0.wp.com\/folkbat.se\/wordpress\/wp-content\/uploads\/2023\/11\/image.png?fit=848%2C1200&ssl=1&resize=350%2C200","width":350,"height":200,"srcset":"https:\/\/i0.wp.com\/folkbat.se\/wordpress\/wp-content\/uploads\/2023\/11\/image.png?fit=848%2C1200&ssl=1&resize=350%2C200 1x, https:\/\/i0.wp.com\/folkbat.se\/wordpress\/wp-content\/uploads\/2023\/11\/image.png?fit=848%2C1200&ssl=1&resize=525%2C300 1.5x, https:\/\/i0.wp.com\/folkbat.se\/wordpress\/wp-content\/uploads\/2023\/11\/image.png?fit=848%2C1200&ssl=1&resize=700%2C400 2x"},"classes":[]},{"id":729,"url":"https:\/\/folkbat.se\/wordpress\/?p=729","url_meta":{"origin":1516,"position":5},"title":"Svenska m\u00e4sterskapet 2016 i Stockholm","author":"Webbmaster","date":"9 oktober 2015","format":false,"excerpt":"Uppdaterat: Datumen f\u00f6r m\u00e4sterskapet blir 16\u201319 juli, inte 17\u201320 juli som tidigare meddelats. English version below. Det 52:a Svenska m\u00e4sterskapet i Folkb\u00e5t kommer att h\u00e5llas p\u00e5 Lilla V\u00e4rtan vid Hundudden, Djurg\u00e5rden i Stockholm av Vikingarnas Segels\u00e4llskap 16\u201319 juli. \u00d6nskem\u00e5let har hela tiden varit att m\u00e4sterskapet ska passa bra ihop med\u2026","rel":"","context":"I \u201dNyheter\u201d","block_context":{"text":"Nyheter","link":"https:\/\/folkbat.se\/wordpress\/?cat=1"},"img":{"alt_text":"Seglingar i Stockholm. Foto: Christian Falk","src":"https:\/\/i0.wp.com\/folkbat.se\/wordpress\/wp-content\/uploads\/2015\/10\/IMG_9597-1024x683.jpg?resize=350%2C200","width":350,"height":200},"classes":[]}],"_links":{"self":[{"href":"https:\/\/folkbat.se\/wordpress\/index.php?rest_route=\/wp\/v2\/posts\/1516","targetHints":{"allow":["GET"]}}],"collection":[{"href":"https:\/\/folkbat.se\/wordpress\/index.php?rest_route=\/wp\/v2\/posts"}],"about":[{"href":"https:\/\/folkbat.se\/wordpress\/index.php?rest_route=\/wp\/v2\/types\/post"}],"author":[{"embeddable":true,"href":"https:\/\/folkbat.se\/wordpress\/index.php?rest_route=\/wp\/v2\/users\/1"}],"replies":[{"embeddable":true,"href":"https:\/\/folkbat.se\/wordpress\/index.php?rest_route=%2Fwp%2Fv2%2Fcomments&post=1516"}],"version-history":[{"count":2,"href":"https:\/\/folkbat.se\/wordpress\/index.php?rest_route=\/wp\/v2\/posts\/1516\/revisions"}],"predecessor-version":[{"id":1519,"href":"https:\/\/folkbat.se\/wordpress\/index.php?rest_route=\/wp\/v2\/posts\/1516\/revisions\/1519"}],"wp:attachment":[{"href":"https:\/\/folkbat.se\/wordpress\/index.php?rest_route=%2Fwp%2Fv2%2Fmedia&parent=1516"}],"wp:term":[{"taxonomy":"category","embeddable":true,"href":"https:\/\/folkbat.se\/wordpress\/index.php?rest_route=%2Fwp%2Fv2%2Fcategories&post=1516"},{"taxonomy":"post_tag","embeddable":true,"href":"https:\/\/folkbat.se\/wordpress\/index.php?rest_route=%2Fwp%2Fv2%2Ftags&post=1516"}],"curies":[{"name":"wp","href":"https:\/\/api.w.org\/{rel}","templated":true}]}}