{"id":1522,"date":"2017-12-02T13:36:51","date_gmt":"2017-12-02T12:36:51","guid":{"rendered":"http:\/\/folkbat.se\/wordpress\/?p=1522"},"modified":"2018-01-02T16:56:36","modified_gmt":"2018-01-02T15:56:36","slug":"rapport-fran-styrelsemote-25-november-2017","status":"publish","type":"post","link":"https:\/\/folkbat.se\/wordpress\/?p=1522","title":{"rendered":"Rapport fr\u00e5n styrelsem\u00f6te 25 november 2017"},"content":{"rendered":"<p>Folkb\u00e5tsf\u00f6rbundets styrelse m\u00f6ttes i Ljungby 25 november 2017. H\u00e4r f\u00f6ljer ett kort sammandrag:<\/p>\n<li>F\u00f6rbundets medlemsantal \u00f6kade under 2017 efter ett antal \u00e5r av minskning vilket gl\u00e4djer oss.<\/li>\n<li>F\u00f6rbundet utv\u00e4rderade \u00e5rets seglings- och jubileumsevenemang och tittade fram emot n\u00e4stkommande \u00e5rs seglingar. Mer information kommer fr\u00e5n Simrishamns Segels\u00e4llskaps n\u00e4rmare seglingarna. Guldpokalsevenemanget har kortats en dag j\u00e4mf\u00f6rt med vad som tidigare har kommunicerats som prelimin\u00e4rt genom att tiden mellan SM och Guldpokalen har kortats. Guldpokalen kommer nu att h\u00e5llas 8\u201313 juli med registrering 8 juli, SM h\u00e5lls 4\u20137 juli med registrering 4 juli.<\/li>\n<li>Folkb\u00e5tsf\u00f6rbundet utser Pehr-Ola Pehrsson, Ystad, till f\u00f6rbundsm\u00e4tman. Per Arne Johansson forts\u00e4tter som teknisk ansvarig och m\u00e4tchef.<\/li>\n<li>F\u00f6rbundet tackade Svante Svensson f\u00f6r hans och Halmstads Segels\u00e4llskaps arbete med SM-seglingarna och genom att ge honom till den nyinstiftade utm\u00e4rkelsen \u00c5rets folkis. Svante tilldelas utm\u00e4rkelsen f\u00f6r \u201dhans stora engangemang att genomf\u00f6ra ett of\u00f6rgl\u00f6mligt SM och tillh\u00f6rande 75-\u00e5rssjubileum\u201d.<\/li>\n<li>Det finns planer f\u00f6r tr\u00e4ningshelg i Stockholm under f\u00f6rsommaren.<\/li>\n<li>Mer bilder och bildspel p\u00e5 hemsidan efterfr\u00e5gades. Skicka g\u00e4rna intressant material till webb@folkbat.se<\/li>\n","protected":false},"excerpt":{"rendered":"<p>Folkb\u00e5tsf\u00f6rbundets styrelse m\u00f6ttes i Ljungby 25 november 2017. H\u00e4r f\u00f6ljer ett kort sammandrag: F\u00f6rbundets medlemsantal \u00f6kade under 2017 efter ett antal \u00e5r av minskning vilket gl\u00e4djer oss. F\u00f6rbundet utv\u00e4rderade \u00e5rets seglings- och jubileumsevenemang och tittade fram emot n\u00e4stkommande \u00e5rs seglingar.&hellip; <a href=\"https:\/\/folkbat.se\/wordpress\/?p=1522\" class=\"apace-readmore-link\"><span class=\"screen-reader-text\">Rapport fr\u00e5n styrelsem\u00f6te 25 november 2017<\/span>L\u00e4s mer<\/a><\/p>\n","protected":false},"author":1,"featured_media":0,"comment_status":"open","ping_status":"open","sticky":false,"template":"","format":"standard","meta":{"jetpack_post_was_ever_published":false,"_jetpack_newsletter_access":"","_jetpack_dont_email_post_to_subs":false,"_jetpack_newsletter_tier_id":0,"_jetpack_memberships_contains_paywalled_content":false,"_jetpack_memberships_contains_paid_content":false,"footnotes":"","jetpack_publicize_message":"","jetpack_publicize_feature_enabled":true,"jetpack_social_post_already_shared":true,"jetpack_social_options":{"image_generator_settings":{"template":"highway","default_image_id":0,"font":"","enabled":false},"version":2}},"categories":[1],"tags":[],"class_list":["post-1522","post","type-post","status-publish","format-standard","hentry","category-nyheter"],"jetpack_publicize_connections":[],"jetpack_featured_media_url":"","jetpack_sharing_enabled":true,"jetpack_shortlink":"https:\/\/wp.me\/p5CsWc-oy","jetpack-related-posts":[{"id":3116,"url":"https:\/\/folkbat.se\/wordpress\/?p=3116","url_meta":{"origin":1522,"position":0},"title":"SM 2023 till V\u00e4stervik","author":"Webbmaster","date":"26 september 2022","format":false,"excerpt":"De tv\u00e5 segels\u00e4llskapen i V\u00e4stervik, Westerviks Segels\u00e4llskap och V\u00e4sterviks Segels\u00e4llskap Wikingarna har tackat ja till Svenska Folkb\u00e5tsf\u00f6rbundets f\u00f6rfr\u00e5gan att arrangera 2023 \u00e5rs svenska m\u00e4sterskap f\u00f6r Folkb\u00e5t. Detta blir det 58:e m\u00e4sterskapet i ordningen och kommer att h\u00e5llas i slutet av vecka 32, det vill s\u00e4ga i mitten av augusti. T\u00e4nkt\u2026","rel":"","context":"I \u201dKappsegling\u201d","block_context":{"text":"Kappsegling","link":"https:\/\/folkbat.se\/wordpress\/?cat=58"},"img":{"alt_text":"","src":"https:\/\/i0.wp.com\/folkbat.se\/wordpress\/wp-content\/uploads\/2022\/09\/sm23.png?fit=1080%2C1080&ssl=1&resize=350%2C200","width":350,"height":200,"srcset":"https:\/\/i0.wp.com\/folkbat.se\/wordpress\/wp-content\/uploads\/2022\/09\/sm23.png?fit=1080%2C1080&ssl=1&resize=350%2C200 1x, https:\/\/i0.wp.com\/folkbat.se\/wordpress\/wp-content\/uploads\/2022\/09\/sm23.png?fit=1080%2C1080&ssl=1&resize=525%2C300 1.5x, https:\/\/i0.wp.com\/folkbat.se\/wordpress\/wp-content\/uploads\/2022\/09\/sm23.png?fit=1080%2C1080&ssl=1&resize=700%2C400 2x, https:\/\/i0.wp.com\/folkbat.se\/wordpress\/wp-content\/uploads\/2022\/09\/sm23.png?fit=1080%2C1080&ssl=1&resize=1050%2C600 3x"},"classes":[]},{"id":1770,"url":"https:\/\/folkbat.se\/wordpress\/?p=1770","url_meta":{"origin":1522,"position":1},"title":"Karlshamnsseglare svenska m\u00e4stare 2018","author":"Webbmaster","date":"9 juli 2018","format":false,"excerpt":"Karlshamnsseglarna Hans Hamel, Jerry H\u00e5kansson och Lina Hamel i SWE 1373 Noa vann \u00e5rets svenska m\u00e4sterskap i Folkb\u00e5t som avgjordes i Simrishamn 5\u20137 juli i soligt v\u00e4der och l\u00e4tta vindar. Detta blev Hans Hamels fj\u00e4rde SM-tecken i folkb\u00e5t och bes\u00e4ttningen f\u00e5r representera folkb\u00e5tarna vid M\u00e4starnas m\u00e4stare i Marstrand i oktober.\u2026","rel":"","context":"I \u201dNyheter\u201d","block_context":{"text":"Nyheter","link":"https:\/\/folkbat.se\/wordpress\/?cat=1"},"img":{"alt_text":"","src":"https:\/\/i0.wp.com\/folkbat.se\/wordpress\/wp-content\/uploads\/2018\/07\/IMG_4827-1024x768.jpg?resize=350%2C200","width":350,"height":200},"classes":[]},{"id":1395,"url":"https:\/\/folkbat.se\/wordpress\/?p=1395","url_meta":{"origin":1522,"position":2},"title":"Karlskronab\u00e5t svenska m\u00e4stare","author":"Webbmaster","date":"10 juli 2017","format":false,"excerpt":"Under den g\u00e5ngna helgen arrangerades det 53:e Svenska m\u00e4sterskapet i Folkb\u00e5t med i Halmstad. Efter tre dagars seglingar i l\u00e4tta vindar stod det klart att SM-debutanten 1328 Slagh\u00f6ken II fr\u00e5n Karlskrona SS, Magnus Johansson, Anders Cederblad och Jonas Konrad var b\u00e4sta svenska m\u00e4stare och b\u00e4sta svenska bes\u00e4ttning med en total\u2026","rel":"","context":"I \u201dNyheter\u201d","block_context":{"text":"Nyheter","link":"https:\/\/folkbat.se\/wordpress\/?cat=1"},"img":{"alt_text":"","src":"https:\/\/i0.wp.com\/folkbat.se\/wordpress\/wp-content\/uploads\/2017\/07\/IMG_9102.jpg?fit=1200%2C900&ssl=1&resize=350%2C200","width":350,"height":200,"srcset":"https:\/\/i0.wp.com\/folkbat.se\/wordpress\/wp-content\/uploads\/2017\/07\/IMG_9102.jpg?fit=1200%2C900&ssl=1&resize=350%2C200 1x, https:\/\/i0.wp.com\/folkbat.se\/wordpress\/wp-content\/uploads\/2017\/07\/IMG_9102.jpg?fit=1200%2C900&ssl=1&resize=525%2C300 1.5x, https:\/\/i0.wp.com\/folkbat.se\/wordpress\/wp-content\/uploads\/2017\/07\/IMG_9102.jpg?fit=1200%2C900&ssl=1&resize=700%2C400 2x, https:\/\/i0.wp.com\/folkbat.se\/wordpress\/wp-content\/uploads\/2017\/07\/IMG_9102.jpg?fit=1200%2C900&ssl=1&resize=1050%2C600 3x"},"classes":[]},{"id":1218,"url":"https:\/\/folkbat.se\/wordpress\/?p=1218","url_meta":{"origin":1522,"position":3},"title":"Tv\u00e5 folkb\u00e5tar p\u00e5 b\u00e5tm\u00e4ssan Allt f\u00f6r Sj\u00f6n i Stockholm","author":"Webbmaster","date":"28 februari 2017","format":false,"excerpt":"Att folkb\u00e5ten firar 75 \u00e5r kommer att firas p\u00e5 m\u00e5nga s\u00e4tt under \u00e5ret \u2013 nu under helgen och kommande vecka st\u00e4lls tv\u00e5 folkb\u00e5tar ut p\u00e5 b\u00e5tm\u00e4ssan Allt f\u00f6r sj\u00f6n. SWE 2 Jo-Jo och SWE 1358 Sj\u00f6jungfrun kommer att st\u00e5 bredvid varandra i A-hallen monter A06:21. \u00d6ppettider Fredag 3 mars kl\u2026","rel":"","context":"I \u201dNyheter\u201d","block_context":{"text":"Nyheter","link":"https:\/\/folkbat.se\/wordpress\/?cat=1"},"img":{"alt_text":"","src":"https:\/\/i0.wp.com\/folkbat.se\/wordpress\/wp-content\/uploads\/2017\/02\/IMG_3211-768x768.jpg?resize=350%2C200","width":350,"height":200},"classes":[]},{"id":3399,"url":"https:\/\/folkbat.se\/wordpress\/?p=3399","url_meta":{"origin":1522,"position":4},"title":"Fr\u00e5ga om spinnaker","author":"Webbmaster","date":"4 juli 2023","format":false,"excerpt":"Styrelsens\u00a0fr\u00e5ga om spinnaker p\u00e5\u00a0internationella\u00a0kappseglingar blev tyv\u00e4rr felformulerad i\u00a0tidigare utskick.\u00a0 Vi st\u00e4ller d\u00e4rf\u00f6r fr\u00e5gan p\u00e5 nytt.\u00a0Tidigare svar\u00a0(f\u00f6re 2 juli)\u00a0r\u00e4knas\u00a0ej! Fr\u00e5gan lyder:\u00a0 Tycker\u00a0du som medlem i Svenska Folkb\u00e5tsf\u00f6rbundet\u00a0att\u00a0vi ska\u00a0tilll\u00e5ta spinnaker vid\u00a0internationella\u00a0seglingar; det vill s\u00e4ga\u00a0Guldpokalen\u00a0och\u00a0Sessanpokalen?\u00a0 Svara enbart med\u00a0JA\u00a0eller\u00a0NEJ senast\u00a015\u00a0juli 2023\u00a0!Mejla\u00a0svaret\u00a0till\u00a0rolf.upp@gmail.com\u00a0eller sms\u00a0till 0734052233. Var v\u00e4nlig\u00a0ange\u00a0ditt\u00a0namn! Rolf Uppstr\u00f6m,ordf\u00f6rande","rel":"","context":"I \u201dNyheter\u201d","block_context":{"text":"Nyheter","link":"https:\/\/folkbat.se\/wordpress\/?cat=1"},"img":{"alt_text":"","src":"","width":0,"height":0},"classes":[]},{"id":2253,"url":"https:\/\/folkbat.se\/wordpress\/?p=2253","url_meta":{"origin":1522,"position":5},"title":"Program 2021","author":"Webbmaster","date":"14 december 2020","format":false,"excerpt":"Nu b\u00f6rjar det bli dags att planera folkb\u00e5tssommaren 2021. H\u00e4r \u00e4r datumen: 13\u201315 augusti \u2013 Svenska m\u00e4sterskapet, Stenungsund SM-seglingarna planeras att h\u00e5llas s\u00e5som det var planerat f\u00f6r \u00e5rets inst\u00e4llda m\u00e4sterskap med Stenungsunds SS som arrang\u00f6r. Tj\u00f6rn runt g\u00e5r helgen efter. 9\u201311 juli \u2013 Hang\u00f6regattan, Hang\u00f6 13\u201315 juli \u2013 Finska m\u00e4sterskapet,\u2026","rel":"","context":"I \u201dKappsegling\u201d","block_context":{"text":"Kappsegling","link":"https:\/\/folkbat.se\/wordpress\/?cat=58"},"img":{"alt_text":"","src":"https:\/\/i0.wp.com\/folkbat.se\/wordpress\/wp-content\/uploads\/2020\/12\/image2-500x353.jpeg?resize=350%2C200","width":350,"height":200},"classes":[]}],"_links":{"self":[{"href":"https:\/\/folkbat.se\/wordpress\/index.php?rest_route=\/wp\/v2\/posts\/1522","targetHints":{"allow":["GET"]}}],"collection":[{"href":"https:\/\/folkbat.se\/wordpress\/index.php?rest_route=\/wp\/v2\/posts"}],"about":[{"href":"https:\/\/folkbat.se\/wordpress\/index.php?rest_route=\/wp\/v2\/types\/post"}],"author":[{"embeddable":true,"href":"https:\/\/folkbat.se\/wordpress\/index.php?rest_route=\/wp\/v2\/users\/1"}],"replies":[{"embeddable":true,"href":"https:\/\/folkbat.se\/wordpress\/index.php?rest_route=%2Fwp%2Fv2%2Fcomments&post=1522"}],"version-history":[{"count":4,"href":"https:\/\/folkbat.se\/wordpress\/index.php?rest_route=\/wp\/v2\/posts\/1522\/revisions"}],"predecessor-version":[{"id":1530,"href":"https:\/\/folkbat.se\/wordpress\/index.php?rest_route=\/wp\/v2\/posts\/1522\/revisions\/1530"}],"wp:attachment":[{"href":"https:\/\/folkbat.se\/wordpress\/index.php?rest_route=%2Fwp%2Fv2%2Fmedia&parent=1522"}],"wp:term":[{"taxonomy":"category","embeddable":true,"href":"https:\/\/folkbat.se\/wordpress\/index.php?rest_route=%2Fwp%2Fv2%2Fcategories&post=1522"},{"taxonomy":"post_tag","embeddable":true,"href":"https:\/\/folkbat.se\/wordpress\/index.php?rest_route=%2Fwp%2Fv2%2Ftags&post=1522"}],"curies":[{"name":"wp","href":"https:\/\/api.w.org\/{rel}","templated":true}]}}