{"id":1581,"date":"2018-01-29T13:44:17","date_gmt":"2018-01-29T12:44:17","guid":{"rendered":"http:\/\/folkbat.se\/wordpress\/?p=1581"},"modified":"2018-01-29T13:46:05","modified_gmt":"2018-01-29T12:46:05","slug":"sm-och-guldpokalsidan-igang","status":"publish","type":"post","link":"https:\/\/folkbat.se\/wordpress\/?p=1581","title":{"rendered":"SM- och Guldpokalsidan ig\u00e5ng"},"content":{"rendered":"<p>Nu \u00e4r Simrishamns Segels\u00e4llskaps sida inf\u00f6r sommarens evenemang, <a href=\"http:\/\/www.sailosterlen.se\">www.sailosterlen.se<\/a>, uppe p\u00e5 internet. H\u00e4r kommer ett meddelande fr\u00e5n arrang\u00f6rerna:<\/p>\n<blockquote><p>\n<strong>SM Nordisk folkb\u00e5t<br \/>\nNordic Folkboat Gold Cup<\/strong><\/p>\n<p>Simrishamns Segels\u00e4llskap inbjuder dig och alla andra folkb\u00e5tsseglare fr\u00e5n hela v\u00e4rlden till \u00e5rets folkb\u00e5tsevenemang i Simrishamn,<br \/>\nSM Nordisk folkb\u00e5t 2018 den 4\u20138 juli och<br \/>\nNordic Folkboat Gold Cup 2018 den 8\u201313 juli.<br \/>\nB\u00e5da regattorna \u00e4r \u00f6ppna f\u00f6r internationellt deltagande.<\/p>\n<p>Inbjudan och annan information kan du hitta p\u00e5 <a href=\"http:\/\/www.sailosterlen.se\">www.sailosterlen.se<\/a>, d\u00e4r \u00e4ven anm\u00e4lan till regattorna sker. Hemsidans inneh\u00e5ll kommer fortl\u00f6pande att uppdateras. L\u00e4gg g\u00e4rna till den som favorit i din webbl\u00e4sare.<\/p>\n<p>V\u00e4nligen sprid detta meddelande med bilagor vidare till alla folkb\u00e5tsseglare.<\/p>\n<p>V\u00e4lkommen!\n<\/p><\/blockquote>\n<blockquote><p>\n<strong>Swe Ch Nordic Folkboat<br \/>\nNordic Folkboat Gold Cup<\/strong><\/p>\n<p>Simrishamns Segels\u00e4llskap invites you and all other folkboaters from all over the world to the event of the year in Simrishamn, Sweden,<br \/>\nSwedish Championship Nordic Folkboat 2018 on July 4\u20138 and<br \/>\nNordic Folkboat Gold Cup 2018 on July 8\u201313.<br \/>\nBoth of the regattas will be open for international participation.<\/p>\n<p>Notice of Race and other information can be found on <a href=\"http:\/\/www.sailosterlen.se\">www.sailosterlen.se<\/a>, where you also can enter by completing the entry form. The web-site will be updated continuously. Please add it as a favourite in your web browser.<\/p>\n<p>Please forward this message and appendix to all folkboaters.<\/p>\n<p>Welcome!\n<\/p><\/blockquote>\n","protected":false},"excerpt":{"rendered":"<p>Nu \u00e4r Simrishamns Segels\u00e4llskaps sida inf\u00f6r sommarens evenemang, www.sailosterlen.se, uppe p\u00e5 internet. H\u00e4r kommer ett meddelande fr\u00e5n arrang\u00f6rerna: SM Nordisk folkb\u00e5t Nordic Folkboat Gold Cup Simrishamns Segels\u00e4llskap inbjuder dig och alla andra folkb\u00e5tsseglare fr\u00e5n hela v\u00e4rlden till \u00e5rets folkb\u00e5tsevenemang i&hellip; <a href=\"https:\/\/folkbat.se\/wordpress\/?p=1581\" class=\"apace-readmore-link\"><span class=\"screen-reader-text\">SM- och Guldpokalsidan ig\u00e5ng<\/span>L\u00e4s mer<\/a><\/p>\n","protected":false},"author":1,"featured_media":0,"comment_status":"open","ping_status":"open","sticky":false,"template":"","format":"standard","meta":{"jetpack_post_was_ever_published":false,"_jetpack_newsletter_access":"","_jetpack_dont_email_post_to_subs":false,"_jetpack_newsletter_tier_id":0,"_jetpack_memberships_contains_paywalled_content":false,"_jetpack_memberships_contains_paid_content":false,"footnotes":"","jetpack_publicize_message":"","jetpack_publicize_feature_enabled":true,"jetpack_social_post_already_shared":true,"jetpack_social_options":{"image_generator_settings":{"template":"highway","default_image_id":0,"font":"","enabled":false},"version":2}},"categories":[1],"tags":[],"class_list":["post-1581","post","type-post","status-publish","format-standard","hentry","category-nyheter"],"jetpack_publicize_connections":[],"jetpack_featured_media_url":"","jetpack_sharing_enabled":true,"jetpack_shortlink":"https:\/\/wp.me\/p5CsWc-pv","jetpack-related-posts":[{"id":1620,"url":"https:\/\/folkbat.se\/wordpress\/?p=1620","url_meta":{"origin":1581,"position":0},"title":"Ni har v\u00e4l inte gl\u00f6mt att anm\u00e4la er till SM och Guldpokalen?","author":"Webbmaster","date":"5 april 2018","format":false,"excerpt":"I och med den sena vintern \u00e4r det kanske en del som har gl\u00f6mt bort vad som sommar och segling \u00e4r f\u00f6r n\u00e5got. H\u00e4r kommer ett meddelande fr\u00e5n Simrishamns Segels\u00e4llskap om sommarens h\u00f6jdpunkt: F\u00f6reberedelserna inf\u00f6r SM Nordisk folkb\u00e5t och Gold Cup i Simrishamn i juli forts\u00e4tter. Det \u00e4r nu dags\u2026","rel":"","context":"I \u201dNyheter\u201d","block_context":{"text":"Nyheter","link":"https:\/\/folkbat.se\/wordpress\/?cat=1"},"img":{"alt_text":"","src":"https:\/\/i0.wp.com\/folkbat.se\/wordpress\/wp-content\/uploads\/2018\/04\/54-1-1024x664.jpg?resize=350%2C200","width":350,"height":200},"classes":[]},{"id":3567,"url":"https:\/\/folkbat.se\/wordpress\/?p=3567","url_meta":{"origin":1581,"position":1},"title":"Nu g\u00e5r det att anm\u00e4la sig till Guldpokalen","author":"Webbmaster","date":"13 februari 2024","format":false,"excerpt":"Nu \u00e4r inbjudan publicerad och anm\u00e4lan har \u00f6ppnat till sommarens Guldpokalen i Halmstad. Dessa \u00e5terfinns p\u00e5 https:\/\/www.sailarena.com\/en\/se\/club\/hass\/nordic-folkboat-gold-cup-2024\/. Arrang\u00f6ren Halmstads Segels\u00e4llskap skriver: This year's Nordic Folkboat Gold Cup is setting sail in Halmstad, along the scenic west coast of Sweden, July 6-12. Great news for sailors and fans alike: the Notice\u2026","rel":"","context":"I \u201dNyheter\u201d","block_context":{"text":"Nyheter","link":"https:\/\/folkbat.se\/wordpress\/?cat=1"},"img":{"alt_text":"","src":"https:\/\/i0.wp.com\/folkbat.se\/wordpress\/wp-content\/uploads\/2023\/11\/image.png?fit=848%2C1200&ssl=1&resize=350%2C200","width":350,"height":200,"srcset":"https:\/\/i0.wp.com\/folkbat.se\/wordpress\/wp-content\/uploads\/2023\/11\/image.png?fit=848%2C1200&ssl=1&resize=350%2C200 1x, https:\/\/i0.wp.com\/folkbat.se\/wordpress\/wp-content\/uploads\/2023\/11\/image.png?fit=848%2C1200&ssl=1&resize=525%2C300 1.5x, https:\/\/i0.wp.com\/folkbat.se\/wordpress\/wp-content\/uploads\/2023\/11\/image.png?fit=848%2C1200&ssl=1&resize=700%2C400 2x"},"classes":[]},{"id":1738,"url":"https:\/\/folkbat.se\/wordpress\/?p=1738","url_meta":{"origin":1581,"position":2},"title":"All you need to know for Simrishamn 2018 (updated 12 June)","author":"Webbmaster","date":"8 juni 2018","format":false,"excerpt":"The Gold Cup and the Swedish Championship in Simrishamn are approaching. Here's everything you need to know if you haven't registered yet. For more info and registration, see https:\/\/www.sailosterlen.se. Current list of participants can be found here. The venue Simrishamn is a town on the eastern coast of Sk\u00e5ne, Sweden\u2026","rel":"","context":"I \u201dNyheter\u201d","block_context":{"text":"Nyheter","link":"https:\/\/folkbat.se\/wordpress\/?cat=1"},"img":{"alt_text":"","src":"https:\/\/i0.wp.com\/folkbat.se\/wordpress\/wp-content\/uploads\/2018\/06\/1617842_728844487146825_1440294041_o.jpg?fit=1200%2C800&ssl=1&resize=350%2C200","width":350,"height":200,"srcset":"https:\/\/i0.wp.com\/folkbat.se\/wordpress\/wp-content\/uploads\/2018\/06\/1617842_728844487146825_1440294041_o.jpg?fit=1200%2C800&ssl=1&resize=350%2C200 1x, https:\/\/i0.wp.com\/folkbat.se\/wordpress\/wp-content\/uploads\/2018\/06\/1617842_728844487146825_1440294041_o.jpg?fit=1200%2C800&ssl=1&resize=525%2C300 1.5x, https:\/\/i0.wp.com\/folkbat.se\/wordpress\/wp-content\/uploads\/2018\/06\/1617842_728844487146825_1440294041_o.jpg?fit=1200%2C800&ssl=1&resize=700%2C400 2x, https:\/\/i0.wp.com\/folkbat.se\/wordpress\/wp-content\/uploads\/2018\/06\/1617842_728844487146825_1440294041_o.jpg?fit=1200%2C800&ssl=1&resize=1050%2C600 3x"},"classes":[]},{"id":1115,"url":"https:\/\/folkbat.se\/wordpress\/?p=1115","url_meta":{"origin":1581,"position":3},"title":"Svenska m\u00e4sterskapet 2017 i Halmstad","author":"Webbmaster","date":"1 oktober 2016","format":false,"excerpt":"English version below. Halmstads Segels\u00e4llskap meddelar att 2017 \u00e5rs Svenska m\u00e4sterskap i Folkb\u00e5t, det 53:e i ordningen, kommer att h\u00e5llas i Halmstad 5\u20138 juli 2017. Det blir andra g\u00e5ngen SM h\u00e5lls i Halmstad, som \u00e4ven var v\u00e4rdar f\u00f6r arrangemanget 1996 och 2001 \u00e5rs Guldpokalen. Mer information kommer i Folkb\u00e5tsnytt, p\u00e5\u2026","rel":"","context":"I \u201dNyheter\u201d","block_context":{"text":"Nyheter","link":"https:\/\/folkbat.se\/wordpress\/?cat=1"},"img":{"alt_text":"","src":"","width":0,"height":0},"classes":[]},{"id":3708,"url":"https:\/\/folkbat.se\/wordpress\/?p=3708","url_meta":{"origin":1581,"position":4},"title":"Dags f\u00f6r Guldpokalen i Halmstad","author":"Webbmaster","date":"7 juli 2024","format":false,"excerpt":"Foto: Johan Rasin Dags f\u00f6r Guldpokalen i Halmstad! M\u00e5ndag b\u00f6rjar kappseglingarna med 52 folkb\u00e5tar fr\u00e5n Sverige, Tyskland, Danmark, Storbritannien, Estland och Finland. Det \u00e4r 60:e g\u00e5ngen det seglas om pokalen och f\u00f6rsta g\u00e5ngen i Sverige sedan 2018. F\u00f6lj Guldpokalen h\u00e4r: https:\/\/www.sailarena.com\/sv\/se\/club\/hass\/nordic-folkboat-gold-cup-2024\/","rel":"","context":"I \u201dNyheter\u201d","block_context":{"text":"Nyheter","link":"https:\/\/folkbat.se\/wordpress\/?cat=1"},"img":{"alt_text":"","src":"https:\/\/i0.wp.com\/folkbat.se\/wordpress\/wp-content\/uploads\/2024\/07\/img_0100-1.jpg?fit=900%2C1200&ssl=1&resize=350%2C200","width":350,"height":200,"srcset":"https:\/\/i0.wp.com\/folkbat.se\/wordpress\/wp-content\/uploads\/2024\/07\/img_0100-1.jpg?fit=900%2C1200&ssl=1&resize=350%2C200 1x, https:\/\/i0.wp.com\/folkbat.se\/wordpress\/wp-content\/uploads\/2024\/07\/img_0100-1.jpg?fit=900%2C1200&ssl=1&resize=525%2C300 1.5x, https:\/\/i0.wp.com\/folkbat.se\/wordpress\/wp-content\/uploads\/2024\/07\/img_0100-1.jpg?fit=900%2C1200&ssl=1&resize=700%2C400 2x"},"classes":[]},{"id":729,"url":"https:\/\/folkbat.se\/wordpress\/?p=729","url_meta":{"origin":1581,"position":5},"title":"Svenska m\u00e4sterskapet 2016 i Stockholm","author":"Webbmaster","date":"9 oktober 2015","format":false,"excerpt":"Uppdaterat: Datumen f\u00f6r m\u00e4sterskapet blir 16\u201319 juli, inte 17\u201320 juli som tidigare meddelats. English version below. Det 52:a Svenska m\u00e4sterskapet i Folkb\u00e5t kommer att h\u00e5llas p\u00e5 Lilla V\u00e4rtan vid Hundudden, Djurg\u00e5rden i Stockholm av Vikingarnas Segels\u00e4llskap 16\u201319 juli. \u00d6nskem\u00e5let har hela tiden varit att m\u00e4sterskapet ska passa bra ihop med\u2026","rel":"","context":"I \u201dNyheter\u201d","block_context":{"text":"Nyheter","link":"https:\/\/folkbat.se\/wordpress\/?cat=1"},"img":{"alt_text":"Seglingar i Stockholm. Foto: Christian Falk","src":"https:\/\/i0.wp.com\/folkbat.se\/wordpress\/wp-content\/uploads\/2015\/10\/IMG_9597-1024x683.jpg?resize=350%2C200","width":350,"height":200},"classes":[]}],"_links":{"self":[{"href":"https:\/\/folkbat.se\/wordpress\/index.php?rest_route=\/wp\/v2\/posts\/1581","targetHints":{"allow":["GET"]}}],"collection":[{"href":"https:\/\/folkbat.se\/wordpress\/index.php?rest_route=\/wp\/v2\/posts"}],"about":[{"href":"https:\/\/folkbat.se\/wordpress\/index.php?rest_route=\/wp\/v2\/types\/post"}],"author":[{"embeddable":true,"href":"https:\/\/folkbat.se\/wordpress\/index.php?rest_route=\/wp\/v2\/users\/1"}],"replies":[{"embeddable":true,"href":"https:\/\/folkbat.se\/wordpress\/index.php?rest_route=%2Fwp%2Fv2%2Fcomments&post=1581"}],"version-history":[{"count":4,"href":"https:\/\/folkbat.se\/wordpress\/index.php?rest_route=\/wp\/v2\/posts\/1581\/revisions"}],"predecessor-version":[{"id":1585,"href":"https:\/\/folkbat.se\/wordpress\/index.php?rest_route=\/wp\/v2\/posts\/1581\/revisions\/1585"}],"wp:attachment":[{"href":"https:\/\/folkbat.se\/wordpress\/index.php?rest_route=%2Fwp%2Fv2%2Fmedia&parent=1581"}],"wp:term":[{"taxonomy":"category","embeddable":true,"href":"https:\/\/folkbat.se\/wordpress\/index.php?rest_route=%2Fwp%2Fv2%2Fcategories&post=1581"},{"taxonomy":"post_tag","embeddable":true,"href":"https:\/\/folkbat.se\/wordpress\/index.php?rest_route=%2Fwp%2Fv2%2Ftags&post=1581"}],"curies":[{"name":"wp","href":"https:\/\/api.w.org\/{rel}","templated":true}]}}