{"id":1590,"date":"2018-02-07T15:31:52","date_gmt":"2018-02-07T14:31:52","guid":{"rendered":"http:\/\/folkbat.se\/wordpress\/?p=1590"},"modified":"2018-02-11T21:40:50","modified_gmt":"2018-02-11T20:40:50","slug":"ostkustprogrammet-2018","status":"publish","type":"post","link":"https:\/\/folkbat.se\/wordpress\/?p=1590","title":{"rendered":"Ostkustprogrammet 2018"},"content":{"rendered":"<p>Nu \u00e4r <a href=\"http:\/\/www.folkbat.se\/ostkusten.html\">Ostkustens Folkb\u00e5tsflottiljs sida<\/a> uppdaterad med \u00e5rsprogrammet f\u00f6r 2018. I Stockholmsserien ing\u00e5r prelimin\u00e4rt:<\/p>\n<li>26-27 maj \u2013 Saltsj\u00f6badsregattan, Saltsj\u00f6baden<\/li>\n<li>16-17 juni \u2013 Vikingaregattan med DM, VSS Lilla V\u00e4rtan<\/li>\n<li>18\u201319 augusti \u2013 G\u00e4ddisregattan, Lilla Skratten, V\u00e4stra Saxarfj\u00e4rden<\/li>\n<li>8-9 september \u2013 SSS H\u00f6stregatta, Rastaholm<\/li>\n","protected":false},"excerpt":{"rendered":"<p>Nu \u00e4r Ostkustens Folkb\u00e5tsflottiljs sida uppdaterad med \u00e5rsprogrammet f\u00f6r 2018. I Stockholmsserien ing\u00e5r prelimin\u00e4rt: 26-27 maj \u2013 Saltsj\u00f6badsregattan, Saltsj\u00f6baden 16-17 juni \u2013 Vikingaregattan med DM, VSS Lilla V\u00e4rtan 18\u201319 augusti \u2013 G\u00e4ddisregattan, Lilla Skratten, V\u00e4stra Saxarfj\u00e4rden 8-9 september \u2013 SSS&hellip; <a href=\"https:\/\/folkbat.se\/wordpress\/?p=1590\" class=\"apace-readmore-link\"><span class=\"screen-reader-text\">Ostkustprogrammet 2018<\/span>L\u00e4s mer<\/a><\/p>\n","protected":false},"author":1,"featured_media":0,"comment_status":"open","ping_status":"open","sticky":false,"template":"","format":"standard","meta":{"jetpack_post_was_ever_published":false,"_jetpack_newsletter_access":"","_jetpack_dont_email_post_to_subs":false,"_jetpack_newsletter_tier_id":0,"_jetpack_memberships_contains_paywalled_content":false,"_jetpack_memberships_contains_paid_content":false,"footnotes":"","jetpack_publicize_message":"","jetpack_publicize_feature_enabled":true,"jetpack_social_post_already_shared":true,"jetpack_social_options":{"image_generator_settings":{"template":"highway","default_image_id":0,"font":"","enabled":false},"version":2}},"categories":[1],"tags":[],"class_list":["post-1590","post","type-post","status-publish","format-standard","hentry","category-nyheter"],"jetpack_publicize_connections":[],"jetpack_featured_media_url":"","jetpack_sharing_enabled":true,"jetpack_shortlink":"https:\/\/wp.me\/p5CsWc-pE","jetpack-related-posts":[{"id":1024,"url":"https:\/\/folkbat.se\/wordpress\/?p=1024","url_meta":{"origin":1590,"position":0},"title":"\u00c5rets SM-seglingar har b\u00f6rjat","author":"Webbmaster","date":"17 juli 2016","format":false,"excerpt":"Folkb\u00e5tarna p\u00e5b\u00f6rjade idag sitt 52:a Svenska m\u00e4sterskap med seglingar p\u00e5 Lilla V\u00e4rtan vid Djurg\u00e5rden i Stockholm. Resultat fr\u00e5n t\u00e4vlingarna finns h\u00e4r.","rel":"","context":"I \u201dNyheter\u201d","block_context":{"text":"Nyheter","link":"https:\/\/folkbat.se\/wordpress\/?cat=1"},"img":{"alt_text":"","src":"","width":0,"height":0},"classes":[]},{"id":1031,"url":"https:\/\/folkbat.se\/wordpress\/?p=1031","url_meta":{"origin":1590,"position":1},"title":"Olsen, W\u00e4rneg\u00e5rd och W\u00e4rneg\u00e5rd svenska m\u00e4stare 2016","author":"Webbmaster","date":"19 juli 2016","format":false,"excerpt":"\u00c5rets SM-seglingar i Folkb\u00e5t som har p\u00e5b\u00f6rjades i s\u00f6ndags avslutades under tisdagen med en segling. Seglingarna arrangerades av Vikingarnas Segels\u00e4llskap p\u00e5 Lilla V\u00e4rtan vid Djurg\u00e5rden i Stockholm. Det var tredje g\u00e5ngen seglingarna h\u00f6lls p\u00e5 dessa vatten, d\u00e5 de \u00e4ven h\u00f6lls h\u00e4r 2001 och 2011. Genom att Anders Olsen med gastarna\u2026","rel":"","context":"I \u201dNyheter\u201d","block_context":{"text":"Nyheter","link":"https:\/\/folkbat.se\/wordpress\/?cat=1"},"img":{"alt_text":"21 folkb\u00e5tar i tr\u00e4 och glasfiberplast deltar i \u00e5rets SM-seglingar p\u00e5 Lilla V\u00e4rtan vid Djurg\u00e5rden, Stockholm.","src":"https:\/\/i0.wp.com\/folkbat.se\/wordpress\/wp-content\/uploads\/2016\/07\/SM-M22-Folkb%C3%A5t-2016-dag-2-124-23-1024x607.jpeg?resize=350%2C200","width":350,"height":200},"classes":[]},{"id":3156,"url":"https:\/\/folkbat.se\/wordpress\/?p=3156","url_meta":{"origin":1590,"position":2},"title":"Danska och tyska kappseglingar 2023","author":"Webbmaster","date":"10 december 2022","format":false,"excerpt":"B\u00f6rjar det bli dags att plita ner Folkb\u00e5tssommaren i kalendern? Dessa seglingar i Danmark och p\u00e5 tyska \u00f6stersj\u00f6kusten ing\u00e5r i den danska rangelisten eller brukar locka m\u00e5nga folkb\u00e5tar till start. H\u00e5ndv\u00e6rker cup i J\u00e6gerspris 6\u20137 majDen traditionsenliga starten p\u00e5 den danska rangelisten i J\u00e6gerspris strax v\u00e4ster om K\u00f6penhamn. 17 b\u00e5tar\u2026","rel":"","context":"I \u201dKappsegling\u201d","block_context":{"text":"Kappsegling","link":"https:\/\/folkbat.se\/wordpress\/?cat=58"},"img":{"alt_text":"","src":"https:\/\/i0.wp.com\/folkbat.se\/wordpress\/wp-content\/uploads\/2022\/12\/denger23.png?fit=1080%2C1080&ssl=1&resize=350%2C200","width":350,"height":200,"srcset":"https:\/\/i0.wp.com\/folkbat.se\/wordpress\/wp-content\/uploads\/2022\/12\/denger23.png?fit=1080%2C1080&ssl=1&resize=350%2C200 1x, https:\/\/i0.wp.com\/folkbat.se\/wordpress\/wp-content\/uploads\/2022\/12\/denger23.png?fit=1080%2C1080&ssl=1&resize=525%2C300 1.5x, https:\/\/i0.wp.com\/folkbat.se\/wordpress\/wp-content\/uploads\/2022\/12\/denger23.png?fit=1080%2C1080&ssl=1&resize=700%2C400 2x, https:\/\/i0.wp.com\/folkbat.se\/wordpress\/wp-content\/uploads\/2022\/12\/denger23.png?fit=1080%2C1080&ssl=1&resize=1050%2C600 3x"},"classes":[]},{"id":229,"url":"https:\/\/folkbat.se\/wordpress\/?p=229","url_meta":{"origin":1590,"position":3},"title":"Danska m\u00e4sterskapet \u00f6ppet f\u00f6r svenska seglare","author":"Webbmaster","date":"28 april 2015","format":false,"excerpt":"De danska folkb\u00e5tsseglarna har best\u00e4mt att det Danska m\u00e4sterskapet kommer att vara \u00f6ppet f\u00f6r icke-danska seglare med start i \u00e5r. Det f\u00f6rsta \u00f6ppna Danska m\u00e4sterskapet kommer att h\u00e5llas i Hejlsminde s\u00f6der om Kolding vid Lilla b\u00e4lt och arrangeras av Kolding Sejlklub. M\u00e4sterskapet kommer att g\u00e5 av stapeln 7\u201311 juli 2015.\u2026","rel":"","context":"I \u201dNyheter\u201d","block_context":{"text":"Nyheter","link":"https:\/\/folkbat.se\/wordpress\/?cat=1"},"img":{"alt_text":"","src":"","width":0,"height":0},"classes":[]},{"id":985,"url":"https:\/\/folkbat.se\/wordpress\/?p=985","url_meta":{"origin":1590,"position":4},"title":"W\u00e4rneg\u00e5rd och Hagerman b\u00e4st p\u00e5 Lilla V\u00e4rtan","author":"Webbmaster","date":"19 juni 2016","format":false,"excerpt":"I helgen seglades Vikingaregattan vid Hundudden p\u00e5 G\u00e4rdet i Stockholm. T\u00e4vlingarna inneh\u00f6ll \u00e4ven distriktsm\u00e4sterskap f\u00f6r Stockholmsdistriktet. 12 b\u00e5tar testade p\u00e5 de blivande SM-vattnen p\u00e5 Lilla V\u00e4rtan, vilket var n\u00e5got fler \u00e4n de senaste \u00e5ren. De tolv fick f\u00f6rutom SM-vattnen och dess lynniga vindar \u00e4ven testa p\u00e5 b\u00e5de regn och sol.\u2026","rel":"","context":"I \u201dNyheter\u201d","block_context":{"text":"Nyheter","link":"https:\/\/folkbat.se\/wordpress\/?cat=1"},"img":{"alt_text":"DSC_0014","src":"https:\/\/i0.wp.com\/folkbat.se\/wordpress\/wp-content\/uploads\/2016\/06\/DSC_0014-1024x553.jpg?resize=350%2C200","width":350,"height":200},"classes":[]},{"id":1764,"url":"https:\/\/folkbat.se\/wordpress\/?p=1764","url_meta":{"origin":1590,"position":5},"title":"Lasse och Ronny K\u00f6hler vinnare av Vikingaregattan","author":"Webbmaster","date":"19 juni 2018","format":false,"excerpt":"Lasse och Ronny K\u00f6hler, Nyk\u00f6pings SS vann helgens Vikingaregattan som arrangerades av Vikingarnas SS p\u00e5 Lilla V\u00e4rtan. Sju b\u00e5tar kom till start och K\u00f6hlers stod till slut med vandringspriset efter tre spikar p\u00e5 fem seglingar. Tv\u00e5a blev Hobbe W\u00e4rneg\u00e5rd, en po\u00e4ng efter och trea blev Donald Bratt. Anders Olsen leder\u2026","rel":"","context":"I \u201dOstkustens Folkb\u00e5tsklubb\u201d","block_context":{"text":"Ostkustens Folkb\u00e5tsklubb","link":"https:\/\/folkbat.se\/wordpress\/?cat=49"},"img":{"alt_text":"","src":"https:\/\/i0.wp.com\/folkbat.se\/wordpress\/wp-content\/uploads\/2018\/06\/IMG_9043.jpg?resize=350%2C200&ssl=1","width":350,"height":200,"srcset":"https:\/\/i0.wp.com\/folkbat.se\/wordpress\/wp-content\/uploads\/2018\/06\/IMG_9043.jpg?resize=350%2C200&ssl=1 1x, https:\/\/i0.wp.com\/folkbat.se\/wordpress\/wp-content\/uploads\/2018\/06\/IMG_9043.jpg?resize=525%2C300&ssl=1 1.5x, https:\/\/i0.wp.com\/folkbat.se\/wordpress\/wp-content\/uploads\/2018\/06\/IMG_9043.jpg?resize=700%2C400&ssl=1 2x, https:\/\/i0.wp.com\/folkbat.se\/wordpress\/wp-content\/uploads\/2018\/06\/IMG_9043.jpg?resize=1050%2C600&ssl=1 3x, https:\/\/i0.wp.com\/folkbat.se\/wordpress\/wp-content\/uploads\/2018\/06\/IMG_9043.jpg?resize=1400%2C800&ssl=1 4x"},"classes":[]}],"_links":{"self":[{"href":"https:\/\/folkbat.se\/wordpress\/index.php?rest_route=\/wp\/v2\/posts\/1590","targetHints":{"allow":["GET"]}}],"collection":[{"href":"https:\/\/folkbat.se\/wordpress\/index.php?rest_route=\/wp\/v2\/posts"}],"about":[{"href":"https:\/\/folkbat.se\/wordpress\/index.php?rest_route=\/wp\/v2\/types\/post"}],"author":[{"embeddable":true,"href":"https:\/\/folkbat.se\/wordpress\/index.php?rest_route=\/wp\/v2\/users\/1"}],"replies":[{"embeddable":true,"href":"https:\/\/folkbat.se\/wordpress\/index.php?rest_route=%2Fwp%2Fv2%2Fcomments&post=1590"}],"version-history":[{"count":6,"href":"https:\/\/folkbat.se\/wordpress\/index.php?rest_route=\/wp\/v2\/posts\/1590\/revisions"}],"predecessor-version":[{"id":1599,"href":"https:\/\/folkbat.se\/wordpress\/index.php?rest_route=\/wp\/v2\/posts\/1590\/revisions\/1599"}],"wp:attachment":[{"href":"https:\/\/folkbat.se\/wordpress\/index.php?rest_route=%2Fwp%2Fv2%2Fmedia&parent=1590"}],"wp:term":[{"taxonomy":"category","embeddable":true,"href":"https:\/\/folkbat.se\/wordpress\/index.php?rest_route=%2Fwp%2Fv2%2Fcategories&post=1590"},{"taxonomy":"post_tag","embeddable":true,"href":"https:\/\/folkbat.se\/wordpress\/index.php?rest_route=%2Fwp%2Fv2%2Ftags&post=1590"}],"curies":[{"name":"wp","href":"https:\/\/api.w.org\/{rel}","templated":true}]}}