{"id":1593,"date":"2018-02-07T15:39:26","date_gmt":"2018-02-07T14:39:26","guid":{"rendered":"http:\/\/folkbat.se\/wordpress\/?p=1593"},"modified":"2018-02-07T15:39:26","modified_gmt":"2018-02-07T14:39:26","slug":"regatta-i-mariefred-26-28-juli-2018","status":"publish","type":"post","link":"https:\/\/folkbat.se\/wordpress\/?p=1593","title":{"rendered":"Regatta i Mariefred 26\u201328 juli 2018"},"content":{"rendered":"<p>F\u00f6r f\u00f6rsta g\u00e5ngen sedan 1900-talet arrangeras det en stor regatta i Mariefred f\u00f6r klassiska segelb\u00e5tar. I f\u00f6rsta hand handlar det om att samla s\u00e5 m\u00e5nga segeljakter byggda f\u00f6re 1918 som m\u00f6jligt. Hundra\u00e5ringarna i Mariefred.<\/p>\n<p>Men Folkb\u00e5ten \u00e4r ju en typiskt klassisk segelb\u00e5t f\u00f6r alla kommer vi speciellt att v\u00e4lkomna dessa. Om det \u00e4r plast eller tr\u00e4 spelar ingen roll!<\/p>\n<p>D\u00e5 Svenska Seglarf\u00f6rbundet, som \u00e4r en av sponsorerna, uttryckt en \u00f6nskan om att vi ocks\u00e5 arrangerar &#8221;prova p\u00e5&#8221; segling skulle det vara fint om det kom ett antal Folkor. De passar ju utm\u00e4rkt f\u00f6r prova-p\u00e5 segling!<\/p>\n<p>F\u00f6r att erbjuda Folkorna mer \u00e4n prova-p\u00e5, kommer det att bli tv\u00e5 dagar (torsdag\/fredag) med distanskappsegling och l\u00f6rdagen kommer vi ha en uppvisningssegling, typ &#8221;turnaround fleet&#8221;.<br \/>\nNaturligtvis blir det kringaktiviter och regattamiddag!<\/p>\n<p>Kontakta <a href=\"mailto:nisse@javist.com\">nisse@javist.com<\/a> f\u00f6r mer information<br \/>\nGustaf\/Citona F 742<\/p>\n","protected":false},"excerpt":{"rendered":"<p>F\u00f6r f\u00f6rsta g\u00e5ngen sedan 1900-talet arrangeras det en stor regatta i Mariefred f\u00f6r klassiska segelb\u00e5tar. I f\u00f6rsta hand handlar det om att samla s\u00e5 m\u00e5nga segeljakter byggda f\u00f6re 1918 som m\u00f6jligt. Hundra\u00e5ringarna i Mariefred. Men Folkb\u00e5ten \u00e4r ju en typiskt&hellip; <a href=\"https:\/\/folkbat.se\/wordpress\/?p=1593\" class=\"apace-readmore-link\"><span class=\"screen-reader-text\">Regatta i Mariefred 26\u201328 juli 2018<\/span>L\u00e4s mer<\/a><\/p>\n","protected":false},"author":1,"featured_media":0,"comment_status":"open","ping_status":"open","sticky":false,"template":"","format":"standard","meta":{"jetpack_post_was_ever_published":false,"_jetpack_newsletter_access":"","_jetpack_dont_email_post_to_subs":false,"_jetpack_newsletter_tier_id":0,"_jetpack_memberships_contains_paywalled_content":false,"_jetpack_memberships_contains_paid_content":false,"footnotes":"","jetpack_publicize_message":"","jetpack_publicize_feature_enabled":true,"jetpack_social_post_already_shared":true,"jetpack_social_options":{"image_generator_settings":{"template":"highway","default_image_id":0,"font":"","enabled":false},"version":2}},"categories":[1],"tags":[],"class_list":["post-1593","post","type-post","status-publish","format-standard","hentry","category-nyheter"],"jetpack_publicize_connections":[],"jetpack_featured_media_url":"","jetpack_sharing_enabled":true,"jetpack_shortlink":"https:\/\/wp.me\/p5CsWc-pH","jetpack-related-posts":[{"id":1620,"url":"https:\/\/folkbat.se\/wordpress\/?p=1620","url_meta":{"origin":1593,"position":0},"title":"Ni har v\u00e4l inte gl\u00f6mt att anm\u00e4la er till SM och Guldpokalen?","author":"Webbmaster","date":"5 april 2018","format":false,"excerpt":"I och med den sena vintern \u00e4r det kanske en del som har gl\u00f6mt bort vad som sommar och segling \u00e4r f\u00f6r n\u00e5got. H\u00e4r kommer ett meddelande fr\u00e5n Simrishamns Segels\u00e4llskap om sommarens h\u00f6jdpunkt: F\u00f6reberedelserna inf\u00f6r SM Nordisk folkb\u00e5t och Gold Cup i Simrishamn i juli forts\u00e4tter. Det \u00e4r nu dags\u2026","rel":"","context":"I \u201dNyheter\u201d","block_context":{"text":"Nyheter","link":"https:\/\/folkbat.se\/wordpress\/?cat=1"},"img":{"alt_text":"","src":"https:\/\/i0.wp.com\/folkbat.se\/wordpress\/wp-content\/uploads\/2018\/04\/54-1-1024x664.jpg?resize=350%2C200","width":350,"height":200},"classes":[]},{"id":659,"url":"https:\/\/folkbat.se\/wordpress\/?p=659","url_meta":{"origin":1593,"position":1},"title":"Nu b\u00f6rjar seglingarna p\u00e5 San Francisco Bay","author":"Webbmaster","date":"8 september 2015","format":false,"excerpt":"Idag tisdag b\u00f6rjar \u00e5rets San Francisco International Regatta och h\u00e5ller p\u00e5 fram till p\u00e5 fredag. I t\u00e4vlingen, d\u00e4r europeiska bes\u00e4ttningar har bjudits in f\u00f6r att kappsegla i l\u00e5nade b\u00e5tar mot amerikanska folkb\u00e5tar, kommer tre svenska b\u00e5tar till start: \u2022 1269 \u2013 Per H\u00f6rberg, Donald Bratt och P\u00e4r Johansson \u2022 1307\u2026","rel":"","context":"I \u201dNyheter\u201d","block_context":{"text":"Nyheter","link":"https:\/\/folkbat.se\/wordpress\/?cat=1"},"img":{"alt_text":"","src":"","width":0,"height":0},"classes":[]},{"id":2253,"url":"https:\/\/folkbat.se\/wordpress\/?p=2253","url_meta":{"origin":1593,"position":2},"title":"Program 2021","author":"Webbmaster","date":"14 december 2020","format":false,"excerpt":"Nu b\u00f6rjar det bli dags att planera folkb\u00e5tssommaren 2021. H\u00e4r \u00e4r datumen: 13\u201315 augusti \u2013 Svenska m\u00e4sterskapet, Stenungsund SM-seglingarna planeras att h\u00e5llas s\u00e5som det var planerat f\u00f6r \u00e5rets inst\u00e4llda m\u00e4sterskap med Stenungsunds SS som arrang\u00f6r. Tj\u00f6rn runt g\u00e5r helgen efter. 9\u201311 juli \u2013 Hang\u00f6regattan, Hang\u00f6 13\u201315 juli \u2013 Finska m\u00e4sterskapet,\u2026","rel":"","context":"I \u201dKappsegling\u201d","block_context":{"text":"Kappsegling","link":"https:\/\/folkbat.se\/wordpress\/?cat=58"},"img":{"alt_text":"","src":"https:\/\/i0.wp.com\/folkbat.se\/wordpress\/wp-content\/uploads\/2020\/12\/image2-500x353.jpeg?resize=350%2C200","width":350,"height":200},"classes":[]},{"id":3116,"url":"https:\/\/folkbat.se\/wordpress\/?p=3116","url_meta":{"origin":1593,"position":3},"title":"SM 2023 till V\u00e4stervik","author":"Webbmaster","date":"26 september 2022","format":false,"excerpt":"De tv\u00e5 segels\u00e4llskapen i V\u00e4stervik, Westerviks Segels\u00e4llskap och V\u00e4sterviks Segels\u00e4llskap Wikingarna har tackat ja till Svenska Folkb\u00e5tsf\u00f6rbundets f\u00f6rfr\u00e5gan att arrangera 2023 \u00e5rs svenska m\u00e4sterskap f\u00f6r Folkb\u00e5t. Detta blir det 58:e m\u00e4sterskapet i ordningen och kommer att h\u00e5llas i slutet av vecka 32, det vill s\u00e4ga i mitten av augusti. T\u00e4nkt\u2026","rel":"","context":"I \u201dKappsegling\u201d","block_context":{"text":"Kappsegling","link":"https:\/\/folkbat.se\/wordpress\/?cat=58"},"img":{"alt_text":"","src":"https:\/\/i0.wp.com\/folkbat.se\/wordpress\/wp-content\/uploads\/2022\/09\/sm23.png?fit=1080%2C1080&ssl=1&resize=350%2C200","width":350,"height":200,"srcset":"https:\/\/i0.wp.com\/folkbat.se\/wordpress\/wp-content\/uploads\/2022\/09\/sm23.png?fit=1080%2C1080&ssl=1&resize=350%2C200 1x, https:\/\/i0.wp.com\/folkbat.se\/wordpress\/wp-content\/uploads\/2022\/09\/sm23.png?fit=1080%2C1080&ssl=1&resize=525%2C300 1.5x, https:\/\/i0.wp.com\/folkbat.se\/wordpress\/wp-content\/uploads\/2022\/09\/sm23.png?fit=1080%2C1080&ssl=1&resize=700%2C400 2x, https:\/\/i0.wp.com\/folkbat.se\/wordpress\/wp-content\/uploads\/2022\/09\/sm23.png?fit=1080%2C1080&ssl=1&resize=1050%2C600 3x"},"classes":[]},{"id":1456,"url":"https:\/\/folkbat.se\/wordpress\/?p=1456","url_meta":{"origin":1593,"position":4},"title":"Dags f\u00f6r San Francisco","author":"Webbmaster","date":"29 augusti 2017","format":false,"excerpt":"Nu b\u00f6rjar San Francisco International Regatta med tv\u00e5 svenska bes\u00e4ttningar: 1358 Donald Bratt och 1390 Lennart Magnusson. Mer information om seglingarna finns h\u00e4r.","rel":"","context":"I \u201dNyheter\u201d","block_context":{"text":"Nyheter","link":"https:\/\/folkbat.se\/wordpress\/?cat=1"},"img":{"alt_text":"","src":"","width":0,"height":0},"classes":[]},{"id":229,"url":"https:\/\/folkbat.se\/wordpress\/?p=229","url_meta":{"origin":1593,"position":5},"title":"Danska m\u00e4sterskapet \u00f6ppet f\u00f6r svenska seglare","author":"Webbmaster","date":"28 april 2015","format":false,"excerpt":"De danska folkb\u00e5tsseglarna har best\u00e4mt att det Danska m\u00e4sterskapet kommer att vara \u00f6ppet f\u00f6r icke-danska seglare med start i \u00e5r. Det f\u00f6rsta \u00f6ppna Danska m\u00e4sterskapet kommer att h\u00e5llas i Hejlsminde s\u00f6der om Kolding vid Lilla b\u00e4lt och arrangeras av Kolding Sejlklub. M\u00e4sterskapet kommer att g\u00e5 av stapeln 7\u201311 juli 2015.\u2026","rel":"","context":"I \u201dNyheter\u201d","block_context":{"text":"Nyheter","link":"https:\/\/folkbat.se\/wordpress\/?cat=1"},"img":{"alt_text":"","src":"","width":0,"height":0},"classes":[]}],"_links":{"self":[{"href":"https:\/\/folkbat.se\/wordpress\/index.php?rest_route=\/wp\/v2\/posts\/1593","targetHints":{"allow":["GET"]}}],"collection":[{"href":"https:\/\/folkbat.se\/wordpress\/index.php?rest_route=\/wp\/v2\/posts"}],"about":[{"href":"https:\/\/folkbat.se\/wordpress\/index.php?rest_route=\/wp\/v2\/types\/post"}],"author":[{"embeddable":true,"href":"https:\/\/folkbat.se\/wordpress\/index.php?rest_route=\/wp\/v2\/users\/1"}],"replies":[{"embeddable":true,"href":"https:\/\/folkbat.se\/wordpress\/index.php?rest_route=%2Fwp%2Fv2%2Fcomments&post=1593"}],"version-history":[{"count":2,"href":"https:\/\/folkbat.se\/wordpress\/index.php?rest_route=\/wp\/v2\/posts\/1593\/revisions"}],"predecessor-version":[{"id":1595,"href":"https:\/\/folkbat.se\/wordpress\/index.php?rest_route=\/wp\/v2\/posts\/1593\/revisions\/1595"}],"wp:attachment":[{"href":"https:\/\/folkbat.se\/wordpress\/index.php?rest_route=%2Fwp%2Fv2%2Fmedia&parent=1593"}],"wp:term":[{"taxonomy":"category","embeddable":true,"href":"https:\/\/folkbat.se\/wordpress\/index.php?rest_route=%2Fwp%2Fv2%2Fcategories&post=1593"},{"taxonomy":"post_tag","embeddable":true,"href":"https:\/\/folkbat.se\/wordpress\/index.php?rest_route=%2Fwp%2Fv2%2Ftags&post=1593"}],"curies":[{"name":"wp","href":"https:\/\/api.w.org\/{rel}","templated":true}]}}