{"id":1620,"date":"2018-04-05T11:32:22","date_gmt":"2018-04-05T09:32:22","guid":{"rendered":"http:\/\/folkbat.se\/wordpress\/?p=1620"},"modified":"2018-04-24T20:46:47","modified_gmt":"2018-04-24T18:46:47","slug":"ni-har-val-inte-glomt-att-anmala-er-till-sm-och-guldpokalen","status":"publish","type":"post","link":"https:\/\/folkbat.se\/wordpress\/?p=1620","title":{"rendered":"Ni har v\u00e4l inte gl\u00f6mt att anm\u00e4la er till SM och Guldpokalen?"},"content":{"rendered":"<p><img data-recalc-dims=\"1\" loading=\"lazy\" decoding=\"async\" data-attachment-id=\"1632\" data-permalink=\"https:\/\/folkbat.se\/wordpress\/?attachment_id=1632\" data-orig-file=\"https:\/\/i0.wp.com\/folkbat.se\/wordpress\/wp-content\/uploads\/2018\/04\/54-1.jpg?fit=2592%2C1680&amp;ssl=1\" data-orig-size=\"2592,1680\" data-comments-opened=\"1\" data-image-meta=\"{&quot;aperture&quot;:&quot;0&quot;,&quot;credit&quot;:&quot;&quot;,&quot;camera&quot;:&quot;&quot;,&quot;caption&quot;:&quot;&quot;,&quot;created_timestamp&quot;:&quot;0&quot;,&quot;copyright&quot;:&quot;&quot;,&quot;focal_length&quot;:&quot;0&quot;,&quot;iso&quot;:&quot;0&quot;,&quot;shutter_speed&quot;:&quot;0&quot;,&quot;title&quot;:&quot;&quot;,&quot;orientation&quot;:&quot;1&quot;}\" data-image-title=\"54\" data-image-description=\"\" data-image-caption=\"\" data-large-file=\"https:\/\/i0.wp.com\/folkbat.se\/wordpress\/wp-content\/uploads\/2018\/04\/54-1.jpg?fit=779%2C505&amp;ssl=1\" src=\"https:\/\/i0.wp.com\/folkbat.se\/wordpress\/wp-content\/uploads\/2018\/04\/54-1.jpg?resize=500%2C324&#038;ssl=1\" alt=\"\" width=\"500\" height=\"324\" class=\"alignright size-large wp-image-1632\" srcset=\"https:\/\/i0.wp.com\/folkbat.se\/wordpress\/wp-content\/uploads\/2018\/04\/54-1.jpg?resize=1024%2C664&amp;ssl=1 1024w, https:\/\/i0.wp.com\/folkbat.se\/wordpress\/wp-content\/uploads\/2018\/04\/54-1.jpg?resize=500%2C324&amp;ssl=1 500w, https:\/\/i0.wp.com\/folkbat.se\/wordpress\/wp-content\/uploads\/2018\/04\/54-1.jpg?resize=768%2C498&amp;ssl=1 768w, https:\/\/i0.wp.com\/folkbat.se\/wordpress\/wp-content\/uploads\/2018\/04\/54-1.jpg?resize=800%2C519&amp;ssl=1 800w, https:\/\/i0.wp.com\/folkbat.se\/wordpress\/wp-content\/uploads\/2018\/04\/54-1.jpg?w=1558&amp;ssl=1 1558w, https:\/\/i0.wp.com\/folkbat.se\/wordpress\/wp-content\/uploads\/2018\/04\/54-1.jpg?w=2337&amp;ssl=1 2337w\" sizes=\"auto, (max-width: 500px) 100vw, 500px\" \/><\/p>\n<p>I och med den sena vintern \u00e4r det kanske en del som har gl\u00f6mt bort vad som sommar och segling \u00e4r f\u00f6r n\u00e5got. H\u00e4r kommer ett meddelande fr\u00e5n Simrishamns Segels\u00e4llskap om sommarens h\u00f6jdpunkt:<\/p>\n<blockquote><p>F\u00f6reberedelserna inf\u00f6r SM Nordisk folkb\u00e5t och Gold Cup i Simrishamn i juli forts\u00e4tter. Det \u00e4r nu dags att planera f\u00f6r sommaren och att anm\u00e4la sig till detta \u00e5rets stora Folkb\u00e5tsevenemang. Hittills har n\u00e5gra b\u00e5tar anm\u00e4lt sig, men vi tror p\u00e5 och planerar f\u00f6r m\u00e5nga fler.<\/p>\n<p>Av hittills anm\u00e4lda till SM kommer de flesta fr\u00e5n utlandet. Till Gold Cup \u00e4r hittills endast 5 svenska b\u00e5tar anm\u00e4lda, trots att regattan detta \u00e5r arrangeras i Sverige. Dessa dystra siffror utg\u00f6r knappast n\u00e5gon goodwill f\u00f6r svensk folkb\u00e5tssegling. Vi efterlyser d\u00e4rf\u00f6r svenska anm\u00e4lningar fr\u00e5n samtliga flottiljer, V\u00e4stkusten och Halmstad \u00e4r hittills inte representerade \u00f6ver huvud taget. Vi hoppas p\u00e5 m\u00e5nga fler deltagare till ett s\u00e5 stort evenemang som detta, s\u00e5v\u00e4l inhemska som utl\u00e4ndska.<\/p>\n<p>Missa inte tillf\u00e4llet att inom loppet av 10 dagar t\u00e4vla i tv\u00e5 internationella regattor p\u00e5 hemmaplan.<br \/>\nAnm\u00e4l dig, s\u00e5 ses vi i Simrishamn i juli.<\/p><\/blockquote>\n<p>All info finns p\u00e5 <a href=\"https:\/\/www.sailosterlen.se\">sailosterlen.se<\/a>.<\/p>\n","protected":false},"excerpt":{"rendered":"<p>I och med den sena vintern \u00e4r det kanske en del som har gl\u00f6mt bort vad som sommar och segling \u00e4r f\u00f6r n\u00e5got. H\u00e4r kommer ett meddelande fr\u00e5n Simrishamns Segels\u00e4llskap om sommarens h\u00f6jdpunkt: F\u00f6reberedelserna inf\u00f6r SM Nordisk folkb\u00e5t och Gold&hellip; <a href=\"https:\/\/folkbat.se\/wordpress\/?p=1620\" class=\"apace-readmore-link\"><span class=\"screen-reader-text\">Ni har v\u00e4l inte gl\u00f6mt att anm\u00e4la er till SM och Guldpokalen?<\/span>L\u00e4s mer<\/a><\/p>\n","protected":false},"author":1,"featured_media":0,"comment_status":"open","ping_status":"open","sticky":false,"template":"","format":"standard","meta":{"jetpack_post_was_ever_published":false,"_jetpack_newsletter_access":"","_jetpack_dont_email_post_to_subs":false,"_jetpack_newsletter_tier_id":0,"_jetpack_memberships_contains_paywalled_content":false,"_jetpack_memberships_contains_paid_content":false,"footnotes":"","jetpack_publicize_message":"","jetpack_publicize_feature_enabled":true,"jetpack_social_post_already_shared":true,"jetpack_social_options":{"image_generator_settings":{"template":"highway","default_image_id":0,"font":"","enabled":false},"version":2}},"categories":[1],"tags":[],"class_list":["post-1620","post","type-post","status-publish","format-standard","hentry","category-nyheter"],"jetpack_publicize_connections":[],"jetpack_featured_media_url":"","jetpack_sharing_enabled":true,"jetpack_shortlink":"https:\/\/wp.me\/p5CsWc-q8","jetpack-related-posts":[{"id":1581,"url":"https:\/\/folkbat.se\/wordpress\/?p=1581","url_meta":{"origin":1620,"position":0},"title":"SM- och Guldpokalsidan ig\u00e5ng","author":"Webbmaster","date":"29 januari 2018","format":false,"excerpt":"Nu \u00e4r Simrishamns Segels\u00e4llskaps sida inf\u00f6r sommarens evenemang, www.sailosterlen.se, uppe p\u00e5 internet. H\u00e4r kommer ett meddelande fr\u00e5n arrang\u00f6rerna: SM Nordisk folkb\u00e5t Nordic Folkboat Gold Cup Simrishamns Segels\u00e4llskap inbjuder dig och alla andra folkb\u00e5tsseglare fr\u00e5n hela v\u00e4rlden till \u00e5rets folkb\u00e5tsevenemang i Simrishamn, SM Nordisk folkb\u00e5t 2018 den 4\u20138 juli och Nordic\u2026","rel":"","context":"I \u201dNyheter\u201d","block_context":{"text":"Nyheter","link":"https:\/\/folkbat.se\/wordpress\/?cat=1"},"img":{"alt_text":"","src":"","width":0,"height":0},"classes":[]},{"id":259,"url":"https:\/\/folkbat.se\/wordpress\/?p=259","url_meta":{"origin":1620,"position":1},"title":"SM-koll","author":"Webbmaster","date":"9 juni 2015","format":false,"excerpt":"\u00c5rets Svenska m\u00e4sterskap n\u00e4rmar sig med stormsteg och med fem dagar kvar av den ordinarie anm\u00e4lningstiden (till 14 juni) \u00e4r\u00a0hittills 18 b\u00e5tar anm\u00e4lda till Ljungskile: 2, 449, 830, 1239, 1271, 1290, 1307, 1311, 1335, 1354, 1358, 1388, 1390, 1942, DEN 66, DEN 722, DEN 873, DEN 972. Ljungskileseglarna undrar om\u2026","rel":"","context":"I \u201dNyheter\u201d","block_context":{"text":"Nyheter","link":"https:\/\/folkbat.se\/wordpress\/?cat=1"},"img":{"alt_text":"","src":"","width":0,"height":0},"classes":[]},{"id":4185,"url":"https:\/\/folkbat.se\/wordpress\/?p=4185","url_meta":{"origin":1620,"position":2},"title":"Guldpokalen i Hellerup 2025","author":"Webbmaster","date":"27 maj 2025","format":false,"excerpt":"Det g\u00e5r att anm\u00e4la sig till Guldpokalen i Hellerup 2\u20136 juli och hittills har 29 b\u00e5tar gjort detta, varav sju svenska. S\u00e5 h\u00e4r skriver arrang\u00f6ren Hellerup Sejlklub: \ud83c\udf1e\u26f5Get ready for golden vibes at sea! Hellerup Sejlklub \u2013 right by Copenhagen, Denmark \u2013 proudly hosts the Folkboat Gold Cup 2025 from\u2026","rel":"","context":"I \u201dKappsegling\u201d","block_context":{"text":"Kappsegling","link":"https:\/\/folkbat.se\/wordpress\/?cat=58"},"img":{"alt_text":"","src":"https:\/\/i0.wp.com\/folkbat.se\/wordpress\/wp-content\/uploads\/2025\/05\/image.png?fit=1200%2C677&ssl=1&resize=350%2C200","width":350,"height":200,"srcset":"https:\/\/i0.wp.com\/folkbat.se\/wordpress\/wp-content\/uploads\/2025\/05\/image.png?fit=1200%2C677&ssl=1&resize=350%2C200 1x, https:\/\/i0.wp.com\/folkbat.se\/wordpress\/wp-content\/uploads\/2025\/05\/image.png?fit=1200%2C677&ssl=1&resize=525%2C300 1.5x, https:\/\/i0.wp.com\/folkbat.se\/wordpress\/wp-content\/uploads\/2025\/05\/image.png?fit=1200%2C677&ssl=1&resize=700%2C400 2x, https:\/\/i0.wp.com\/folkbat.se\/wordpress\/wp-content\/uploads\/2025\/05\/image.png?fit=1200%2C677&ssl=1&resize=1050%2C600 3x"},"classes":[]},{"id":3395,"url":"https:\/\/folkbat.se\/wordpress\/?p=3395","url_meta":{"origin":1620,"position":3},"title":"Anm\u00e4lan SM","author":"Webbmaster","date":"28 juni 2023","format":false,"excerpt":"Ordinarie anm\u00e4lningstid och -avgift f\u00f6r Svenska m\u00e4sterskapet f\u00f6r Nordisk folkb\u00e5t i V\u00e4stervik i augusti \u00e4r f\u00f6rl\u00e4ngd till 15 juli. Anm\u00e4l dig s\u00e5 snart om m\u00f6jligt om du redan har best\u00e4mt dig f\u00f6r att segla. Tidigare anm\u00e4lan g\u00f6r det l\u00e4ttare f\u00f6r arrang\u00f6ren att planera ett bra evenemang f\u00f6r oss. Anm\u00e4lda b\u00e5tar:\u2026","rel":"","context":"I \u201dNyheter\u201d","block_context":{"text":"Nyheter","link":"https:\/\/folkbat.se\/wordpress\/?cat=1"},"img":{"alt_text":"","src":"https:\/\/i0.wp.com\/folkbat.se\/wordpress\/wp-content\/uploads\/2023\/06\/IMG_1212.jpg?fit=750%2C750&ssl=1&resize=350%2C200","width":350,"height":200,"srcset":"https:\/\/i0.wp.com\/folkbat.se\/wordpress\/wp-content\/uploads\/2023\/06\/IMG_1212.jpg?fit=750%2C750&ssl=1&resize=350%2C200 1x, https:\/\/i0.wp.com\/folkbat.se\/wordpress\/wp-content\/uploads\/2023\/06\/IMG_1212.jpg?fit=750%2C750&ssl=1&resize=525%2C300 1.5x, https:\/\/i0.wp.com\/folkbat.se\/wordpress\/wp-content\/uploads\/2023\/06\/IMG_1212.jpg?fit=750%2C750&ssl=1&resize=700%2C400 2x"},"classes":[]},{"id":2569,"url":"https:\/\/folkbat.se\/wordpress\/?p=2569","url_meta":{"origin":1620,"position":4},"title":"Kallelse till Svenska Folkb\u00e5tsf\u00f6rbundets \u00e5rsm\u00f6te 2021 (under SM-helgen)","author":"Webbmaster","date":"20 juli 2021","format":false,"excerpt":"Folkb\u00e5tsv\u00e4nner, hittills har 14 b\u00e5tar anm\u00e4lt sig till SM i Stenungsund och vi hoppas p\u00e5 att f\u00e5 se fler. Inbjudan och anm\u00e4lan finns p\u00e5 https:\/\/www.sailarena.com\/sv\/se\/club\/stss\/sm-folkbat-och-riksmasterskap-iod-2021\/. Undrar du n\u00e5got om arrangemanget, kontakta ordf\u00f6rande Rolf (rolf.upp@gmail.com 073-405 22 33). Svenska Folkb\u00e5tsf\u00f6rbundets \u00e5rsm\u00f6te kommer att h\u00e5llas i samband med SM-seglingarna. M\u00f6tet \u00e4r 12\u2026","rel":"","context":"I \u201dNyheter\u201d","block_context":{"text":"Nyheter","link":"https:\/\/folkbat.se\/wordpress\/?cat=1"},"img":{"alt_text":"","src":"","width":0,"height":0},"classes":[]},{"id":1218,"url":"https:\/\/folkbat.se\/wordpress\/?p=1218","url_meta":{"origin":1620,"position":5},"title":"Tv\u00e5 folkb\u00e5tar p\u00e5 b\u00e5tm\u00e4ssan Allt f\u00f6r Sj\u00f6n i Stockholm","author":"Webbmaster","date":"28 februari 2017","format":false,"excerpt":"Att folkb\u00e5ten firar 75 \u00e5r kommer att firas p\u00e5 m\u00e5nga s\u00e4tt under \u00e5ret \u2013 nu under helgen och kommande vecka st\u00e4lls tv\u00e5 folkb\u00e5tar ut p\u00e5 b\u00e5tm\u00e4ssan Allt f\u00f6r sj\u00f6n. SWE 2 Jo-Jo och SWE 1358 Sj\u00f6jungfrun kommer att st\u00e5 bredvid varandra i A-hallen monter A06:21. \u00d6ppettider Fredag 3 mars kl\u2026","rel":"","context":"I \u201dNyheter\u201d","block_context":{"text":"Nyheter","link":"https:\/\/folkbat.se\/wordpress\/?cat=1"},"img":{"alt_text":"","src":"https:\/\/i0.wp.com\/folkbat.se\/wordpress\/wp-content\/uploads\/2017\/02\/IMG_3211-768x768.jpg?resize=350%2C200","width":350,"height":200},"classes":[]}],"_links":{"self":[{"href":"https:\/\/folkbat.se\/wordpress\/index.php?rest_route=\/wp\/v2\/posts\/1620","targetHints":{"allow":["GET"]}}],"collection":[{"href":"https:\/\/folkbat.se\/wordpress\/index.php?rest_route=\/wp\/v2\/posts"}],"about":[{"href":"https:\/\/folkbat.se\/wordpress\/index.php?rest_route=\/wp\/v2\/types\/post"}],"author":[{"embeddable":true,"href":"https:\/\/folkbat.se\/wordpress\/index.php?rest_route=\/wp\/v2\/users\/1"}],"replies":[{"embeddable":true,"href":"https:\/\/folkbat.se\/wordpress\/index.php?rest_route=%2Fwp%2Fv2%2Fcomments&post=1620"}],"version-history":[{"count":5,"href":"https:\/\/folkbat.se\/wordpress\/index.php?rest_route=\/wp\/v2\/posts\/1620\/revisions"}],"predecessor-version":[{"id":1633,"href":"https:\/\/folkbat.se\/wordpress\/index.php?rest_route=\/wp\/v2\/posts\/1620\/revisions\/1633"}],"wp:attachment":[{"href":"https:\/\/folkbat.se\/wordpress\/index.php?rest_route=%2Fwp%2Fv2%2Fmedia&parent=1620"}],"wp:term":[{"taxonomy":"category","embeddable":true,"href":"https:\/\/folkbat.se\/wordpress\/index.php?rest_route=%2Fwp%2Fv2%2Fcategories&post=1620"},{"taxonomy":"post_tag","embeddable":true,"href":"https:\/\/folkbat.se\/wordpress\/index.php?rest_route=%2Fwp%2Fv2%2Ftags&post=1620"}],"curies":[{"name":"wp","href":"https:\/\/api.w.org\/{rel}","templated":true}]}}