{"id":1660,"date":"2018-04-24T21:14:35","date_gmt":"2018-04-24T19:14:35","guid":{"rendered":"http:\/\/folkbat.se\/wordpress\/?p=1660"},"modified":"2024-11-02T16:02:52","modified_gmt":"2024-11-02T15:02:52","slug":"30-anmalda-till-guldpokalen-25-till-sm","status":"publish","type":"post","link":"https:\/\/folkbat.se\/wordpress\/?p=1660","title":{"rendered":"30 anm\u00e4lda till Guldpokalen, 25 till SM"},"content":{"rendered":"<div class=\"wp-block-image\">\n<figure class=\"alignright\"><img data-recalc-dims=\"1\" loading=\"lazy\" decoding=\"async\" width=\"779\" height=\"505\" data-attachment-id=\"1663\" data-permalink=\"https:\/\/folkbat.se\/wordpress\/?attachment_id=1663\" data-orig-file=\"https:\/\/i0.wp.com\/folkbat.se\/wordpress\/wp-content\/uploads\/2018\/04\/72.jpg?fit=2592%2C1680&amp;ssl=1\" data-orig-size=\"2592,1680\" data-comments-opened=\"1\" data-image-meta=\"{&quot;aperture&quot;:&quot;0&quot;,&quot;credit&quot;:&quot;&quot;,&quot;camera&quot;:&quot;&quot;,&quot;caption&quot;:&quot;&quot;,&quot;created_timestamp&quot;:&quot;0&quot;,&quot;copyright&quot;:&quot;&quot;,&quot;focal_length&quot;:&quot;0&quot;,&quot;iso&quot;:&quot;0&quot;,&quot;shutter_speed&quot;:&quot;0&quot;,&quot;title&quot;:&quot;&quot;,&quot;orientation&quot;:&quot;0&quot;}\" data-image-title=\"72\" data-image-description=\"\" data-image-caption=\"\" data-large-file=\"https:\/\/i0.wp.com\/folkbat.se\/wordpress\/wp-content\/uploads\/2018\/04\/72.jpg?fit=779%2C505&amp;ssl=1\" src=\"https:\/\/i0.wp.com\/folkbat.se\/wordpress\/wp-content\/uploads\/2018\/04\/72.jpg?resize=779%2C505&#038;ssl=1\" alt=\"\" class=\"wp-image-1663\" srcset=\"https:\/\/i0.wp.com\/folkbat.se\/wordpress\/wp-content\/uploads\/2018\/04\/72.jpg?resize=1024%2C664&amp;ssl=1 1024w, https:\/\/i0.wp.com\/folkbat.se\/wordpress\/wp-content\/uploads\/2018\/04\/72.jpg?resize=500%2C324&amp;ssl=1 500w, https:\/\/i0.wp.com\/folkbat.se\/wordpress\/wp-content\/uploads\/2018\/04\/72.jpg?resize=768%2C498&amp;ssl=1 768w, https:\/\/i0.wp.com\/folkbat.se\/wordpress\/wp-content\/uploads\/2018\/04\/72.jpg?resize=800%2C519&amp;ssl=1 800w, https:\/\/i0.wp.com\/folkbat.se\/wordpress\/wp-content\/uploads\/2018\/04\/72.jpg?w=1558&amp;ssl=1 1558w, https:\/\/i0.wp.com\/folkbat.se\/wordpress\/wp-content\/uploads\/2018\/04\/72.jpg?w=2337&amp;ssl=1 2337w\" sizes=\"auto, (max-width: 779px) 100vw, 779px\" \/><\/figure>\n<\/div>\n\n\n<p><\/p>\n\n\n\n<p>Med 70 dagar kvar till Folkb\u00e5tssommarens stora evenemang \u00e4r anm\u00e4lningsl\u00e4get f\u00f6ljande:<\/p>\n\n\n\n<p><strong>Guldpokalen \u2013 30 folkb\u00e5tar<\/strong><br>408, 750, 1249, 1255, 1274, 1289, 1290, 1323, 1328, 1335, 1354, 1358, 1373, 1390, 1393, DEN 693, DEN 873, DEN 926, DEN 1107, DEN 1130, FIN 300, FIN 302, FIN 349, FIN 367, GBR\u2013673, GER 466, GER 564, GER 617, GER 896, GER 1095<\/p>\n\n\n\n<p><strong>Svenska m\u00e4sterskapet \u2013 25 folkb\u00e5tar<\/strong><br>408, 750, 1249, 1255, 1274, 1289, 1290, 1307, 1311, 1323, 1335, 1354, 1358, 1363, 1373, 1390, 1393, DEN 873, DEN 1107, FIN 302, FIN 349, FIN 367, GER 466, GER 617, GER 1095<\/p>\n\n\n\n<p>All info finns p\u00e5 <a href=\"https:\/\/www.sailosterlen.se\">sailosterlen.se<\/a>.<\/p>\n","protected":false},"excerpt":{"rendered":"<p>Med 70 dagar kvar till Folkb\u00e5tssommarens stora evenemang \u00e4r anm\u00e4lningsl\u00e4get f\u00f6ljande: Guldpokalen \u2013 30 folkb\u00e5tar408, 750, 1249, 1255, 1274, 1289, 1290, 1323, 1328, 1335, 1354, 1358, 1373, 1390, 1393, DEN 693, DEN 873, DEN 926, DEN 1107, DEN 1130, FIN&hellip; <a href=\"https:\/\/folkbat.se\/wordpress\/?p=1660\" class=\"apace-readmore-link\"><span class=\"screen-reader-text\">30 anm\u00e4lda till Guldpokalen, 25 till SM<\/span>L\u00e4s mer<\/a><\/p>\n","protected":false},"author":1,"featured_media":0,"comment_status":"open","ping_status":"open","sticky":false,"template":"","format":"standard","meta":{"jetpack_post_was_ever_published":false,"_jetpack_newsletter_access":"","_jetpack_dont_email_post_to_subs":false,"_jetpack_newsletter_tier_id":0,"_jetpack_memberships_contains_paywalled_content":false,"_jetpack_memberships_contains_paid_content":false,"footnotes":"","jetpack_publicize_message":"","jetpack_publicize_feature_enabled":true,"jetpack_social_post_already_shared":true,"jetpack_social_options":{"image_generator_settings":{"template":"highway","default_image_id":0,"font":"","enabled":false},"version":2}},"categories":[1],"tags":[],"class_list":["post-1660","post","type-post","status-publish","format-standard","hentry","category-nyheter"],"jetpack_publicize_connections":[],"jetpack_featured_media_url":"","jetpack_sharing_enabled":true,"jetpack_shortlink":"https:\/\/wp.me\/p5CsWc-qM","jetpack-related-posts":[{"id":1313,"url":"https:\/\/folkbat.se\/wordpress\/?p=1313","url_meta":{"origin":1660,"position":0},"title":"Anm\u00e4lningsl\u00e4get inf\u00f6r sommarens kappseglingar","author":"Webbmaster","date":"30 maj 2017","format":false,"excerpt":"Anm\u00e4lda Svenska m\u00e4sterskapet 5\u20138 juli 2, 1089, 1239, 1254, 1274, 1282, 1290, 1307, 1311, 1358, 1373, 1390, 1393, D\u2013873, D\u2013972, D\u20131107, D\u20131130, G\u2013896, G\u20131095 F\u00f6ranm\u00e4lda b\u00e5tar: 676, 716, 830, 1187, 1255, 1303, 1323, 1328, 1354, 1355, 1394, 1942, D\u2013722 Anm\u00e4lda Guldpokalen 7\u201310 augusti (svenska b\u00e5tar) 1307, 1328, 1390","rel":"","context":"I \u201dNyheter\u201d","block_context":{"text":"Nyheter","link":"https:\/\/folkbat.se\/wordpress\/?cat=1"},"img":{"alt_text":"","src":"","width":0,"height":0},"classes":[]},{"id":3395,"url":"https:\/\/folkbat.se\/wordpress\/?p=3395","url_meta":{"origin":1660,"position":1},"title":"Anm\u00e4lan SM","author":"Webbmaster","date":"28 juni 2023","format":false,"excerpt":"Ordinarie anm\u00e4lningstid och -avgift f\u00f6r Svenska m\u00e4sterskapet f\u00f6r Nordisk folkb\u00e5t i V\u00e4stervik i augusti \u00e4r f\u00f6rl\u00e4ngd till 15 juli. Anm\u00e4l dig s\u00e5 snart om m\u00f6jligt om du redan har best\u00e4mt dig f\u00f6r att segla. Tidigare anm\u00e4lan g\u00f6r det l\u00e4ttare f\u00f6r arrang\u00f6ren att planera ett bra evenemang f\u00f6r oss. Anm\u00e4lda b\u00e5tar:\u2026","rel":"","context":"I \u201dNyheter\u201d","block_context":{"text":"Nyheter","link":"https:\/\/folkbat.se\/wordpress\/?cat=1"},"img":{"alt_text":"","src":"https:\/\/i0.wp.com\/folkbat.se\/wordpress\/wp-content\/uploads\/2023\/06\/IMG_1212.jpg?fit=750%2C750&ssl=1&resize=350%2C200","width":350,"height":200,"srcset":"https:\/\/i0.wp.com\/folkbat.se\/wordpress\/wp-content\/uploads\/2023\/06\/IMG_1212.jpg?fit=750%2C750&ssl=1&resize=350%2C200 1x, https:\/\/i0.wp.com\/folkbat.se\/wordpress\/wp-content\/uploads\/2023\/06\/IMG_1212.jpg?fit=750%2C750&ssl=1&resize=525%2C300 1.5x, https:\/\/i0.wp.com\/folkbat.se\/wordpress\/wp-content\/uploads\/2023\/06\/IMG_1212.jpg?fit=750%2C750&ssl=1&resize=700%2C400 2x"},"classes":[]},{"id":4264,"url":"https:\/\/folkbat.se\/wordpress\/?p=4264","url_meta":{"origin":1660,"position":2},"title":"Hemmaseger i folkb\u00e5tarnas 60:e svenska m\u00e4sterskap","author":"Webbmaster","date":"15 augusti 2025","format":false,"excerpt":"Ola Schwarz, Anders Jalmander och Anders Cederblad. Foto: Matilda Wallerg\u00e5rd 19 folkb\u00e5tar kappseglade om SM-medaljerna hos Segels\u00e4llskapet Vikingarna p\u00e5 Kalmarsund 7\u20139 augusti i klassens 60:e svenska m\u00e4sterskap och det blev hemmaseger f\u00f6r 1255\u00a0Selma\u00a0med Anders Cederblad, Anders Jalmander och Ola Schwarz.\u00a0Selma\u00a0f\u00e5r nu chansen att f\u00f6rsvara folkb\u00e5tarnas klassm\u00e4rke vid Seglingens m\u00e4stare i\u2026","rel":"","context":"I \u201dKappsegling\u201d","block_context":{"text":"Kappsegling","link":"https:\/\/folkbat.se\/wordpress\/?cat=58"},"img":{"alt_text":"","src":"https:\/\/i0.wp.com\/folkbat.se\/wordpress\/wp-content\/uploads\/2025\/08\/IMG_1416-scaled.jpg?fit=900%2C1200&ssl=1&resize=350%2C200","width":350,"height":200,"srcset":"https:\/\/i0.wp.com\/folkbat.se\/wordpress\/wp-content\/uploads\/2025\/08\/IMG_1416-scaled.jpg?fit=900%2C1200&ssl=1&resize=350%2C200 1x, https:\/\/i0.wp.com\/folkbat.se\/wordpress\/wp-content\/uploads\/2025\/08\/IMG_1416-scaled.jpg?fit=900%2C1200&ssl=1&resize=525%2C300 1.5x, https:\/\/i0.wp.com\/folkbat.se\/wordpress\/wp-content\/uploads\/2025\/08\/IMG_1416-scaled.jpg?fit=900%2C1200&ssl=1&resize=700%2C400 2x"},"classes":[]},{"id":259,"url":"https:\/\/folkbat.se\/wordpress\/?p=259","url_meta":{"origin":1660,"position":3},"title":"SM-koll","author":"Webbmaster","date":"9 juni 2015","format":false,"excerpt":"\u00c5rets Svenska m\u00e4sterskap n\u00e4rmar sig med stormsteg och med fem dagar kvar av den ordinarie anm\u00e4lningstiden (till 14 juni) \u00e4r\u00a0hittills 18 b\u00e5tar anm\u00e4lda till Ljungskile: 2, 449, 830, 1239, 1271, 1290, 1307, 1311, 1335, 1354, 1358, 1388, 1390, 1942, DEN 66, DEN 722, DEN 873, DEN 972. Ljungskileseglarna undrar om\u2026","rel":"","context":"I \u201dNyheter\u201d","block_context":{"text":"Nyheter","link":"https:\/\/folkbat.se\/wordpress\/?cat=1"},"img":{"alt_text":"","src":"","width":0,"height":0},"classes":[]},{"id":427,"url":"https:\/\/folkbat.se\/wordpress\/?p=427","url_meta":{"origin":1660,"position":4},"title":"Dags f\u00f6r Guldpokalen i Warnem\u00fcnde","author":"Webbmaster","date":"13 juli 2015","format":false,"excerpt":"\u00c5rets Guldpokal, som seglas i Warnem\u00fcnde i n\u00e4rheten av Rostock, inleddes idag. I det 50 folkb\u00e5tar starka startf\u00e4ltet finns fem svenska b\u00e5tar: 1290, 1311, 1323, 1354 och 1942. B\u00e4st av de svenska i f\u00f6rsta dagens segling var Leif Ahlqvist (1942), som seglade in p\u00e5 en sj\u00e4tteplats. Seglingen vanns av Erik\u2026","rel":"","context":"I \u201dNyheter\u201d","block_context":{"text":"Nyheter","link":"https:\/\/folkbat.se\/wordpress\/?cat=1"},"img":{"alt_text":"","src":"","width":0,"height":0},"classes":[]},{"id":2887,"url":"https:\/\/folkbat.se\/wordpress\/?p=2887","url_meta":{"origin":1660,"position":5},"title":"Dags f\u00f6r Guldpokalen i Kiel","author":"Webbmaster","date":"17 juni 2022","format":false,"excerpt":"Foto: Donald Bratt Tre svenska bes\u00e4ttningar \u00e4r redo f\u00f6r Guldpokalen som avg\u00f6rs under Kieler Woche och b\u00f6rjar imorgon l\u00f6rdag. 1290 Marelin, 1358 Sj\u00f6jungfrun och 1390 Emilie st\u00e4ller upp i det 51 b\u00e5tar starka startf\u00e4ltet. F\u00f6lj seglingarna p\u00e5 manage2sail.com och sapsailing.com.","rel":"","context":"I \u201dKappsegling\u201d","block_context":{"text":"Kappsegling","link":"https:\/\/folkbat.se\/wordpress\/?cat=58"},"img":{"alt_text":"","src":"https:\/\/i0.wp.com\/folkbat.se\/wordpress\/wp-content\/uploads\/2022\/06\/IMG-0487-scaled.jpg?resize=350%2C200&ssl=1","width":350,"height":200,"srcset":"https:\/\/i0.wp.com\/folkbat.se\/wordpress\/wp-content\/uploads\/2022\/06\/IMG-0487-scaled.jpg?resize=350%2C200&ssl=1 1x, https:\/\/i0.wp.com\/folkbat.se\/wordpress\/wp-content\/uploads\/2022\/06\/IMG-0487-scaled.jpg?resize=525%2C300&ssl=1 1.5x, https:\/\/i0.wp.com\/folkbat.se\/wordpress\/wp-content\/uploads\/2022\/06\/IMG-0487-scaled.jpg?resize=700%2C400&ssl=1 2x, https:\/\/i0.wp.com\/folkbat.se\/wordpress\/wp-content\/uploads\/2022\/06\/IMG-0487-scaled.jpg?resize=1050%2C600&ssl=1 3x, https:\/\/i0.wp.com\/folkbat.se\/wordpress\/wp-content\/uploads\/2022\/06\/IMG-0487-scaled.jpg?resize=1400%2C800&ssl=1 4x"},"classes":[]}],"_links":{"self":[{"href":"https:\/\/folkbat.se\/wordpress\/index.php?rest_route=\/wp\/v2\/posts\/1660","targetHints":{"allow":["GET"]}}],"collection":[{"href":"https:\/\/folkbat.se\/wordpress\/index.php?rest_route=\/wp\/v2\/posts"}],"about":[{"href":"https:\/\/folkbat.se\/wordpress\/index.php?rest_route=\/wp\/v2\/types\/post"}],"author":[{"embeddable":true,"href":"https:\/\/folkbat.se\/wordpress\/index.php?rest_route=\/wp\/v2\/users\/1"}],"replies":[{"embeddable":true,"href":"https:\/\/folkbat.se\/wordpress\/index.php?rest_route=%2Fwp%2Fv2%2Fcomments&post=1660"}],"version-history":[{"count":4,"href":"https:\/\/folkbat.se\/wordpress\/index.php?rest_route=\/wp\/v2\/posts\/1660\/revisions"}],"predecessor-version":[{"id":3951,"href":"https:\/\/folkbat.se\/wordpress\/index.php?rest_route=\/wp\/v2\/posts\/1660\/revisions\/3951"}],"wp:attachment":[{"href":"https:\/\/folkbat.se\/wordpress\/index.php?rest_route=%2Fwp%2Fv2%2Fmedia&parent=1660"}],"wp:term":[{"taxonomy":"category","embeddable":true,"href":"https:\/\/folkbat.se\/wordpress\/index.php?rest_route=%2Fwp%2Fv2%2Fcategories&post=1660"},{"taxonomy":"post_tag","embeddable":true,"href":"https:\/\/folkbat.se\/wordpress\/index.php?rest_route=%2Fwp%2Fv2%2Ftags&post=1660"}],"curies":[{"name":"wp","href":"https:\/\/api.w.org\/{rel}","templated":true}]}}