{"id":1698,"date":"2018-05-29T20:52:48","date_gmt":"2018-05-29T18:52:48","guid":{"rendered":"http:\/\/folkbat.se\/wordpress\/?p=1698"},"modified":"2018-05-29T20:52:48","modified_gmt":"2018-05-29T18:52:48","slug":"mathilda-iii-vinner-saltsjobadsregattan","status":"publish","type":"post","link":"https:\/\/folkbat.se\/wordpress\/?p=1698","title":{"rendered":"Mathilda III vinner Saltsj\u00f6badsregattan"},"content":{"rendered":"<figure id=\"attachment_1699\" aria-describedby=\"caption-attachment-1699\" style=\"width: 500px\" class=\"wp-caption alignright\"><img data-recalc-dims=\"1\" loading=\"lazy\" decoding=\"async\" data-attachment-id=\"1699\" data-permalink=\"https:\/\/folkbat.se\/wordpress\/?attachment_id=1699\" data-orig-file=\"https:\/\/i0.wp.com\/folkbat.se\/wordpress\/wp-content\/uploads\/2018\/05\/IMG_9768.jpg?fit=4032%2C3024&amp;ssl=1\" data-orig-size=\"4032,3024\" data-comments-opened=\"1\" data-image-meta=\"{&quot;aperture&quot;:&quot;2.2&quot;,&quot;credit&quot;:&quot;&quot;,&quot;camera&quot;:&quot;iPhone SE&quot;,&quot;caption&quot;:&quot;&quot;,&quot;created_timestamp&quot;:&quot;1527437540&quot;,&quot;copyright&quot;:&quot;&quot;,&quot;focal_length&quot;:&quot;4.15&quot;,&quot;iso&quot;:&quot;25&quot;,&quot;shutter_speed&quot;:&quot;0.00033795201081446&quot;,&quot;title&quot;:&quot;&quot;,&quot;orientation&quot;:&quot;1&quot;}\" data-image-title=\"IMG_9768\" data-image-description=\"\" data-image-caption=\"&lt;p&gt;1289 Mathilda III&lt;\/p&gt;\n\" data-large-file=\"https:\/\/i0.wp.com\/folkbat.se\/wordpress\/wp-content\/uploads\/2018\/05\/IMG_9768.jpg?fit=779%2C584&amp;ssl=1\" src=\"https:\/\/i0.wp.com\/folkbat.se\/wordpress\/wp-content\/uploads\/2018\/05\/IMG_9768.jpg?resize=500%2C375&#038;ssl=1\" alt=\"\" width=\"500\" height=\"375\" class=\"size-large wp-image-1699\" srcset=\"https:\/\/i0.wp.com\/folkbat.se\/wordpress\/wp-content\/uploads\/2018\/05\/IMG_9768.jpg?resize=1024%2C768&amp;ssl=1 1024w, https:\/\/i0.wp.com\/folkbat.se\/wordpress\/wp-content\/uploads\/2018\/05\/IMG_9768.jpg?resize=500%2C375&amp;ssl=1 500w, https:\/\/i0.wp.com\/folkbat.se\/wordpress\/wp-content\/uploads\/2018\/05\/IMG_9768.jpg?resize=768%2C576&amp;ssl=1 768w, https:\/\/i0.wp.com\/folkbat.se\/wordpress\/wp-content\/uploads\/2018\/05\/IMG_9768.jpg?resize=800%2C600&amp;ssl=1 800w, https:\/\/i0.wp.com\/folkbat.se\/wordpress\/wp-content\/uploads\/2018\/05\/IMG_9768.jpg?w=1558&amp;ssl=1 1558w, https:\/\/i0.wp.com\/folkbat.se\/wordpress\/wp-content\/uploads\/2018\/05\/IMG_9768.jpg?w=2337&amp;ssl=1 2337w\" sizes=\"auto, (max-width: 500px) 100vw, 500px\" \/><figcaption id=\"caption-attachment-1699\" class=\"wp-caption-text\">1289 <em>Mathilda III<\/em><\/figcaption><\/figure>\n<p>Tio folkb\u00e5tar deltog i \u00e5rets Saltsj\u00f6badsregatta p\u00e5 en solig Baggensfj\u00e4rden i Saltsj\u00f6baden i helgen. Vinden uteblev p\u00e5 l\u00f6rdagsmorgonen och t\u00e4vlingarna kom ig\u00e5ng f\u00f6rst vid tv\u00e5tiden med tv\u00e5 seglingar. Efter f\u00f6rsta dagen med after-sail p\u00e5 Holmen i Saltis var Anders Olsen i 1289 <em>Mathilda III<\/em> i ledningen. Med ytterligare tre seglingar p\u00e5 s\u00f6ndagen stod det klart att Anders Olsen, P\u00e4r W\u00e4rneg\u00e5rd och P\u00e4r Johanson tog hem regattan i \u00f6verl\u00e4gsen stil f\u00f6re tv\u00e5a Hobbe W\u00e4rneg\u00e5rd (1239 <em>Hugolina<\/em>) och trea Hans Torl\u00e9n (1290 <em>Marelin<\/em>). 1289:s slutliga resultrad blev fyra spikar och en bortr\u00e4knad tredjeplats.<\/p>\n<p>Med de tio startande b\u00e5tar blev folkb\u00e5tarna tillsammans med drakarna de tv\u00e5 st\u00f6rsta klasserna p\u00e5 regattan.<\/p>\n<p><a href=\"http:\/\/www.ksss.se\/globalassets\/documents\/resultat\/2018\/saltjobadsregatta-2018-resultat-final-01.html\">Resultat<\/a><br \/>\n<a href=\"http:\/\/www.ksss.se\/nyheter\/galleri\/\">Bilder<\/a><\/p>\n","protected":false},"excerpt":{"rendered":"<p>Tio folkb\u00e5tar deltog i \u00e5rets Saltsj\u00f6badsregatta p\u00e5 en solig Baggensfj\u00e4rden i Saltsj\u00f6baden i helgen. Vinden uteblev p\u00e5 l\u00f6rdagsmorgonen och t\u00e4vlingarna kom ig\u00e5ng f\u00f6rst vid tv\u00e5tiden med tv\u00e5 seglingar. Efter f\u00f6rsta dagen med after-sail p\u00e5 Holmen i Saltis var Anders Olsen&hellip; <a href=\"https:\/\/folkbat.se\/wordpress\/?p=1698\" class=\"apace-readmore-link\"><span class=\"screen-reader-text\">Mathilda III vinner Saltsj\u00f6badsregattan<\/span>L\u00e4s mer<\/a><\/p>\n","protected":false},"author":1,"featured_media":0,"comment_status":"open","ping_status":"open","sticky":false,"template":"","format":"standard","meta":{"jetpack_post_was_ever_published":false,"_jetpack_newsletter_access":"","_jetpack_dont_email_post_to_subs":false,"_jetpack_newsletter_tier_id":0,"_jetpack_memberships_contains_paywalled_content":false,"_jetpack_memberships_contains_paid_content":false,"footnotes":"","jetpack_publicize_message":"","jetpack_publicize_feature_enabled":true,"jetpack_social_post_already_shared":true,"jetpack_social_options":{"image_generator_settings":{"template":"highway","default_image_id":0,"font":"","enabled":false},"version":2}},"categories":[49],"tags":[],"class_list":["post-1698","post","type-post","status-publish","format-standard","hentry","category-ostkustens-folkbatsklubb"],"jetpack_publicize_connections":[],"jetpack_featured_media_url":"","jetpack_sharing_enabled":true,"jetpack_shortlink":"https:\/\/wp.me\/p5CsWc-ro","jetpack-related-posts":[{"id":1031,"url":"https:\/\/folkbat.se\/wordpress\/?p=1031","url_meta":{"origin":1698,"position":0},"title":"Olsen, W\u00e4rneg\u00e5rd och W\u00e4rneg\u00e5rd svenska m\u00e4stare 2016","author":"Webbmaster","date":"19 juli 2016","format":false,"excerpt":"\u00c5rets SM-seglingar i Folkb\u00e5t som har p\u00e5b\u00f6rjades i s\u00f6ndags avslutades under tisdagen med en segling. Seglingarna arrangerades av Vikingarnas Segels\u00e4llskap p\u00e5 Lilla V\u00e4rtan vid Djurg\u00e5rden i Stockholm. Det var tredje g\u00e5ngen seglingarna h\u00f6lls p\u00e5 dessa vatten, d\u00e5 de \u00e4ven h\u00f6lls h\u00e4r 2001 och 2011. Genom att Anders Olsen med gastarna\u2026","rel":"","context":"I \u201dNyheter\u201d","block_context":{"text":"Nyheter","link":"https:\/\/folkbat.se\/wordpress\/?cat=1"},"img":{"alt_text":"21 folkb\u00e5tar i tr\u00e4 och glasfiberplast deltar i \u00e5rets SM-seglingar p\u00e5 Lilla V\u00e4rtan vid Djurg\u00e5rden, Stockholm.","src":"https:\/\/i0.wp.com\/folkbat.se\/wordpress\/wp-content\/uploads\/2016\/07\/SM-M22-Folkb%C3%A5t-2016-dag-2-124-23-1024x607.jpeg?resize=350%2C200","width":350,"height":200},"classes":[]},{"id":3002,"url":"https:\/\/folkbat.se\/wordpress\/?p=3002","url_meta":{"origin":1698,"position":1},"title":"Emilie svensk m\u00e4stare","author":"Webbmaster","date":"13 augusti 2022","format":false,"excerpt":"Svenska m\u00e4starna 1390 Emilie. Foto: Bjarne J\u00f6nsson 1390 Emilie, L\u00e5ngedrags SS, tar hem 2022 \u00e5rs svenska m\u00e4sterskap som avgjordes i Ystad torsdag till l\u00f6rdag. Lennart Magnusson, Mats Brodefors & Kjell V\u00e5gfelt, L\u00e5ngedrags SS heter de nya svenska m\u00e4starna som vann efter en rafflande avslutning. Foto: Jonas Lindstr\u00f6m Det 20 b\u00e5tar\u2026","rel":"","context":"I \u201dKappsegling\u201d","block_context":{"text":"Kappsegling","link":"https:\/\/folkbat.se\/wordpress\/?cat=58"},"img":{"alt_text":"","src":"https:\/\/i0.wp.com\/folkbat.se\/wordpress\/wp-content\/uploads\/2022\/08\/299158856_10228741339463101_1714515817691008423_n.jpg?fit=1200%2C800&ssl=1&resize=350%2C200","width":350,"height":200,"srcset":"https:\/\/i0.wp.com\/folkbat.se\/wordpress\/wp-content\/uploads\/2022\/08\/299158856_10228741339463101_1714515817691008423_n.jpg?fit=1200%2C800&ssl=1&resize=350%2C200 1x, https:\/\/i0.wp.com\/folkbat.se\/wordpress\/wp-content\/uploads\/2022\/08\/299158856_10228741339463101_1714515817691008423_n.jpg?fit=1200%2C800&ssl=1&resize=525%2C300 1.5x, https:\/\/i0.wp.com\/folkbat.se\/wordpress\/wp-content\/uploads\/2022\/08\/299158856_10228741339463101_1714515817691008423_n.jpg?fit=1200%2C800&ssl=1&resize=700%2C400 2x, https:\/\/i0.wp.com\/folkbat.se\/wordpress\/wp-content\/uploads\/2022\/08\/299158856_10228741339463101_1714515817691008423_n.jpg?fit=1200%2C800&ssl=1&resize=1050%2C600 3x"},"classes":[]},{"id":3825,"url":"https:\/\/folkbat.se\/wordpress\/?p=3825","url_meta":{"origin":1698,"position":2},"title":"Storslam f\u00f6r folkb\u00e5tarna i Liding\u00f6 race","author":"Webbmaster","date":"16 september 2024","format":false,"excerpt":"Folkb\u00e5tarna i starttagen med dagens segrare 1289 Mathilda III i f\u00f6rgrunden. Foto: Gunnar Bonthelius Liding\u00f6 race hade ingen av oss kappseglare i huvudstadsomr\u00e5det h\u00f6rt talas om. Vi hade saknat en avslutande kappsegling p\u00e5 h\u00f6sten och n\u00e5gon kom med denna segling som f\u00f6rslag. Liding\u00f6 Race \u00e4r en SRS-segling som seglas utanf\u00f6r\u2026","rel":"","context":"I \u201dKappsegling\u201d","block_context":{"text":"Kappsegling","link":"https:\/\/folkbat.se\/wordpress\/?cat=58"},"img":{"alt_text":"","src":"https:\/\/i0.wp.com\/folkbat.se\/wordpress\/wp-content\/uploads\/2024\/09\/ee35671d-3532-47e9-b402-9ad6949a30d7.jpg?fit=1200%2C854&ssl=1&resize=350%2C200","width":350,"height":200,"srcset":"https:\/\/i0.wp.com\/folkbat.se\/wordpress\/wp-content\/uploads\/2024\/09\/ee35671d-3532-47e9-b402-9ad6949a30d7.jpg?fit=1200%2C854&ssl=1&resize=350%2C200 1x, https:\/\/i0.wp.com\/folkbat.se\/wordpress\/wp-content\/uploads\/2024\/09\/ee35671d-3532-47e9-b402-9ad6949a30d7.jpg?fit=1200%2C854&ssl=1&resize=525%2C300 1.5x, https:\/\/i0.wp.com\/folkbat.se\/wordpress\/wp-content\/uploads\/2024\/09\/ee35671d-3532-47e9-b402-9ad6949a30d7.jpg?fit=1200%2C854&ssl=1&resize=700%2C400 2x, https:\/\/i0.wp.com\/folkbat.se\/wordpress\/wp-content\/uploads\/2024\/09\/ee35671d-3532-47e9-b402-9ad6949a30d7.jpg?fit=1200%2C854&ssl=1&resize=1050%2C600 3x"},"classes":[]},{"id":1054,"url":"https:\/\/folkbat.se\/wordpress\/?p=1054","url_meta":{"origin":1698,"position":3},"title":"Guldpokalen i Helsingfors avgjord","author":"Webbmaster","date":"1 augusti 2016","format":false,"excerpt":"Den 54:e Guldpokalen avgjordes i Helsingfors under den g\u00e5ngna veckan. Veckan inleddes med landskampen mellan Sverige och Finland som seglades f\u00f6r 18:e g\u00e5ngen, denna g\u00e5ng med fem b\u00e5tar i varje lag. Seglingarna avgjordes inf\u00f6r en liten publik utanf\u00f6r hamnen och Sven Sal\u00e9ns pokal fick f\u00f6lja med tillbaka till Stockholm efter\u2026","rel":"","context":"I \u201dNyheter\u201d","block_context":{"text":"Nyheter","link":"https:\/\/folkbat.se\/wordpress\/?cat=1"},"img":{"alt_text":"1311 f\u00f6re FIN 390 under landskampen 26 juli.","src":"https:\/\/i0.wp.com\/folkbat.se\/wordpress\/wp-content\/uploads\/2016\/08\/IMG_2527-1024x768.jpg?resize=350%2C200","width":350,"height":200},"classes":[]},{"id":3792,"url":"https:\/\/folkbat.se\/wordpress\/?p=3792","url_meta":{"origin":1698,"position":4},"title":"Selma f\u00f6rsvarar titeln vid SM i Karlsborg","author":"Webbmaster","date":"19 augusti 2024","format":false,"excerpt":"Anders Jalmander, Anders Cederblad och Ola Schwarz, 2024 \u00e5rs svenska m\u00e4stare Efter en lyckad Guldpokal i Halmstad i juli med drygt 50 b\u00e5tar fr\u00e5n Nordeuropa rullade folkb\u00e5tscirkusen vidare till Karlsborg f\u00f6r v\u00e5rt 59:e svenska m\u00e4sterskap, denna g\u00e5ng arrangerat av Carlsborgs Segels\u00e4llskap. Till start kom 15 svenska b\u00e5tar fr\u00e5n Stockholm till\u2026","rel":"","context":"I \u201dKappsegling\u201d","block_context":{"text":"Kappsegling","link":"https:\/\/folkbat.se\/wordpress\/?cat=58"},"img":{"alt_text":"","src":"","width":0,"height":0},"classes":[]},{"id":985,"url":"https:\/\/folkbat.se\/wordpress\/?p=985","url_meta":{"origin":1698,"position":5},"title":"W\u00e4rneg\u00e5rd och Hagerman b\u00e4st p\u00e5 Lilla V\u00e4rtan","author":"Webbmaster","date":"19 juni 2016","format":false,"excerpt":"I helgen seglades Vikingaregattan vid Hundudden p\u00e5 G\u00e4rdet i Stockholm. T\u00e4vlingarna inneh\u00f6ll \u00e4ven distriktsm\u00e4sterskap f\u00f6r Stockholmsdistriktet. 12 b\u00e5tar testade p\u00e5 de blivande SM-vattnen p\u00e5 Lilla V\u00e4rtan, vilket var n\u00e5got fler \u00e4n de senaste \u00e5ren. De tolv fick f\u00f6rutom SM-vattnen och dess lynniga vindar \u00e4ven testa p\u00e5 b\u00e5de regn och sol.\u2026","rel":"","context":"I \u201dNyheter\u201d","block_context":{"text":"Nyheter","link":"https:\/\/folkbat.se\/wordpress\/?cat=1"},"img":{"alt_text":"DSC_0014","src":"https:\/\/i0.wp.com\/folkbat.se\/wordpress\/wp-content\/uploads\/2016\/06\/DSC_0014-1024x553.jpg?resize=350%2C200","width":350,"height":200},"classes":[]}],"_links":{"self":[{"href":"https:\/\/folkbat.se\/wordpress\/index.php?rest_route=\/wp\/v2\/posts\/1698","targetHints":{"allow":["GET"]}}],"collection":[{"href":"https:\/\/folkbat.se\/wordpress\/index.php?rest_route=\/wp\/v2\/posts"}],"about":[{"href":"https:\/\/folkbat.se\/wordpress\/index.php?rest_route=\/wp\/v2\/types\/post"}],"author":[{"embeddable":true,"href":"https:\/\/folkbat.se\/wordpress\/index.php?rest_route=\/wp\/v2\/users\/1"}],"replies":[{"embeddable":true,"href":"https:\/\/folkbat.se\/wordpress\/index.php?rest_route=%2Fwp%2Fv2%2Fcomments&post=1698"}],"version-history":[{"count":5,"href":"https:\/\/folkbat.se\/wordpress\/index.php?rest_route=\/wp\/v2\/posts\/1698\/revisions"}],"predecessor-version":[{"id":1704,"href":"https:\/\/folkbat.se\/wordpress\/index.php?rest_route=\/wp\/v2\/posts\/1698\/revisions\/1704"}],"wp:attachment":[{"href":"https:\/\/folkbat.se\/wordpress\/index.php?rest_route=%2Fwp%2Fv2%2Fmedia&parent=1698"}],"wp:term":[{"taxonomy":"category","embeddable":true,"href":"https:\/\/folkbat.se\/wordpress\/index.php?rest_route=%2Fwp%2Fv2%2Fcategories&post=1698"},{"taxonomy":"post_tag","embeddable":true,"href":"https:\/\/folkbat.se\/wordpress\/index.php?rest_route=%2Fwp%2Fv2%2Ftags&post=1698"}],"curies":[{"name":"wp","href":"https:\/\/api.w.org\/{rel}","templated":true}]}}