{"id":1770,"date":"2018-07-09T11:20:28","date_gmt":"2018-07-09T09:20:28","guid":{"rendered":"http:\/\/folkbat.se\/wordpress\/?p=1770"},"modified":"2018-07-09T16:00:01","modified_gmt":"2018-07-09T14:00:01","slug":"karlshamnsseglare-svenska-mastare-2018","status":"publish","type":"post","link":"https:\/\/folkbat.se\/wordpress\/?p=1770","title":{"rendered":"Karlshamnsseglare svenska m\u00e4stare 2018"},"content":{"rendered":"<figure id=\"attachment_1772\" aria-describedby=\"caption-attachment-1772\" style=\"width: 500px\" class=\"wp-caption alignright\"><img data-recalc-dims=\"1\" loading=\"lazy\" decoding=\"async\" data-attachment-id=\"1772\" data-permalink=\"https:\/\/folkbat.se\/wordpress\/?attachment_id=1772\" data-orig-file=\"https:\/\/i0.wp.com\/folkbat.se\/wordpress\/wp-content\/uploads\/2018\/07\/IMG_4827.jpg?fit=4032%2C3024&amp;ssl=1\" data-orig-size=\"4032,3024\" data-comments-opened=\"1\" data-image-meta=\"{&quot;aperture&quot;:&quot;2.2&quot;,&quot;credit&quot;:&quot;&quot;,&quot;camera&quot;:&quot;iPhone SE&quot;,&quot;caption&quot;:&quot;&quot;,&quot;created_timestamp&quot;:&quot;1530994517&quot;,&quot;copyright&quot;:&quot;&quot;,&quot;focal_length&quot;:&quot;4.15&quot;,&quot;iso&quot;:&quot;125&quot;,&quot;shutter_speed&quot;:&quot;0.03030303030303&quot;,&quot;title&quot;:&quot;&quot;,&quot;orientation&quot;:&quot;1&quot;}\" data-image-title=\"IMG_4827\" data-image-description=\"\" data-image-caption=\"&lt;p&gt;Prispallen, fr\u00e5n v\u00e4nster totalsegrare &lt;em&gt;Paula&lt;\/em&gt;, svenska m\u00e4stare &lt;em&gt;Noa&lt;\/em&gt;och SM-silvermedalj\u00f6rerna &lt;em&gt;Amicitia&lt;\/em&gt;&lt;\/p&gt;\n\" data-large-file=\"https:\/\/i0.wp.com\/folkbat.se\/wordpress\/wp-content\/uploads\/2018\/07\/IMG_4827.jpg?fit=779%2C584&amp;ssl=1\" src=\"https:\/\/i0.wp.com\/folkbat.se\/wordpress\/wp-content\/uploads\/2018\/07\/IMG_4827.jpg?resize=500%2C375&#038;ssl=1\" alt=\"\" width=\"500\" height=\"375\" class=\"size-large wp-image-1772\" srcset=\"https:\/\/i0.wp.com\/folkbat.se\/wordpress\/wp-content\/uploads\/2018\/07\/IMG_4827.jpg?resize=1024%2C768&amp;ssl=1 1024w, https:\/\/i0.wp.com\/folkbat.se\/wordpress\/wp-content\/uploads\/2018\/07\/IMG_4827.jpg?resize=500%2C375&amp;ssl=1 500w, https:\/\/i0.wp.com\/folkbat.se\/wordpress\/wp-content\/uploads\/2018\/07\/IMG_4827.jpg?resize=768%2C576&amp;ssl=1 768w, https:\/\/i0.wp.com\/folkbat.se\/wordpress\/wp-content\/uploads\/2018\/07\/IMG_4827.jpg?resize=800%2C600&amp;ssl=1 800w, https:\/\/i0.wp.com\/folkbat.se\/wordpress\/wp-content\/uploads\/2018\/07\/IMG_4827.jpg?w=1558&amp;ssl=1 1558w, https:\/\/i0.wp.com\/folkbat.se\/wordpress\/wp-content\/uploads\/2018\/07\/IMG_4827.jpg?w=2337&amp;ssl=1 2337w\" sizes=\"auto, (max-width: 500px) 100vw, 500px\" \/><figcaption id=\"caption-attachment-1772\" class=\"wp-caption-text\">Prispallen, fr\u00e5n v\u00e4nster totalsegrare <em>Paula<\/em>, svenska m\u00e4starna <em>Noa<\/em> och SM-silvermedalj\u00f6rerna <em>Amicitia<\/em>.<\/figcaption><\/figure>\n<p>Karlshamnsseglarna Hans Hamel, Jerry H\u00e5kansson och Lina Hamel i SWE 1373 <em>Noa<\/em> vann \u00e5rets svenska m\u00e4sterskap i Folkb\u00e5t som avgjordes i Simrishamn 5\u20137 juli i soligt v\u00e4der och l\u00e4tta vindar. Detta blev Hans Hamels fj\u00e4rde SM-tecken i folkb\u00e5t och bes\u00e4ttningen f\u00e5r representera folkb\u00e5tarna vid M\u00e4starnas m\u00e4stare i Marstrand i oktober.<\/p>\n<p>I en SM-regatta kan \u00e4ven utl\u00e4ndska seglare deltaga, men endast de svenska bes\u00e4ttningarna kan vinna SM-medaljerna. Totalsegrare blev denna g\u00e5ng den tyska b\u00e5ten GER 466 <em>Paula<\/em> fr\u00e5n Yacht Club Strande utanf\u00f6r Kiel med Walther Furthmann, Hans-Christian Mrowka och Wolfgang Heck.<\/p>\n<p>SM-silvret och den totala tredjeplatsen gick till Peter Wrahme och Henrik Uppstr\u00f6m fr\u00e5n Karlskrona Segels\u00e4llskap i 1386 <em>Amicitia<\/em>, medan SM-bronset hamnade hos Segels\u00e4llskapet Vikingarna i Kalmars Anders Cederblad, Ola Schwarz och Daniel Nerhagen p\u00e5 1328 <em>Slagh\u00f6ken 2<\/em>.<\/p>\n<p>Totalt deltog 35 bes\u00e4ttningar fr\u00e5n fem nationer, varav 21 fr\u00e5n Sverige. Med 35 bes\u00e4ttningar blev ocks\u00e5 detta det st\u00f6rsta m\u00e4sterskapet sedan 1992.<\/p>\n<p>Idag forts\u00e4tter Sail \u00d6sterlen med Guldpokalen med seglingar till och med fredag med deltagare fr\u00e5n sex nationer.<\/p>\n<p><a href=\"https:\/\/www.sailosterlen.se\/wp-content\/uploads\/2018\/07\/resultat-sm.pdf\">Resultat SM<\/a><br \/>\n<a href=\"http:\/\/www.ystadsallehanda.se\/simrishamn\/dubbla-seglarfester-i-simrishamn\/\">Dubbla seglarfester i Simrishamn<\/a> (Ystad Allehanda 4 juli)<br \/>\n<a href=\"http:\/\/www.ystadsallehanda.se\/sport\/tyskt-i-topp-infor-avslutningen-av-sm\/\">Inga snedseglare i Simrishamn \u2013 guldpokal st\u00e5r p\u00e5 spel<\/a> (Ystad Allehanda 7 juli)<br \/>\n<a href=\"http:\/\/www.ystadsallehanda.se\/sport\/tysk-slutseger-men-sm-guld-till-karlshamn\/\">Segling: Tysk snuvade svenskarna p\u00e5 konfekten<\/a> (Ystad Allehanda 8 juli)<\/p>\n<p><a href=\"https:\/\/www.sailosterlen.se\/wp-content\/uploads\/2018\/07\/resultat-gc.pdf\">Resultat Guldpokalen<\/a><\/p>\n","protected":false},"excerpt":{"rendered":"<p>Karlshamnsseglarna Hans Hamel, Jerry H\u00e5kansson och Lina Hamel i SWE 1373 Noa vann \u00e5rets svenska m\u00e4sterskap i Folkb\u00e5t som avgjordes i Simrishamn 5\u20137 juli i soligt v\u00e4der och l\u00e4tta vindar. Detta blev Hans Hamels fj\u00e4rde SM-tecken i folkb\u00e5t och bes\u00e4ttningen&hellip; <a href=\"https:\/\/folkbat.se\/wordpress\/?p=1770\" class=\"apace-readmore-link\"><span class=\"screen-reader-text\">Karlshamnsseglare svenska m\u00e4stare 2018<\/span>L\u00e4s mer<\/a><\/p>\n","protected":false},"author":1,"featured_media":0,"comment_status":"open","ping_status":"open","sticky":false,"template":"","format":"standard","meta":{"jetpack_post_was_ever_published":false,"_jetpack_newsletter_access":"","_jetpack_dont_email_post_to_subs":false,"_jetpack_newsletter_tier_id":0,"_jetpack_memberships_contains_paywalled_content":false,"_jetpack_memberships_contains_paid_content":false,"footnotes":"","jetpack_publicize_message":"","jetpack_publicize_feature_enabled":true,"jetpack_social_post_already_shared":true,"jetpack_social_options":{"image_generator_settings":{"template":"highway","default_image_id":0,"font":"","enabled":false},"version":2}},"categories":[1],"tags":[],"class_list":["post-1770","post","type-post","status-publish","format-standard","hentry","category-nyheter"],"jetpack_publicize_connections":[],"jetpack_featured_media_url":"","jetpack_sharing_enabled":true,"jetpack_shortlink":"https:\/\/wp.me\/p5CsWc-sy","jetpack-related-posts":[{"id":2041,"url":"https:\/\/folkbat.se\/wordpress\/?p=2041","url_meta":{"origin":1770,"position":0},"title":"SM avgjort \u2013 Karlshamnsb\u00e5t m\u00e4stare","author":"Webbmaster","date":"24 augusti 2019","format":false,"excerpt":"Idag, 24 augusti slutf\u00f6rdes SM-seglingarna i Folkb\u00e5t vid Rastaholm i M\u00e4laren, d\u00e4r Stockholms Segels\u00e4llskap stod som arrang\u00f6r. Startf\u00e4ltet inneh\u00f6ll 19 folkb\u00e5tar, varav fem fr\u00e5n Danmark och Tyskland. Enbart de svenska b\u00e5tarna kunde utmana om SM-titeln och n\u00e4r alla seglingar var seglade och resultaten sammanr\u00e4knade stod SWE 1942 Snudd med Hans\u2026","rel":"","context":"I \u201dNyheter\u201d","block_context":{"text":"Nyheter","link":"https:\/\/folkbat.se\/wordpress\/?cat=1"},"img":{"alt_text":"","src":"","width":0,"height":0},"classes":[]},{"id":2577,"url":"https:\/\/folkbat.se\/wordpress\/?p=2577","url_meta":{"origin":1770,"position":1},"title":"Bratt, Johansson &#038; Land\u00e9n vann bl\u00e5sigt SM i Stenungsund","author":"Webbmaster","date":"18 augusti 2021","format":false,"excerpt":"Hemmab\u00e5ten Donald Bratt, Bj\u00f6rn-Axel Johansson och Lars Land\u00e9n kan titulera sig svenska m\u00e4stare n\u00e4r \u00e5rets SM avgjordes i Stenungsund i helgen, arrangerat av Stenungsunds Segels\u00e4llskap. Regerande m\u00e4starna Hans Hamel, Lina Hamel och Christian S\u00f6derb\u00e4ck, Karlshamns SS tog silverpengen och L\u00e5ngedragsseglarna Lennart Magnusson, Mats Brodefors och Kjell V\u00e5gfelt fick bronset. Seglingarna\u2026","rel":"","context":"I \u201dKappsegling\u201d","block_context":{"text":"Kappsegling","link":"https:\/\/folkbat.se\/wordpress\/?cat=58"},"img":{"alt_text":"","src":"","width":0,"height":0},"classes":[]},{"id":4264,"url":"https:\/\/folkbat.se\/wordpress\/?p=4264","url_meta":{"origin":1770,"position":2},"title":"Hemmaseger i folkb\u00e5tarnas 60:e svenska m\u00e4sterskap","author":"Webbmaster","date":"15 augusti 2025","format":false,"excerpt":"Ola Schwarz, Anders Jalmander och Anders Cederblad. Foto: Matilda Wallerg\u00e5rd 19 folkb\u00e5tar kappseglade om SM-medaljerna hos Segels\u00e4llskapet Vikingarna p\u00e5 Kalmarsund 7\u20139 augusti i klassens 60:e svenska m\u00e4sterskap och det blev hemmaseger f\u00f6r 1255\u00a0Selma\u00a0med Anders Cederblad, Anders Jalmander och Ola Schwarz.\u00a0Selma\u00a0f\u00e5r nu chansen att f\u00f6rsvara folkb\u00e5tarnas klassm\u00e4rke vid Seglingens m\u00e4stare i\u2026","rel":"","context":"I \u201dKappsegling\u201d","block_context":{"text":"Kappsegling","link":"https:\/\/folkbat.se\/wordpress\/?cat=58"},"img":{"alt_text":"","src":"https:\/\/i0.wp.com\/folkbat.se\/wordpress\/wp-content\/uploads\/2025\/08\/IMG_1416-scaled.jpg?fit=900%2C1200&ssl=1&resize=350%2C200","width":350,"height":200,"srcset":"https:\/\/i0.wp.com\/folkbat.se\/wordpress\/wp-content\/uploads\/2025\/08\/IMG_1416-scaled.jpg?fit=900%2C1200&ssl=1&resize=350%2C200 1x, https:\/\/i0.wp.com\/folkbat.se\/wordpress\/wp-content\/uploads\/2025\/08\/IMG_1416-scaled.jpg?fit=900%2C1200&ssl=1&resize=525%2C300 1.5x, https:\/\/i0.wp.com\/folkbat.se\/wordpress\/wp-content\/uploads\/2025\/08\/IMG_1416-scaled.jpg?fit=900%2C1200&ssl=1&resize=700%2C400 2x"},"classes":[]},{"id":1031,"url":"https:\/\/folkbat.se\/wordpress\/?p=1031","url_meta":{"origin":1770,"position":3},"title":"Olsen, W\u00e4rneg\u00e5rd och W\u00e4rneg\u00e5rd svenska m\u00e4stare 2016","author":"Webbmaster","date":"19 juli 2016","format":false,"excerpt":"\u00c5rets SM-seglingar i Folkb\u00e5t som har p\u00e5b\u00f6rjades i s\u00f6ndags avslutades under tisdagen med en segling. Seglingarna arrangerades av Vikingarnas Segels\u00e4llskap p\u00e5 Lilla V\u00e4rtan vid Djurg\u00e5rden i Stockholm. Det var tredje g\u00e5ngen seglingarna h\u00f6lls p\u00e5 dessa vatten, d\u00e5 de \u00e4ven h\u00f6lls h\u00e4r 2001 och 2011. Genom att Anders Olsen med gastarna\u2026","rel":"","context":"I \u201dNyheter\u201d","block_context":{"text":"Nyheter","link":"https:\/\/folkbat.se\/wordpress\/?cat=1"},"img":{"alt_text":"21 folkb\u00e5tar i tr\u00e4 och glasfiberplast deltar i \u00e5rets SM-seglingar p\u00e5 Lilla V\u00e4rtan vid Djurg\u00e5rden, Stockholm.","src":"https:\/\/i0.wp.com\/folkbat.se\/wordpress\/wp-content\/uploads\/2016\/07\/SM-M22-Folkb%C3%A5t-2016-dag-2-124-23-1024x607.jpeg?resize=350%2C200","width":350,"height":200},"classes":[]},{"id":1395,"url":"https:\/\/folkbat.se\/wordpress\/?p=1395","url_meta":{"origin":1770,"position":4},"title":"Karlskronab\u00e5t svenska m\u00e4stare","author":"Webbmaster","date":"10 juli 2017","format":false,"excerpt":"Under den g\u00e5ngna helgen arrangerades det 53:e Svenska m\u00e4sterskapet i Folkb\u00e5t med i Halmstad. Efter tre dagars seglingar i l\u00e4tta vindar stod det klart att SM-debutanten 1328 Slagh\u00f6ken II fr\u00e5n Karlskrona SS, Magnus Johansson, Anders Cederblad och Jonas Konrad var b\u00e4sta svenska m\u00e4stare och b\u00e4sta svenska bes\u00e4ttning med en total\u2026","rel":"","context":"I \u201dNyheter\u201d","block_context":{"text":"Nyheter","link":"https:\/\/folkbat.se\/wordpress\/?cat=1"},"img":{"alt_text":"","src":"https:\/\/i0.wp.com\/folkbat.se\/wordpress\/wp-content\/uploads\/2017\/07\/IMG_9102.jpg?fit=1200%2C900&ssl=1&resize=350%2C200","width":350,"height":200,"srcset":"https:\/\/i0.wp.com\/folkbat.se\/wordpress\/wp-content\/uploads\/2017\/07\/IMG_9102.jpg?fit=1200%2C900&ssl=1&resize=350%2C200 1x, https:\/\/i0.wp.com\/folkbat.se\/wordpress\/wp-content\/uploads\/2017\/07\/IMG_9102.jpg?fit=1200%2C900&ssl=1&resize=525%2C300 1.5x, https:\/\/i0.wp.com\/folkbat.se\/wordpress\/wp-content\/uploads\/2017\/07\/IMG_9102.jpg?fit=1200%2C900&ssl=1&resize=700%2C400 2x, https:\/\/i0.wp.com\/folkbat.se\/wordpress\/wp-content\/uploads\/2017\/07\/IMG_9102.jpg?fit=1200%2C900&ssl=1&resize=1050%2C600 3x"},"classes":[]},{"id":3415,"url":"https:\/\/folkbat.se\/wordpress\/?p=3415","url_meta":{"origin":1770,"position":5},"title":"Kalmarb\u00e5t svensk m\u00e4stare 2023","author":"Webbmaster","date":"17 augusti 2023","format":false,"excerpt":"Anders Cederblad, som tillsammans med bes\u00e4ttningen Ola Schwarz och Anders Jarlmander i SWE 1255 Selma, blev 2023 \u00e5rs svenska m\u00e4stare i Nordisk folkb\u00e5t. Foto Benny Christensen Det 58:e svenska m\u00e4sterskapet f\u00f6r Nordisk folkb\u00e5t avgjordes 9\u201312 augusti p\u00e5 Lus\u00e4rnafj\u00e4rden vid V\u00e4stervik i regi av Westerviks SS Vikingarna och Westerviks SS. 21\u2026","rel":"","context":"I \u201dNyheter\u201d","block_context":{"text":"Nyheter","link":"https:\/\/folkbat.se\/wordpress\/?cat=1"},"img":{"alt_text":"","src":"https:\/\/i0.wp.com\/folkbat.se\/wordpress\/wp-content\/uploads\/2023\/08\/367116848_6364439436958987_7618336440201722349_n.jpg?fit=900%2C1200&ssl=1&resize=350%2C200","width":350,"height":200,"srcset":"https:\/\/i0.wp.com\/folkbat.se\/wordpress\/wp-content\/uploads\/2023\/08\/367116848_6364439436958987_7618336440201722349_n.jpg?fit=900%2C1200&ssl=1&resize=350%2C200 1x, https:\/\/i0.wp.com\/folkbat.se\/wordpress\/wp-content\/uploads\/2023\/08\/367116848_6364439436958987_7618336440201722349_n.jpg?fit=900%2C1200&ssl=1&resize=525%2C300 1.5x, https:\/\/i0.wp.com\/folkbat.se\/wordpress\/wp-content\/uploads\/2023\/08\/367116848_6364439436958987_7618336440201722349_n.jpg?fit=900%2C1200&ssl=1&resize=700%2C400 2x"},"classes":[]}],"_links":{"self":[{"href":"https:\/\/folkbat.se\/wordpress\/index.php?rest_route=\/wp\/v2\/posts\/1770","targetHints":{"allow":["GET"]}}],"collection":[{"href":"https:\/\/folkbat.se\/wordpress\/index.php?rest_route=\/wp\/v2\/posts"}],"about":[{"href":"https:\/\/folkbat.se\/wordpress\/index.php?rest_route=\/wp\/v2\/types\/post"}],"author":[{"embeddable":true,"href":"https:\/\/folkbat.se\/wordpress\/index.php?rest_route=\/wp\/v2\/users\/1"}],"replies":[{"embeddable":true,"href":"https:\/\/folkbat.se\/wordpress\/index.php?rest_route=%2Fwp%2Fv2%2Fcomments&post=1770"}],"version-history":[{"count":7,"href":"https:\/\/folkbat.se\/wordpress\/index.php?rest_route=\/wp\/v2\/posts\/1770\/revisions"}],"predecessor-version":[{"id":1778,"href":"https:\/\/folkbat.se\/wordpress\/index.php?rest_route=\/wp\/v2\/posts\/1770\/revisions\/1778"}],"wp:attachment":[{"href":"https:\/\/folkbat.se\/wordpress\/index.php?rest_route=%2Fwp%2Fv2%2Fmedia&parent=1770"}],"wp:term":[{"taxonomy":"category","embeddable":true,"href":"https:\/\/folkbat.se\/wordpress\/index.php?rest_route=%2Fwp%2Fv2%2Fcategories&post=1770"},{"taxonomy":"post_tag","embeddable":true,"href":"https:\/\/folkbat.se\/wordpress\/index.php?rest_route=%2Fwp%2Fv2%2Ftags&post=1770"}],"curies":[{"name":"wp","href":"https:\/\/api.w.org\/{rel}","templated":true}]}}