{"id":1879,"date":"2018-12-25T17:22:57","date_gmt":"2018-12-25T16:22:57","guid":{"rendered":"http:\/\/folkbat.se\/wordpress\/?p=1879"},"modified":"2018-12-25T17:23:05","modified_gmt":"2018-12-25T16:23:05","slug":"god-jul-och-gott-nytt-ar","status":"publish","type":"post","link":"https:\/\/folkbat.se\/wordpress\/?p=1879","title":{"rendered":"GOD JUL OCH GOTT NYTT \u00c5R!"},"content":{"rendered":"<p>Folkb\u00e5tsf\u00f6rbundet \u00f6nskar alla folkb\u00e5tsseglare God Jul och Gott Nytt \u00c5r! Vi ses p\u00e5 havet och p\u00e5 bryggorna 2019!<\/p>\n","protected":false},"excerpt":{"rendered":"<p>Folkb\u00e5tsf\u00f6rbundet \u00f6nskar alla folkb\u00e5tsseglare God Jul och Gott Nytt \u00c5r! Vi ses p\u00e5 havet och p\u00e5 bryggorna 2019!<\/p>\n","protected":false},"author":1,"featured_media":0,"comment_status":"open","ping_status":"open","sticky":false,"template":"","format":"standard","meta":{"jetpack_post_was_ever_published":false,"_jetpack_newsletter_access":"","_jetpack_dont_email_post_to_subs":false,"_jetpack_newsletter_tier_id":0,"_jetpack_memberships_contains_paywalled_content":false,"_jetpack_memberships_contains_paid_content":false,"footnotes":"","jetpack_publicize_message":"","jetpack_publicize_feature_enabled":true,"jetpack_social_post_already_shared":true,"jetpack_social_options":{"image_generator_settings":{"template":"highway","default_image_id":0,"font":"","enabled":false},"version":2}},"categories":[1],"tags":[],"class_list":["post-1879","post","type-post","status-publish","format-standard","hentry","category-nyheter"],"jetpack_publicize_connections":[],"jetpack_featured_media_url":"","jetpack_sharing_enabled":true,"jetpack_shortlink":"https:\/\/wp.me\/p5CsWc-uj","jetpack-related-posts":[{"id":3557,"url":"https:\/\/folkbat.se\/wordpress\/?p=3557","url_meta":{"origin":1879,"position":0},"title":"Tibbes minnescup 2024","author":"Webbmaster","date":"24 december 2023","format":false,"excerpt":"Kerteminde Sejlklubb och arrang\u00f6rerna bakom n\u00e4sta \u00e5rs Tibbes minnescup \u00f6nskar alla en god jul och ett gott nytt \u00e5r. F\u00f6rberedelserna \u00e4r i full g\u00e5ng och vi hoppas ses sista helgen i augusti f\u00f6r att fira folkb\u00e5ten Tibbe som blev alla folkb\u00e5tar i glasfiber och s\u00e4krade klassens \u00f6verlevnad. Som ett nytt\u2026","rel":"","context":"I \u201dNyheter\u201d","block_context":{"text":"Nyheter","link":"https:\/\/folkbat.se\/wordpress\/?cat=1"},"img":{"alt_text":"","src":"https:\/\/i0.wp.com\/folkbat.se\/wordpress\/wp-content\/uploads\/2023\/12\/406444519_651907557158081_6909382256380309600_n.jpg?fit=1024%2C768&ssl=1&resize=350%2C200","width":350,"height":200,"srcset":"https:\/\/i0.wp.com\/folkbat.se\/wordpress\/wp-content\/uploads\/2023\/12\/406444519_651907557158081_6909382256380309600_n.jpg?fit=1024%2C768&ssl=1&resize=350%2C200 1x, https:\/\/i0.wp.com\/folkbat.se\/wordpress\/wp-content\/uploads\/2023\/12\/406444519_651907557158081_6909382256380309600_n.jpg?fit=1024%2C768&ssl=1&resize=525%2C300 1.5x, https:\/\/i0.wp.com\/folkbat.se\/wordpress\/wp-content\/uploads\/2023\/12\/406444519_651907557158081_6909382256380309600_n.jpg?fit=1024%2C768&ssl=1&resize=700%2C400 2x"},"classes":[]},{"id":4229,"url":"https:\/\/folkbat.se\/wordpress\/?p=4229","url_meta":{"origin":1879,"position":1},"title":"Folkb\u00e5tsb\u00f6rsen: Segel s\u00e4ljes","author":"Webbmaster","date":"15 juli 2025","format":false,"excerpt":"Alla segel i mycket bra skick sparsamt seglade men \u00e4ldre och alltid rullade fortfarande\u00a0prassel i alla segel seglen \u00e4r inte seglade p\u00e5 de senaste 12 \u00e5ren endast Elvstr\u00f6mseglet en g\u00e5ng. Alla segel \u00e4r f\u00f6r tr\u00e4mast. Jag tycker det \u00e4r sv\u00e5rt med priss\u00e4ttningen men jag har f\u00f6r mycket segel helt enkelt\u2026","rel":"","context":"I \u201dFolkb\u00e5tsb\u00f6rsen\u201d","block_context":{"text":"Folkb\u00e5tsb\u00f6rsen","link":"https:\/\/folkbat.se\/wordpress\/?cat=6"},"img":{"alt_text":"","src":"https:\/\/i0.wp.com\/folkbat.se\/wordpress\/wp-content\/uploads\/2025\/07\/IMG_4980-scaled.jpg?fit=900%2C1200&ssl=1&resize=350%2C200","width":350,"height":200,"srcset":"https:\/\/i0.wp.com\/folkbat.se\/wordpress\/wp-content\/uploads\/2025\/07\/IMG_4980-scaled.jpg?fit=900%2C1200&ssl=1&resize=350%2C200 1x, https:\/\/i0.wp.com\/folkbat.se\/wordpress\/wp-content\/uploads\/2025\/07\/IMG_4980-scaled.jpg?fit=900%2C1200&ssl=1&resize=525%2C300 1.5x, https:\/\/i0.wp.com\/folkbat.se\/wordpress\/wp-content\/uploads\/2025\/07\/IMG_4980-scaled.jpg?fit=900%2C1200&ssl=1&resize=700%2C400 2x"},"classes":[]},{"id":246,"url":"https:\/\/folkbat.se\/wordpress\/?p=246","url_meta":{"origin":1879,"position":2},"title":"S\u00e4songspremi\u00e4r i Stockholmsserien","author":"Webbmaster","date":"10 maj 2015","format":false,"excerpt":"Stockholmsfolkb\u00e5tarna begick som brukligt s\u00e4songspremi\u00e4r i Liding\u00f6 Runt p\u00e5 l\u00f6rdagen. \u00c5rets upplaga samlade 13 b\u00e5tar folkb\u00e5tar, vilket var det mesta p\u00e5 sex \u00e5r. Nytt f\u00f6r i \u00e5r var att folkb\u00e5tarna var bland de f\u00f6rsta klasserna att f\u00e5 starta p\u00e5 Lilla v\u00e4rtan. I ett vindfattigt k\u00f6r var, likt f\u00f6rra \u00e5ret, Anders\u2026","rel":"","context":"I \u201dNyheter\u201d","block_context":{"text":"Nyheter","link":"https:\/\/folkbat.se\/wordpress\/?cat=1"},"img":{"alt_text":"","src":"","width":0,"height":0},"classes":[]},{"id":2253,"url":"https:\/\/folkbat.se\/wordpress\/?p=2253","url_meta":{"origin":1879,"position":3},"title":"Program 2021","author":"Webbmaster","date":"14 december 2020","format":false,"excerpt":"Nu b\u00f6rjar det bli dags att planera folkb\u00e5tssommaren 2021. H\u00e4r \u00e4r datumen: 13\u201315 augusti \u2013 Svenska m\u00e4sterskapet, Stenungsund SM-seglingarna planeras att h\u00e5llas s\u00e5som det var planerat f\u00f6r \u00e5rets inst\u00e4llda m\u00e4sterskap med Stenungsunds SS som arrang\u00f6r. Tj\u00f6rn runt g\u00e5r helgen efter. 9\u201311 juli \u2013 Hang\u00f6regattan, Hang\u00f6 13\u201315 juli \u2013 Finska m\u00e4sterskapet,\u2026","rel":"","context":"I \u201dKappsegling\u201d","block_context":{"text":"Kappsegling","link":"https:\/\/folkbat.se\/wordpress\/?cat=58"},"img":{"alt_text":"","src":"https:\/\/i0.wp.com\/folkbat.se\/wordpress\/wp-content\/uploads\/2020\/12\/image2-500x353.jpeg?resize=350%2C200","width":350,"height":200},"classes":[]},{"id":2506,"url":"https:\/\/folkbat.se\/wordpress\/?p=2506","url_meta":{"origin":1879,"position":4},"title":"Byte av k\u00f6lbultar","author":"Webbmaster","date":"5 juni 2021","format":false,"excerpt":"Karl-Johan Ericsson har dokumenterat hur han bytte k\u00f6lbultar p\u00e5 sin folkb\u00e5t fr\u00e5n slutet av 1970-talet och skrivit en instruktion. Den finns h\u00e4r och i \"Fler nyttiga knep\" under B\u00e5tv\u00e5rd i menyn.","rel":"","context":"I \u201dNyheter\u201d","block_context":{"text":"Nyheter","link":"https:\/\/folkbat.se\/wordpress\/?cat=1"},"img":{"alt_text":"","src":"https:\/\/i0.wp.com\/folkbat.se\/wordpress\/wp-content\/uploads\/2021\/06\/Byte-kolbultar-Folkbat.jpg?resize=350%2C200&ssl=1","width":350,"height":200,"srcset":"https:\/\/i0.wp.com\/folkbat.se\/wordpress\/wp-content\/uploads\/2021\/06\/Byte-kolbultar-Folkbat.jpg?resize=350%2C200&ssl=1 1x, https:\/\/i0.wp.com\/folkbat.se\/wordpress\/wp-content\/uploads\/2021\/06\/Byte-kolbultar-Folkbat.jpg?resize=525%2C300&ssl=1 1.5x, https:\/\/i0.wp.com\/folkbat.se\/wordpress\/wp-content\/uploads\/2021\/06\/Byte-kolbultar-Folkbat.jpg?resize=700%2C400&ssl=1 2x"},"classes":[]},{"id":4128,"url":"https:\/\/folkbat.se\/wordpress\/?p=4128","url_meta":{"origin":1879,"position":5},"title":"Folkb\u00e5tsb\u00f6rsen: Mast och bom s\u00e4ljes","author":"Webbmaster","date":"9 februari 2025","format":false,"excerpt":"Aluminiummast och bom, komplett fr\u00e5n John Mast. Allt \u00e4r i gott skick. Exakt \u00e5lder \u00e4r inte k\u00e4nd, men jag uppskattar att den \u00e4r runt 10 \u00e5r. Nypris hos John Mast idag \u00e4r 57 000 DKK; jag s\u00e4ljer denna f\u00f6r 29 000 DKK. Kontakt Per HovmarkMobil 0045 30458647Mail:\u00a0groenkjaerhovmark@hotmail.com","rel":"","context":"I \u201dFolkb\u00e5tsb\u00f6rsen\u201d","block_context":{"text":"Folkb\u00e5tsb\u00f6rsen","link":"https:\/\/folkbat.se\/wordpress\/?cat=6"},"img":{"alt_text":"","src":"","width":0,"height":0},"classes":[]}],"_links":{"self":[{"href":"https:\/\/folkbat.se\/wordpress\/index.php?rest_route=\/wp\/v2\/posts\/1879","targetHints":{"allow":["GET"]}}],"collection":[{"href":"https:\/\/folkbat.se\/wordpress\/index.php?rest_route=\/wp\/v2\/posts"}],"about":[{"href":"https:\/\/folkbat.se\/wordpress\/index.php?rest_route=\/wp\/v2\/types\/post"}],"author":[{"embeddable":true,"href":"https:\/\/folkbat.se\/wordpress\/index.php?rest_route=\/wp\/v2\/users\/1"}],"replies":[{"embeddable":true,"href":"https:\/\/folkbat.se\/wordpress\/index.php?rest_route=%2Fwp%2Fv2%2Fcomments&post=1879"}],"version-history":[{"count":1,"href":"https:\/\/folkbat.se\/wordpress\/index.php?rest_route=\/wp\/v2\/posts\/1879\/revisions"}],"predecessor-version":[{"id":1880,"href":"https:\/\/folkbat.se\/wordpress\/index.php?rest_route=\/wp\/v2\/posts\/1879\/revisions\/1880"}],"wp:attachment":[{"href":"https:\/\/folkbat.se\/wordpress\/index.php?rest_route=%2Fwp%2Fv2%2Fmedia&parent=1879"}],"wp:term":[{"taxonomy":"category","embeddable":true,"href":"https:\/\/folkbat.se\/wordpress\/index.php?rest_route=%2Fwp%2Fv2%2Fcategories&post=1879"},{"taxonomy":"post_tag","embeddable":true,"href":"https:\/\/folkbat.se\/wordpress\/index.php?rest_route=%2Fwp%2Fv2%2Ftags&post=1879"}],"curies":[{"name":"wp","href":"https:\/\/api.w.org\/{rel}","templated":true}]}}