{"id":2009,"date":"2019-07-04T12:51:59","date_gmt":"2019-07-04T10:51:59","guid":{"rendered":"http:\/\/folkbat.se\/wordpress\/?p=2009"},"modified":"2019-07-04T12:51:59","modified_gmt":"2019-07-04T10:51:59","slug":"arsmote-och-utflykt-under-sm","status":"publish","type":"post","link":"https:\/\/folkbat.se\/wordpress\/?p=2009","title":{"rendered":"\u00c5rsm\u00f6te och utflykt under SM"},"content":{"rendered":"<p>Svenska Folkb\u00e5tsf\u00f6rbundets \u00e5rsm\u00f6te kommer som vanligt att h\u00e5llas i anslutning till SM. Det blir \u00e4ven en utflykt till Birka p\u00e5 torsdagen f\u00f6r de som vill.<\/p>\n<h3>\u00c5rsm\u00f6te onsdag 21 augusti<\/h3>\n<p>Svenska Folkb\u00e5tsf\u00f6rbundets \u00e5rsm\u00f6te h\u00e5lls onsdagen 21 augusti 2019 kl 13:00-14:00.<\/p>\n<h3>Utflykt till Birka torsdag 22 augusti<\/h3>\n<p>Intill Rastaholm ligger Bj\u00f6rk\u00f6 d\u00e4r Vikingastaden Birka var bel\u00e4gen. Birka finns p\u00e5 Unescos v\u00e4rldsarvslista. Birka blev p\u00e5 700-talet Sveriges f\u00f6rsta stad och det finns mycket att se d\u00e4r. Efter seglingarna far vi dit med Lasse Blombergs b\u00e5t <em>Stormprince<\/em> och det blir en enklare m\u00e5ltid med vin och vatten n\u00e4r vi landstigit p\u00e5 Birka. Om det blir regn och rusk f\u00e5r vi inta m\u00e5ltiden p\u00e5 Rasta. OFK planerar f\u00f6r att alla \u00e4r med. <\/p>\n<p>Du anm\u00e4ler dig vid registreringen den 21 augusti. Kostnad 150:- som \u00e4r under sj\u00e4lvkostnad.<\/p>\n<p>Se \u00e4ven Folkb\u00e5tsnytt NO 1 d\u00e4r en fylligare beskrivning av Birka och Stormprince finns.<\/p>\n","protected":false},"excerpt":{"rendered":"<p>Svenska Folkb\u00e5tsf\u00f6rbundets \u00e5rsm\u00f6te kommer som vanligt att h\u00e5llas i anslutning till SM. Det blir \u00e4ven en utflykt till Birka p\u00e5 torsdagen f\u00f6r de som vill. \u00c5rsm\u00f6te onsdag 21 augusti Svenska Folkb\u00e5tsf\u00f6rbundets \u00e5rsm\u00f6te h\u00e5lls onsdagen 21 augusti 2019 kl 13:00-14:00. Utflykt&hellip; <a href=\"https:\/\/folkbat.se\/wordpress\/?p=2009\" class=\"apace-readmore-link\"><span class=\"screen-reader-text\">\u00c5rsm\u00f6te och utflykt under SM<\/span>L\u00e4s mer<\/a><\/p>\n","protected":false},"author":1,"featured_media":0,"comment_status":"open","ping_status":"open","sticky":false,"template":"","format":"standard","meta":{"jetpack_post_was_ever_published":false,"_jetpack_newsletter_access":"","_jetpack_dont_email_post_to_subs":false,"_jetpack_newsletter_tier_id":0,"_jetpack_memberships_contains_paywalled_content":false,"_jetpack_memberships_contains_paid_content":false,"footnotes":"","jetpack_publicize_message":"","jetpack_publicize_feature_enabled":true,"jetpack_social_post_already_shared":true,"jetpack_social_options":{"image_generator_settings":{"template":"highway","default_image_id":0,"font":"","enabled":false},"version":2}},"categories":[1],"tags":[],"class_list":["post-2009","post","type-post","status-publish","format-standard","hentry","category-nyheter"],"jetpack_publicize_connections":[],"jetpack_featured_media_url":"","jetpack_sharing_enabled":true,"jetpack_shortlink":"https:\/\/wp.me\/p5CsWc-wp","jetpack-related-posts":[{"id":2569,"url":"https:\/\/folkbat.se\/wordpress\/?p=2569","url_meta":{"origin":2009,"position":0},"title":"Kallelse till Svenska Folkb\u00e5tsf\u00f6rbundets \u00e5rsm\u00f6te 2021 (under SM-helgen)","author":"Webbmaster","date":"20 juli 2021","format":false,"excerpt":"Folkb\u00e5tsv\u00e4nner, hittills har 14 b\u00e5tar anm\u00e4lt sig till SM i Stenungsund och vi hoppas p\u00e5 att f\u00e5 se fler. Inbjudan och anm\u00e4lan finns p\u00e5 https:\/\/www.sailarena.com\/sv\/se\/club\/stss\/sm-folkbat-och-riksmasterskap-iod-2021\/. Undrar du n\u00e5got om arrangemanget, kontakta ordf\u00f6rande Rolf (rolf.upp@gmail.com 073-405 22 33). Svenska Folkb\u00e5tsf\u00f6rbundets \u00e5rsm\u00f6te kommer att h\u00e5llas i samband med SM-seglingarna. M\u00f6tet \u00e4r 12\u2026","rel":"","context":"I \u201dNyheter\u201d","block_context":{"text":"Nyheter","link":"https:\/\/folkbat.se\/wordpress\/?cat=1"},"img":{"alt_text":"","src":"","width":0,"height":0},"classes":[]},{"id":2209,"url":"https:\/\/folkbat.se\/wordpress\/?p=2209","url_meta":{"origin":2009,"position":1},"title":"Kallelse till Svenska Folkb\u00e5tsf\u00f6rbundets \u00e5rsm\u00f6te 2020","author":"Webbmaster","date":"8 september 2020","format":false,"excerpt":"B\u00e4ste medlem i Folkb\u00e5tsb\u00e5tsf\u00f6rbundet! 2020 har varit ett besv\u00e4rligt \u00e5r f\u00f6r seglingen. M\u00e5nga inst\u00e4llda kappseglingar och vi fick, till slut, ocks\u00e5 st\u00e4lla in Folkb\u00e5ts-SM f\u00f6r f\u00f6rsta g\u00e5ngen sedan starten 1965. Med det f\u00f6ljde att \u00e4ven \u00e5rsm\u00f6tet st\u00e4lldes in. Styrelsen best\u00e4mde dock att ha ett \u00e5rsm\u00f6te och kallelsen finner du nedan.\u2026","rel":"","context":"I \u201dNyheter\u201d","block_context":{"text":"Nyheter","link":"https:\/\/folkbat.se\/wordpress\/?cat=1"},"img":{"alt_text":"","src":"","width":0,"height":0},"classes":[]},{"id":3613,"url":"https:\/\/folkbat.se\/wordpress\/?p=3613","url_meta":{"origin":2009,"position":2},"title":"\u00c5rsm\u00f6te genomf\u00f6rt i Stockholm och digitalt","author":"Webbmaster","date":"18 mars 2024","format":false,"excerpt":"I l\u00f6rdags avh\u00f6lls Folkb\u00e5tsf\u00f6rbundets \u00e5rsm\u00f6te i Stockholm och digitalt med drygt tjugotalet n\u00e4rvarande. Ny ledamot i styrelsen blev Karl-Johan Ericsson, Karlsborg, enligt valberedningens f\u00f6rslag. De f\u00f6reslagna \u00e4ndringarna i stadgarna (h\u00e4r finns f\u00f6rslaget) antogs. F\u00f6rbundet bildades 1944 och fyller s\u00e5ledes 80 \u00e5r i \u00e5r och firades d\u00e4rf\u00f6r med en trudelutt. Anders\u2026","rel":"","context":"I \u201dNyheter\u201d","block_context":{"text":"Nyheter","link":"https:\/\/folkbat.se\/wordpress\/?cat=1"},"img":{"alt_text":"","src":"","width":0,"height":0},"classes":[]},{"id":3408,"url":"https:\/\/folkbat.se\/wordpress\/?p=3408","url_meta":{"origin":2009,"position":3},"title":"Kallelse till \u00e5rsm\u00f6te","author":"Webbmaster","date":"26 juni 2023","format":false,"excerpt":"Folkb\u00e5tsv\u00e4nner! Detta nyhetsbrev fr\u00e5n SFF inneh\u00e5ller kallelse till \u00e5rsm\u00f6te i V\u00e4stervik och omr\u00f6stning om eventuellt anv\u00e4ndande av spinnacker vid internationella regattor. Kallelse till \u00e5rsm\u00f6te f\u00f6r Svenska Folkb\u00e5tsf\u00f6rbundet 2023! N\u00e4r: onsdag 9 augusti 2023 torsdag 10 augusti 2023 om aftonen, exakt tidpunkt meddelas senare. Plats: V\u00e4stervik. Lokal meddelas senare. Motioner ska\u2026","rel":"","context":"I \u201dNyheter\u201d","block_context":{"text":"Nyheter","link":"https:\/\/folkbat.se\/wordpress\/?cat=1"},"img":{"alt_text":"","src":"","width":0,"height":0},"classes":[]},{"id":2842,"url":"https:\/\/folkbat.se\/wordpress\/?p=2842","url_meta":{"origin":2009,"position":4},"title":"F\u00f6rslag till stadgar","author":"Webbmaster","date":"13 april 2022","format":false,"excerpt":"Styrelsen har f\u00f6rberett ett f\u00f6rslag till nya stadgar f\u00f6r Svenska Folkb\u00e5tsf\u00f6rbundet. F\u00f6rbundets \u00e5rsm\u00f6te tar st\u00e4llning till f\u00f6rslaget vid \u00e5rsm\u00f6tet i samband med SM i Ystad. Stadgar-SFF-Styrelsens-forslag-2022Ladda ner","rel":"","context":"I \u201dNyheter\u201d","block_context":{"text":"Nyheter","link":"https:\/\/folkbat.se\/wordpress\/?cat=1"},"img":{"alt_text":"","src":"","width":0,"height":0},"classes":[]},{"id":1826,"url":"https:\/\/folkbat.se\/wordpress\/?p=1826","url_meta":{"origin":2009,"position":5},"title":"SM 2019 h\u00e5lls vid Rastaholm","author":"Webbmaster","date":"27 september 2018","format":false,"excerpt":"Stockholms Segels\u00e4llskap och Svenska Folkb\u00e5tsf\u00f6rbundet v\u00e4lkomnar alla folkb\u00e5tsseglare till Rastaholm f\u00f6r det 55:e Svenska m\u00e4sterskapet i Folkb\u00e5t 22\u201324 augusti 2019. Detta blir f\u00f6rsta g\u00e5ngen seglingarna h\u00e5lls p\u00e5 M\u00e4laren, d\u00e5 sj\u00f6ns st\u00f6rsta fj\u00e4rd Bj\u00f6rkfj\u00e4rden blir sk\u00e5deplats. Banorna ligger med drygt en sj\u00f6mils utsegling fr\u00e5n hamnen. Inbjudan och mer info finns p\u00e5\u2026","rel":"","context":"I \u201dNyheter\u201d","block_context":{"text":"Nyheter","link":"https:\/\/folkbat.se\/wordpress\/?cat=1"},"img":{"alt_text":"","src":"https:\/\/i0.wp.com\/folkbat.se\/wordpress\/wp-content\/uploads\/2018\/09\/Artboard-1.png?resize=350%2C200","width":350,"height":200},"classes":[]}],"_links":{"self":[{"href":"https:\/\/folkbat.se\/wordpress\/index.php?rest_route=\/wp\/v2\/posts\/2009","targetHints":{"allow":["GET"]}}],"collection":[{"href":"https:\/\/folkbat.se\/wordpress\/index.php?rest_route=\/wp\/v2\/posts"}],"about":[{"href":"https:\/\/folkbat.se\/wordpress\/index.php?rest_route=\/wp\/v2\/types\/post"}],"author":[{"embeddable":true,"href":"https:\/\/folkbat.se\/wordpress\/index.php?rest_route=\/wp\/v2\/users\/1"}],"replies":[{"embeddable":true,"href":"https:\/\/folkbat.se\/wordpress\/index.php?rest_route=%2Fwp%2Fv2%2Fcomments&post=2009"}],"version-history":[{"count":4,"href":"https:\/\/folkbat.se\/wordpress\/index.php?rest_route=\/wp\/v2\/posts\/2009\/revisions"}],"predecessor-version":[{"id":2013,"href":"https:\/\/folkbat.se\/wordpress\/index.php?rest_route=\/wp\/v2\/posts\/2009\/revisions\/2013"}],"wp:attachment":[{"href":"https:\/\/folkbat.se\/wordpress\/index.php?rest_route=%2Fwp%2Fv2%2Fmedia&parent=2009"}],"wp:term":[{"taxonomy":"category","embeddable":true,"href":"https:\/\/folkbat.se\/wordpress\/index.php?rest_route=%2Fwp%2Fv2%2Fcategories&post=2009"},{"taxonomy":"post_tag","embeddable":true,"href":"https:\/\/folkbat.se\/wordpress\/index.php?rest_route=%2Fwp%2Fv2%2Ftags&post=2009"}],"curies":[{"name":"wp","href":"https:\/\/api.w.org\/{rel}","templated":true}]}}