{"id":2086,"date":"2020-02-21T16:45:43","date_gmt":"2020-02-21T15:45:43","guid":{"rendered":"http:\/\/folkbat.se\/wordpress\/?p=2086"},"modified":"2023-03-10T10:54:00","modified_gmt":"2023-03-10T09:54:00","slug":"folkbat-pa-allt-for-sjon","status":"publish","type":"post","link":"https:\/\/folkbat.se\/wordpress\/?p=2086","title":{"rendered":"Folkb\u00e5t p\u00e5 Allt f\u00f6r sj\u00f6n"},"content":{"rendered":"<p>I \u00e5r st\u00e4ller vi ut Anders Olsens Folkb\u00e5t SWE 2, <em>Jo-Jo<\/em> p\u00e5 Stockholms b\u00e5tm\u00e4ssa Allt f\u00f6r Sj\u00f6n 7\u201313 mars. Vi \u00e4r en del av &#8221;Classic Boat Show&#8221; som ocks\u00e5 inrymmer ett dussin andra traditionella b\u00e5tar. V\u00e5r m\u00e5ls\u00e4ttning \u00e4r ju emellertid mest att sprida kunskap om att folkb\u00e5ten faktiskt \u00e4r en av Nordeuropas mest aktiva kappseglingsklasser f\u00f6r k\u00f6lb\u00e5tar.<\/p>\n<p>Varmt v\u00e4lkommen att snacka folkb\u00e5t, ta en kopp kaffe och kaka i v\u00e5r monter. M\u00e4ssan \u00e4r som vanligt i Stockholmsm\u00e4ssan i \u00c4lvsj\u00f6n. <\/p>\n<p>\u00d6ppettider l\u00f6rdag och s\u00f6ndag 10\u201318, vardagar 12\u201319.<\/p>\n","protected":false},"excerpt":{"rendered":"<p>I \u00e5r st\u00e4ller vi ut Anders Olsens Folkb\u00e5t SWE 2, Jo-Jo p\u00e5 Stockholms b\u00e5tm\u00e4ssa Allt f\u00f6r Sj\u00f6n 7\u201313 mars. Vi \u00e4r en del av &#8221;Classic Boat Show&#8221; som ocks\u00e5 inrymmer ett dussin andra traditionella b\u00e5tar. V\u00e5r m\u00e5ls\u00e4ttning \u00e4r ju emellertid&hellip; <a href=\"https:\/\/folkbat.se\/wordpress\/?p=2086\" class=\"apace-readmore-link\"><span class=\"screen-reader-text\">Folkb\u00e5t p\u00e5 Allt f\u00f6r sj\u00f6n<\/span>L\u00e4s mer<\/a><\/p>\n","protected":false},"author":1,"featured_media":0,"comment_status":"open","ping_status":"open","sticky":false,"template":"","format":"standard","meta":{"jetpack_post_was_ever_published":false,"_jetpack_newsletter_access":"","_jetpack_dont_email_post_to_subs":false,"_jetpack_newsletter_tier_id":0,"_jetpack_memberships_contains_paywalled_content":false,"_jetpack_memberships_contains_paid_content":false,"footnotes":"","jetpack_publicize_message":"","jetpack_publicize_feature_enabled":true,"jetpack_social_post_already_shared":true,"jetpack_social_options":{"image_generator_settings":{"template":"highway","default_image_id":0,"font":"","enabled":false},"version":2}},"categories":[1,49],"tags":[],"class_list":["post-2086","post","type-post","status-publish","format-standard","hentry","category-nyheter","category-ostkustens-folkbatsklubb"],"jetpack_publicize_connections":[],"jetpack_featured_media_url":"","jetpack_sharing_enabled":true,"jetpack_shortlink":"https:\/\/wp.me\/p5CsWc-xE","jetpack-related-posts":[{"id":246,"url":"https:\/\/folkbat.se\/wordpress\/?p=246","url_meta":{"origin":2086,"position":0},"title":"S\u00e4songspremi\u00e4r i Stockholmsserien","author":"Webbmaster","date":"10 maj 2015","format":false,"excerpt":"Stockholmsfolkb\u00e5tarna begick som brukligt s\u00e4songspremi\u00e4r i Liding\u00f6 Runt p\u00e5 l\u00f6rdagen. \u00c5rets upplaga samlade 13 b\u00e5tar folkb\u00e5tar, vilket var det mesta p\u00e5 sex \u00e5r. Nytt f\u00f6r i \u00e5r var att folkb\u00e5tarna var bland de f\u00f6rsta klasserna att f\u00e5 starta p\u00e5 Lilla v\u00e4rtan. I ett vindfattigt k\u00f6r var, likt f\u00f6rra \u00e5ret, Anders\u2026","rel":"","context":"I \u201dNyheter\u201d","block_context":{"text":"Nyheter","link":"https:\/\/folkbat.se\/wordpress\/?cat=1"},"img":{"alt_text":"","src":"","width":0,"height":0},"classes":[]},{"id":1218,"url":"https:\/\/folkbat.se\/wordpress\/?p=1218","url_meta":{"origin":2086,"position":1},"title":"Tv\u00e5 folkb\u00e5tar p\u00e5 b\u00e5tm\u00e4ssan Allt f\u00f6r Sj\u00f6n i Stockholm","author":"Webbmaster","date":"28 februari 2017","format":false,"excerpt":"Att folkb\u00e5ten firar 75 \u00e5r kommer att firas p\u00e5 m\u00e5nga s\u00e4tt under \u00e5ret \u2013 nu under helgen och kommande vecka st\u00e4lls tv\u00e5 folkb\u00e5tar ut p\u00e5 b\u00e5tm\u00e4ssan Allt f\u00f6r sj\u00f6n. SWE 2 Jo-Jo och SWE 1358 Sj\u00f6jungfrun kommer att st\u00e5 bredvid varandra i A-hallen monter A06:21. \u00d6ppettider Fredag 3 mars kl\u2026","rel":"","context":"I \u201dNyheter\u201d","block_context":{"text":"Nyheter","link":"https:\/\/folkbat.se\/wordpress\/?cat=1"},"img":{"alt_text":"","src":"https:\/\/i0.wp.com\/folkbat.se\/wordpress\/wp-content\/uploads\/2017\/02\/IMG_3211-768x768.jpg?resize=350%2C200","width":350,"height":200},"classes":[]},{"id":3245,"url":"https:\/\/folkbat.se\/wordpress\/?p=3245","url_meta":{"origin":2086,"position":2},"title":"Folkb\u00e5t \u00e4ven p\u00e5 Allt f\u00f6r sj\u00f6n","author":"Webbmaster","date":"18 februari 2023","format":false,"excerpt":"Foto: Jerker Norlander & Johan Rasin Svenska Folkb\u00e5tsf\u00f6rbundet st\u00e4ller \u00e4ven ut en folkb\u00e5t p\u00e5 Allt f\u00f6r sj\u00f6n\u00a0i\u00a0Stockholm\u00a09\u201312 mars och 16\u201319 mars.\u00a0Denna g\u00e5ng blir det Tummelisa, Johan Rasin och Erik Holmers SWE 1311 byggd\u00a0av\u00a0Enitor med ruff i tr\u00e4 av Burenby. M\u00e4ssan \u00e4r \u00f6ppen\u00a0dagtid torsdag\u2013s\u00f6ndag\u00a0b\u00e5da\u00a0veckorna, p\u00e5 torsdagarna \u00f6ppnar den senare och st\u00e4nger\u2026","rel":"","context":"I \u201dNyheter\u201d","block_context":{"text":"Nyheter","link":"https:\/\/folkbat.se\/wordpress\/?cat=1"},"img":{"alt_text":"","src":"https:\/\/i0.wp.com\/folkbat.se\/wordpress\/wp-content\/uploads\/2023\/02\/DSC_5375-scaled.jpg?fit=1200%2C798&ssl=1&resize=350%2C200","width":350,"height":200,"srcset":"https:\/\/i0.wp.com\/folkbat.se\/wordpress\/wp-content\/uploads\/2023\/02\/DSC_5375-scaled.jpg?fit=1200%2C798&ssl=1&resize=350%2C200 1x, https:\/\/i0.wp.com\/folkbat.se\/wordpress\/wp-content\/uploads\/2023\/02\/DSC_5375-scaled.jpg?fit=1200%2C798&ssl=1&resize=525%2C300 1.5x, https:\/\/i0.wp.com\/folkbat.se\/wordpress\/wp-content\/uploads\/2023\/02\/DSC_5375-scaled.jpg?fit=1200%2C798&ssl=1&resize=700%2C400 2x, https:\/\/i0.wp.com\/folkbat.se\/wordpress\/wp-content\/uploads\/2023\/02\/DSC_5375-scaled.jpg?fit=1200%2C798&ssl=1&resize=1050%2C600 3x"},"classes":[]},{"id":4273,"url":"https:\/\/folkbat.se\/wordpress\/?p=4273","url_meta":{"origin":2086,"position":3},"title":"Tv\u00e5 f\u00f6redrag om folkb\u00e5tar p\u00e5 Bohusl\u00e4ns museum","author":"Webbmaster","date":"21 augusti 2025","format":false,"excerpt":"L\u00f6rdag 30 augusti p\u00e5 Bohusl\u00e4ns museum blir det tv\u00e5 f\u00f6redrag med folkb\u00e5tsanknytning med Anders Olsen. F\u00f6rst ett om folkb\u00e5ten och sedan ett om hans renovering av folkb\u00e5ten SWE 2 Jo-jo. Programmet \u00e4r: 13:00\u201313:45 Folkb\u00e5ten idag och ig\u00e5r 13:45\u201314:30 Om renoveringen av Jo-Jo \u2013 v\u00e4rldens n\u00e4st \u00e4ldsta folkb\u00e5t Varmt v\u00e4lkomna alla\u2026","rel":"","context":"I \u201dNyheter\u201d","block_context":{"text":"Nyheter","link":"https:\/\/folkbat.se\/wordpress\/?cat=1"},"img":{"alt_text":"","src":"https:\/\/i0.wp.com\/folkbat.se\/wordpress\/wp-content\/uploads\/2025\/08\/30-Anders-Olsen-Folkbat.jpg?fit=700%2C540&ssl=1&resize=350%2C200","width":350,"height":200,"srcset":"https:\/\/i0.wp.com\/folkbat.se\/wordpress\/wp-content\/uploads\/2025\/08\/30-Anders-Olsen-Folkbat.jpg?fit=700%2C540&ssl=1&resize=350%2C200 1x, https:\/\/i0.wp.com\/folkbat.se\/wordpress\/wp-content\/uploads\/2025\/08\/30-Anders-Olsen-Folkbat.jpg?fit=700%2C540&ssl=1&resize=525%2C300 1.5x, https:\/\/i0.wp.com\/folkbat.se\/wordpress\/wp-content\/uploads\/2025\/08\/30-Anders-Olsen-Folkbat.jpg?fit=700%2C540&ssl=1&resize=700%2C400 2x"},"classes":[]},{"id":900,"url":"https:\/\/folkbat.se\/wordpress\/?p=900","url_meta":{"origin":2086,"position":4},"title":"Kom p\u00e5 cruisingtr\u00e4ff p\u00e5 l\u00f6rdag","author":"Webbmaster","date":"11 mars 2016","format":false,"excerpt":"Svenska Folkb\u00e5tsf\u00f6rbundet och Ostkustens Folkb\u00e5tsklubb vill p\u00e5minna om crusingtr\u00e4ffen med f\u00f6redragsh\u00e5llaren Lars Br\u00e6strup p\u00e5 b\u00e5tm\u00e4ssan Allt f\u00f6r sj\u00f6n p\u00e5 Stockholmsm\u00e4ssan p\u00e5 l\u00f6rdag. F\u00f6redraget h\u00e5lls i m\u00f6tesrum M13 och b\u00f6rjar klockan 16. Mer info finns h\u00e4r.","rel":"","context":"I \u201dNyheter\u201d","block_context":{"text":"Nyheter","link":"https:\/\/folkbat.se\/wordpress\/?cat=1"},"img":{"alt_text":"","src":"","width":0,"height":0},"classes":[]},{"id":1230,"url":"https:\/\/folkbat.se\/wordpress\/?p=1230","url_meta":{"origin":2086,"position":5},"title":"Dags f\u00f6r b\u00e5tm\u00e4ssa i Stockholm","author":"Webbmaster","date":"4 mars 2017","format":false,"excerpt":"Idag l\u00f6rdag 4 mars b\u00f6rjar b\u00e5tm\u00e4ssan och h\u00e5ller p\u00e5 fram till s\u00f6ndag 12 mars. Ni hittar oss och b\u00e5tarna i monter A06:21 i A-hallen. Kom och titta! \u00d6ppettider L\u00f6rdag-s\u00f6ndag 4\u20135 mars kl 10\u201318 M\u00e5ndag-torsdag 6\u20139 mars kl 11\u201319 Fredag 10 mars kl 11\u201320 L\u00f6rdag-s\u00f6ndag 11\u201312 mars kl 10\u201318","rel":"","context":"I \u201dNyheter\u201d","block_context":{"text":"Nyheter","link":"https:\/\/folkbat.se\/wordpress\/?cat=1"},"img":{"alt_text":"","src":"https:\/\/i0.wp.com\/folkbat.se\/wordpress\/wp-content\/uploads\/2017\/03\/170301-B%C3%A5tm%C3%A4ssan-040-e1489005473320-512x768.jpg?resize=350%2C200","width":350,"height":200},"classes":[]}],"_links":{"self":[{"href":"https:\/\/folkbat.se\/wordpress\/index.php?rest_route=\/wp\/v2\/posts\/2086","targetHints":{"allow":["GET"]}}],"collection":[{"href":"https:\/\/folkbat.se\/wordpress\/index.php?rest_route=\/wp\/v2\/posts"}],"about":[{"href":"https:\/\/folkbat.se\/wordpress\/index.php?rest_route=\/wp\/v2\/types\/post"}],"author":[{"embeddable":true,"href":"https:\/\/folkbat.se\/wordpress\/index.php?rest_route=\/wp\/v2\/users\/1"}],"replies":[{"embeddable":true,"href":"https:\/\/folkbat.se\/wordpress\/index.php?rest_route=%2Fwp%2Fv2%2Fcomments&post=2086"}],"version-history":[{"count":1,"href":"https:\/\/folkbat.se\/wordpress\/index.php?rest_route=\/wp\/v2\/posts\/2086\/revisions"}],"predecessor-version":[{"id":2087,"href":"https:\/\/folkbat.se\/wordpress\/index.php?rest_route=\/wp\/v2\/posts\/2086\/revisions\/2087"}],"wp:attachment":[{"href":"https:\/\/folkbat.se\/wordpress\/index.php?rest_route=%2Fwp%2Fv2%2Fmedia&parent=2086"}],"wp:term":[{"taxonomy":"category","embeddable":true,"href":"https:\/\/folkbat.se\/wordpress\/index.php?rest_route=%2Fwp%2Fv2%2Fcategories&post=2086"},{"taxonomy":"post_tag","embeddable":true,"href":"https:\/\/folkbat.se\/wordpress\/index.php?rest_route=%2Fwp%2Fv2%2Ftags&post=2086"}],"curies":[{"name":"wp","href":"https:\/\/api.w.org\/{rel}","templated":true}]}}