{"id":2166,"date":"2020-06-19T10:34:26","date_gmt":"2020-06-19T08:34:26","guid":{"rendered":"http:\/\/folkbat.se\/wordpress\/?p=2166"},"modified":"2021-11-15T13:09:37","modified_gmt":"2021-11-15T12:09:37","slug":"sm-for-folkbat-2020-installt","status":"publish","type":"post","link":"https:\/\/folkbat.se\/wordpress\/?p=2166","title":{"rendered":"SM f\u00f6r folkb\u00e5t 2020 inst\u00e4llt"},"content":{"rendered":"<p>Svenska Folkb\u00e5tsf\u00f6rbundets styrelse har tillsammans med arrang\u00f6ren Stenungsunds Segels\u00e4llskap beslutat att st\u00e4lla in \u00e5rets SM i Stenungsund. Med r\u00e5dande restriktioner och de risker som coronapandemin inneb\u00e4r g\u00e5r det inte att ordna folkb\u00e5ts\u00e5rets kappseglingsm\u00e4ssiga och sociala h\u00f6jdpunkt. Vi hoppas att f\u00e5 \u00e5terkomma till Stenungsund som \u00e4r en fantastisk plats f\u00f6r segling och sociala aktiviteter.<\/p>\n<p>\/Styrelsen<\/p>\n","protected":false},"excerpt":{"rendered":"<p>Svenska Folkb\u00e5tsf\u00f6rbundets styrelse har tillsammans med arrang\u00f6ren Stenungsunds Segels\u00e4llskap beslutat att st\u00e4lla in \u00e5rets SM i Stenungsund. Med r\u00e5dande restriktioner och de risker som coronapandemin inneb\u00e4r g\u00e5r det inte att ordna folkb\u00e5ts\u00e5rets kappseglingsm\u00e4ssiga och sociala h\u00f6jdpunkt. Vi hoppas att f\u00e5&hellip; <a href=\"https:\/\/folkbat.se\/wordpress\/?p=2166\" class=\"apace-readmore-link\"><span class=\"screen-reader-text\">SM f\u00f6r folkb\u00e5t 2020 inst\u00e4llt<\/span>L\u00e4s mer<\/a><\/p>\n","protected":false},"author":1,"featured_media":0,"comment_status":"open","ping_status":"open","sticky":false,"template":"","format":"standard","meta":{"jetpack_post_was_ever_published":false,"_jetpack_newsletter_access":"","_jetpack_dont_email_post_to_subs":false,"_jetpack_newsletter_tier_id":0,"_jetpack_memberships_contains_paywalled_content":false,"_jetpack_memberships_contains_paid_content":false,"footnotes":"","jetpack_publicize_message":"","jetpack_publicize_feature_enabled":true,"jetpack_social_post_already_shared":true,"jetpack_social_options":{"image_generator_settings":{"template":"highway","default_image_id":0,"font":"","enabled":false},"version":2}},"categories":[58,1],"tags":[9,19],"class_list":["post-2166","post","type-post","status-publish","format-standard","hentry","category-kappsegling","category-nyheter","tag-kappsegling","tag-svenska-masterskapet"],"jetpack_publicize_connections":[],"jetpack_featured_media_url":"","jetpack_sharing_enabled":true,"jetpack_shortlink":"https:\/\/wp.me\/p5CsWc-yW","jetpack-related-posts":[{"id":2573,"url":"https:\/\/folkbat.se\/wordpress\/?p=2573","url_meta":{"origin":2166,"position":0},"title":"Dags f\u00f6r SM i Stenungsund","author":"Webbmaster","date":"12 augusti 2021","format":false,"excerpt":"Imorgon drar \u00e5rets SM i Folkb\u00e5t ig\u00e5ng i Stenungsund. Under dagens tr\u00e4ningssegling var SWE 1390, Lennart Magnusson med bes\u00e4ttning, snabbast. Resultatet hittar ni h\u00e4r. Resultat kommer att publiceras l\u00f6pande p\u00e5 SM-sidan p\u00e5 sailarena.","rel":"","context":"I \u201dKappsegling\u201d","block_context":{"text":"Kappsegling","link":"https:\/\/folkbat.se\/wordpress\/?cat=58"},"img":{"alt_text":"","src":"","width":0,"height":0},"classes":[]},{"id":2495,"url":"https:\/\/folkbat.se\/wordpress\/?p=2495","url_meta":{"origin":2166,"position":1},"title":"SM 2021","author":"Webbmaster","date":"4 juni 2021","format":false,"excerpt":"I f\u00f6rra veckan meddelades det att de planerade f\u00f6r\u00e4ndringarna i restriktioner och rekommendationer blir verklighet, vilket inneb\u00e4r att det fr\u00e5n och med 1 juni blev till\u00e5tet att arrangera t\u00e4vlingar i uteidrotter med upp till 150 deltagare. Med sommarens folkb\u00e5tsseglingar i \u00e5tanke \u00e4r det naturligtvis en positiv nyhet och \u00e5rets svenska\u2026","rel":"","context":"I \u201dKappsegling\u201d","block_context":{"text":"Kappsegling","link":"https:\/\/folkbat.se\/wordpress\/?cat=58"},"img":{"alt_text":"","src":"https:\/\/i0.wp.com\/folkbat.se\/wordpress\/wp-content\/uploads\/2021\/02\/SM-Folkbat-o-IOD-2021-543x768.jpg?resize=350%2C200","width":350,"height":200},"classes":[]},{"id":2561,"url":"https:\/\/folkbat.se\/wordpress\/?p=2561","url_meta":{"origin":2166,"position":2},"title":"SM 2021 \u2013 Inbjudan och anm\u00e4lan","author":"Webbmaster","date":"30 juni 2021","format":false,"excerpt":"Nu finns inbjudan till SM samt m\u00f6jlighet att anm\u00e4la sig p\u00e5 sailarena. Stenungsunds Segels\u00e4llskap och Svenska Folkb\u00e5tsf\u00f6rbundet h\u00e4lsar alla folkb\u00e5tsseglare hj\u00e4rtligt v\u00e4lkomna. SM-sidan finns p\u00e5 https:\/\/www.sailarena.com\/sv\/se\/club\/stss\/sm-folkbat-och-riksmasterskap-iod-2021\/","rel":"","context":"I \u201dKappsegling\u201d","block_context":{"text":"Kappsegling","link":"https:\/\/folkbat.se\/wordpress\/?cat=58"},"img":{"alt_text":"","src":"https:\/\/i0.wp.com\/folkbat.se\/wordpress\/wp-content\/uploads\/2021\/02\/SM-Folkbat-o-IOD-2021-543x768.jpg?resize=350%2C200","width":350,"height":200},"classes":[]},{"id":2569,"url":"https:\/\/folkbat.se\/wordpress\/?p=2569","url_meta":{"origin":2166,"position":3},"title":"Kallelse till Svenska Folkb\u00e5tsf\u00f6rbundets \u00e5rsm\u00f6te 2021 (under SM-helgen)","author":"Webbmaster","date":"20 juli 2021","format":false,"excerpt":"Folkb\u00e5tsv\u00e4nner, hittills har 14 b\u00e5tar anm\u00e4lt sig till SM i Stenungsund och vi hoppas p\u00e5 att f\u00e5 se fler. Inbjudan och anm\u00e4lan finns p\u00e5 https:\/\/www.sailarena.com\/sv\/se\/club\/stss\/sm-folkbat-och-riksmasterskap-iod-2021\/. Undrar du n\u00e5got om arrangemanget, kontakta ordf\u00f6rande Rolf (rolf.upp@gmail.com 073-405 22 33). Svenska Folkb\u00e5tsf\u00f6rbundets \u00e5rsm\u00f6te kommer att h\u00e5llas i samband med SM-seglingarna. M\u00f6tet \u00e4r 12\u2026","rel":"","context":"I \u201dNyheter\u201d","block_context":{"text":"Nyheter","link":"https:\/\/folkbat.se\/wordpress\/?cat=1"},"img":{"alt_text":"","src":"","width":0,"height":0},"classes":[]},{"id":2577,"url":"https:\/\/folkbat.se\/wordpress\/?p=2577","url_meta":{"origin":2166,"position":4},"title":"Bratt, Johansson &#038; Land\u00e9n vann bl\u00e5sigt SM i Stenungsund","author":"Webbmaster","date":"18 augusti 2021","format":false,"excerpt":"Hemmab\u00e5ten Donald Bratt, Bj\u00f6rn-Axel Johansson och Lars Land\u00e9n kan titulera sig svenska m\u00e4stare n\u00e4r \u00e5rets SM avgjordes i Stenungsund i helgen, arrangerat av Stenungsunds Segels\u00e4llskap. Regerande m\u00e4starna Hans Hamel, Lina Hamel och Christian S\u00f6derb\u00e4ck, Karlshamns SS tog silverpengen och L\u00e5ngedragsseglarna Lennart Magnusson, Mats Brodefors och Kjell V\u00e5gfelt fick bronset. Seglingarna\u2026","rel":"","context":"I \u201dKappsegling\u201d","block_context":{"text":"Kappsegling","link":"https:\/\/folkbat.se\/wordpress\/?cat=58"},"img":{"alt_text":"","src":"","width":0,"height":0},"classes":[]},{"id":2253,"url":"https:\/\/folkbat.se\/wordpress\/?p=2253","url_meta":{"origin":2166,"position":5},"title":"Program 2021","author":"Webbmaster","date":"14 december 2020","format":false,"excerpt":"Nu b\u00f6rjar det bli dags att planera folkb\u00e5tssommaren 2021. H\u00e4r \u00e4r datumen: 13\u201315 augusti \u2013 Svenska m\u00e4sterskapet, Stenungsund SM-seglingarna planeras att h\u00e5llas s\u00e5som det var planerat f\u00f6r \u00e5rets inst\u00e4llda m\u00e4sterskap med Stenungsunds SS som arrang\u00f6r. Tj\u00f6rn runt g\u00e5r helgen efter. 9\u201311 juli \u2013 Hang\u00f6regattan, Hang\u00f6 13\u201315 juli \u2013 Finska m\u00e4sterskapet,\u2026","rel":"","context":"I \u201dKappsegling\u201d","block_context":{"text":"Kappsegling","link":"https:\/\/folkbat.se\/wordpress\/?cat=58"},"img":{"alt_text":"","src":"https:\/\/i0.wp.com\/folkbat.se\/wordpress\/wp-content\/uploads\/2020\/12\/image2-500x353.jpeg?resize=350%2C200","width":350,"height":200},"classes":[]}],"_links":{"self":[{"href":"https:\/\/folkbat.se\/wordpress\/index.php?rest_route=\/wp\/v2\/posts\/2166","targetHints":{"allow":["GET"]}}],"collection":[{"href":"https:\/\/folkbat.se\/wordpress\/index.php?rest_route=\/wp\/v2\/posts"}],"about":[{"href":"https:\/\/folkbat.se\/wordpress\/index.php?rest_route=\/wp\/v2\/types\/post"}],"author":[{"embeddable":true,"href":"https:\/\/folkbat.se\/wordpress\/index.php?rest_route=\/wp\/v2\/users\/1"}],"replies":[{"embeddable":true,"href":"https:\/\/folkbat.se\/wordpress\/index.php?rest_route=%2Fwp%2Fv2%2Fcomments&post=2166"}],"version-history":[{"count":1,"href":"https:\/\/folkbat.se\/wordpress\/index.php?rest_route=\/wp\/v2\/posts\/2166\/revisions"}],"predecessor-version":[{"id":2167,"href":"https:\/\/folkbat.se\/wordpress\/index.php?rest_route=\/wp\/v2\/posts\/2166\/revisions\/2167"}],"wp:attachment":[{"href":"https:\/\/folkbat.se\/wordpress\/index.php?rest_route=%2Fwp%2Fv2%2Fmedia&parent=2166"}],"wp:term":[{"taxonomy":"category","embeddable":true,"href":"https:\/\/folkbat.se\/wordpress\/index.php?rest_route=%2Fwp%2Fv2%2Fcategories&post=2166"},{"taxonomy":"post_tag","embeddable":true,"href":"https:\/\/folkbat.se\/wordpress\/index.php?rest_route=%2Fwp%2Fv2%2Ftags&post=2166"}],"curies":[{"name":"wp","href":"https:\/\/api.w.org\/{rel}","templated":true}]}}