{"id":229,"date":"2015-04-28T09:29:23","date_gmt":"2015-04-28T07:29:23","guid":{"rendered":"http:\/\/folkbat.se\/wordpress\/?p=229"},"modified":"2015-05-10T12:21:16","modified_gmt":"2015-05-10T10:21:16","slug":"danskt-masterskapet-oppet-for-svenska-seglare","status":"publish","type":"post","link":"https:\/\/folkbat.se\/wordpress\/?p=229","title":{"rendered":"Danska m\u00e4sterskapet \u00f6ppet f\u00f6r svenska seglare"},"content":{"rendered":"<p>De danska folkb\u00e5tsseglarna har best\u00e4mt att det Danska m\u00e4sterskapet kommer att vara \u00f6ppet f\u00f6r icke-danska seglare med start i \u00e5r. Det f\u00f6rsta \u00f6ppna Danska m\u00e4sterskapet kommer att h\u00e5llas i Hejlsminde s\u00f6der om Kolding vid Lilla b\u00e4lt och arrangeras av Kolding Sejlklub. M\u00e4sterskapet kommer att g\u00e5 av stapeln 7\u201311 juli 2015.<\/p>\n<p>Mer info finns p\u00e5 hemidan <a href=\"http:\/\/kapsejladsfolkebaad.dk\">http:\/\/kapsejladsfolkebaad.dk<\/a><\/p>\n","protected":false},"excerpt":{"rendered":"<p>De danska folkb\u00e5tsseglarna har best\u00e4mt att det Danska m\u00e4sterskapet kommer att vara \u00f6ppet f\u00f6r icke-danska seglare med start i \u00e5r. Det f\u00f6rsta \u00f6ppna Danska m\u00e4sterskapet kommer att h\u00e5llas i Hejlsminde s\u00f6der om Kolding vid Lilla b\u00e4lt och arrangeras av Kolding&hellip; <a href=\"https:\/\/folkbat.se\/wordpress\/?p=229\" class=\"apace-readmore-link\"><span class=\"screen-reader-text\">Danska m\u00e4sterskapet \u00f6ppet f\u00f6r svenska seglare<\/span>L\u00e4s mer<\/a><\/p>\n","protected":false},"author":1,"featured_media":0,"comment_status":"open","ping_status":"open","sticky":false,"template":"","format":"standard","meta":{"jetpack_post_was_ever_published":false,"_jetpack_newsletter_access":"","_jetpack_dont_email_post_to_subs":false,"_jetpack_newsletter_tier_id":0,"_jetpack_memberships_contains_paywalled_content":false,"_jetpack_memberships_contains_paid_content":false,"footnotes":"","jetpack_publicize_message":"","jetpack_publicize_feature_enabled":true,"jetpack_social_post_already_shared":true,"jetpack_social_options":{"image_generator_settings":{"template":"highway","default_image_id":0,"font":"","enabled":false},"version":2}},"categories":[1],"tags":[14,9],"class_list":["post-229","post","type-post","status-publish","format-standard","hentry","category-nyheter","tag-danska-masterskapet","tag-kappsegling"],"jetpack_publicize_connections":[],"jetpack_featured_media_url":"","jetpack_sharing_enabled":true,"jetpack_shortlink":"https:\/\/wp.me\/p5CsWc-3H","jetpack-related-posts":[{"id":1154,"url":"https:\/\/folkbat.se\/wordpress\/?p=1154","url_meta":{"origin":229,"position":0},"title":"Danskt och tyskt m\u00e4sterskap i Flensburg 2018","author":"Webbmaster","date":"10 december 2016","format":false,"excerpt":"Uppdaterat: Hemsidan finns nu p\u00e5 engelska, www.iddm2018.de. Regattagemeinschaft Fahrensodde v\u00e4lkomnar seglare fr\u00e5n alla folkb\u00e5tsl\u00e4nder till gemensamt Danskt m\u00e4sterskap och Tyskt m\u00e4sterskap 2018. Seglingarna kommer att h\u00e5llas p\u00e5 vattnet utanf\u00f6r Flensburg, p\u00e5 den dansk-tyska gr\u00e4nsen och v\u00e4lk\u00e4nda f\u00f6r sina fina seglingsf\u00f6rh\u00e5llanden, 14\u201318 augusti 2018. Arrang\u00f6rerna l\u00e5ter h\u00e4lsa att evenemangen i 2018\u2026","rel":"","context":"I \u201dNyheter\u201d","block_context":{"text":"Nyheter","link":"https:\/\/folkbat.se\/wordpress\/?cat=1"},"img":{"alt_text":"","src":"https:\/\/i0.wp.com\/www.iddm2018.de\/images\/bild\/banner4.jpg?resize=350%2C200","width":350,"height":200,"srcset":"https:\/\/i0.wp.com\/www.iddm2018.de\/images\/bild\/banner4.jpg?resize=350%2C200 1x, https:\/\/i0.wp.com\/www.iddm2018.de\/images\/bild\/banner4.jpg?resize=525%2C300 1.5x, https:\/\/i0.wp.com\/www.iddm2018.de\/images\/bild\/banner4.jpg?resize=700%2C400 2x, https:\/\/i0.wp.com\/www.iddm2018.de\/images\/bild\/banner4.jpg?resize=1050%2C600 3x, https:\/\/i0.wp.com\/www.iddm2018.de\/images\/bild\/banner4.jpg?resize=1400%2C800 4x"},"classes":[]},{"id":276,"url":"https:\/\/folkbat.se\/wordpress\/?p=276","url_meta":{"origin":229,"position":1},"title":"Dags f\u00f6r SM i Ljungskile","author":"Webbmaster","date":"2 juli 2015","format":false,"excerpt":"\u00c5rets Svenska m\u00e4sterskap i Folkb\u00e5t startade idag torsdag i Ljungskile. 27 b\u00e5tar p\u00e5 linjen \u00e4r bland det mesta vi sett under 2000-talet och i \u00e5r kom det \u00e4ven danskt och tyskt bes\u00f6k. Nu har sommaren kommit p\u00e5 riktigt och seglarna gladde sig i det fina v\u00e4dret och de sv\u00e5rseglade vindarna.\u2026","rel":"","context":"I \u201dNyheter\u201d","block_context":{"text":"Nyheter","link":"https:\/\/folkbat.se\/wordpress\/?cat=1"},"img":{"alt_text":"IMG_1607","src":"https:\/\/i0.wp.com\/folkbat.se\/wordpress\/wp-content\/uploads\/2015\/07\/IMG_1607-1024x768.jpg?resize=350%2C200","width":350,"height":200},"classes":[]},{"id":2113,"url":"https:\/\/folkbat.se\/wordpress\/?p=2113","url_meta":{"origin":229,"position":2},"title":"Danska m\u00e4sterskapet 2020","author":"Webbmaster","date":"4 april 2020","format":false,"excerpt":"F\u00f6r de som \u00e4r intresserade av att segla danska m\u00e4sterskapet i Marstal i slutet av augusti \u00e4r nu hemsidan uppe med info. Hermed en meddelelse om at hjemmesiden til Danmarksmesterskaberne 2020 i Marstal er \u00e5ben. Jeg h\u00e5ber at der ogs\u00e5 vil deltage Svenske b\u00e5de i \u00e5r, og samtidig h\u00e5ber jeg\u2026","rel":"","context":"I \u201dKappsegling\u201d","block_context":{"text":"Kappsegling","link":"https:\/\/folkbat.se\/wordpress\/?cat=58"},"img":{"alt_text":"","src":"https:\/\/i0.wp.com\/folkbat.se\/wordpress\/wp-content\/uploads\/2020\/04\/Logo-Marstal.png?resize=350%2C200","width":350,"height":200},"classes":[]},{"id":804,"url":"https:\/\/folkbat.se\/wordpress\/?p=804","url_meta":{"origin":229,"position":3},"title":"Folkb\u00e5ts\u00e5ret 2016","author":"Webbmaster","date":"17 december 2015","format":false,"excerpt":"Folkb\u00e5ts\u00e5ret 2015 \u00e4r snart slut och 2016 n\u00e4rmar sig. H\u00e4r \u00e4r n\u00e5gra datum att komma ih\u00e5g f\u00f6r alla kappseglare: 18\u201321 juniKieler WocheKiel5\u20139 juliTyskt m\u00e4sterskapWarnem\u00fcnde6\u20139 juliDanskt m\u00e4sterskapSkovshoved16\u201319 juliSvenskt m\u00e4sterskapStockholm25\u201330 juliGuldpokalenHelsingfors22\u201323 oktoberRolling HomeBerlin","rel":"","context":"I \u201dNyheter\u201d","block_context":{"text":"Nyheter","link":"https:\/\/folkbat.se\/wordpress\/?cat=1"},"img":{"alt_text":"","src":"https:\/\/i0.wp.com\/folkbat.se\/wordpress\/wp-content\/uploads\/2015\/12\/smtest5-1.png?resize=350%2C200&ssl=1","width":350,"height":200,"srcset":"https:\/\/i0.wp.com\/folkbat.se\/wordpress\/wp-content\/uploads\/2015\/12\/smtest5-1.png?resize=350%2C200&ssl=1 1x, https:\/\/i0.wp.com\/folkbat.se\/wordpress\/wp-content\/uploads\/2015\/12\/smtest5-1.png?resize=525%2C300&ssl=1 1.5x, https:\/\/i0.wp.com\/folkbat.se\/wordpress\/wp-content\/uploads\/2015\/12\/smtest5-1.png?resize=700%2C400&ssl=1 2x, https:\/\/i0.wp.com\/folkbat.se\/wordpress\/wp-content\/uploads\/2015\/12\/smtest5-1.png?resize=1050%2C600&ssl=1 3x, https:\/\/i0.wp.com\/folkbat.se\/wordpress\/wp-content\/uploads\/2015\/12\/smtest5-1.png?resize=1400%2C800&ssl=1 4x"},"classes":[]},{"id":1946,"url":"https:\/\/folkbat.se\/wordpress\/?p=1946","url_meta":{"origin":229,"position":4},"title":"DM i F\u00e5borg","author":"Webbmaster","date":"27 mars 2019","format":false,"excerpt":"Danska m\u00e4sterskapet seglas i \u00e5r i F\u00e5borg p\u00e5 s\u00f6dra Fyn 28\u201330 juni. Mer info om regattan finns h\u00e4r.","rel":"","context":"I \u201dNyheter\u201d","block_context":{"text":"Nyheter","link":"https:\/\/folkbat.se\/wordpress\/?cat=1"},"img":{"alt_text":"","src":"https:\/\/i0.wp.com\/folkbat.se\/wordpress\/wp-content\/uploads\/2019\/03\/Logo-FBDM2019-284x768.jpg?resize=350%2C200","width":350,"height":200},"classes":[]},{"id":1260,"url":"https:\/\/folkbat.se\/wordpress\/?p=1260","url_meta":{"origin":229,"position":5},"title":"Folkb\u00e5tsnytt nummer 1 2017 p\u00e5 v\u00e4g!","author":"Webbmaster","date":"8 april 2017","format":false,"excerpt":"Redaktionen l\u00e5ter h\u00e4lsa att Folkb\u00e5tsnytt nummer ett har lagts p\u00e5 l\u00e5dan och snart n\u00e5r medlemmarna. En text gl\u00f6mdes av redaktionen och kom tyv\u00e4rr inte med i numret, den f\u00f6ljer ist\u00e4llet h\u00e4r: V\u00e4stkusten 2016 f\u00e5r vi nog kalla en riktig l\u00e5gs\u00e4song h\u00e4r i v\u00e4st. Deltagarantalet p\u00e5 v\u00e5ra seglingar har varit osedvanligt\u2026","rel":"","context":"I \u201dNyheter\u201d","block_context":{"text":"Nyheter","link":"https:\/\/folkbat.se\/wordpress\/?cat=1"},"img":{"alt_text":"","src":"https:\/\/i0.wp.com\/folkbat.se\/wordpress\/wp-content\/uploads\/2017\/04\/1-2017-543x768.jpg?resize=350%2C200","width":350,"height":200},"classes":[]}],"_links":{"self":[{"href":"https:\/\/folkbat.se\/wordpress\/index.php?rest_route=\/wp\/v2\/posts\/229","targetHints":{"allow":["GET"]}}],"collection":[{"href":"https:\/\/folkbat.se\/wordpress\/index.php?rest_route=\/wp\/v2\/posts"}],"about":[{"href":"https:\/\/folkbat.se\/wordpress\/index.php?rest_route=\/wp\/v2\/types\/post"}],"author":[{"embeddable":true,"href":"https:\/\/folkbat.se\/wordpress\/index.php?rest_route=\/wp\/v2\/users\/1"}],"replies":[{"embeddable":true,"href":"https:\/\/folkbat.se\/wordpress\/index.php?rest_route=%2Fwp%2Fv2%2Fcomments&post=229"}],"version-history":[{"count":3,"href":"https:\/\/folkbat.se\/wordpress\/index.php?rest_route=\/wp\/v2\/posts\/229\/revisions"}],"predecessor-version":[{"id":241,"href":"https:\/\/folkbat.se\/wordpress\/index.php?rest_route=\/wp\/v2\/posts\/229\/revisions\/241"}],"wp:attachment":[{"href":"https:\/\/folkbat.se\/wordpress\/index.php?rest_route=%2Fwp%2Fv2%2Fmedia&parent=229"}],"wp:term":[{"taxonomy":"category","embeddable":true,"href":"https:\/\/folkbat.se\/wordpress\/index.php?rest_route=%2Fwp%2Fv2%2Fcategories&post=229"},{"taxonomy":"post_tag","embeddable":true,"href":"https:\/\/folkbat.se\/wordpress\/index.php?rest_route=%2Fwp%2Fv2%2Ftags&post=229"}],"curies":[{"name":"wp","href":"https:\/\/api.w.org\/{rel}","templated":true}]}}