{"id":246,"date":"2015-05-10T21:34:28","date_gmt":"2015-05-10T19:34:28","guid":{"rendered":"http:\/\/folkbat.se\/wordpress\/?p=246"},"modified":"2015-05-10T21:34:28","modified_gmt":"2015-05-10T19:34:28","slug":"sasongspremiar-i-stockholmsserien","status":"publish","type":"post","link":"https:\/\/folkbat.se\/wordpress\/?p=246","title":{"rendered":"S\u00e4songspremi\u00e4r i Stockholmsserien"},"content":{"rendered":"<p>Stockholmsfolkb\u00e5tarna begick som brukligt s\u00e4songspremi\u00e4r i Liding\u00f6 Runt p\u00e5 l\u00f6rdagen. \u00c5rets upplaga samlade 13 b\u00e5tar folkb\u00e5tar, vilket var det mesta p\u00e5 sex \u00e5r. Nytt f\u00f6r i \u00e5r var att folkb\u00e5tarna var bland de f\u00f6rsta klasserna att f\u00e5 starta p\u00e5 Lilla v\u00e4rtan.<\/p>\n<p>I ett vindfattigt k\u00f6r var, likt f\u00f6rra \u00e5ret, Anders Olsen i <em>Jo-Jo<\/em> snabbast av folkb\u00e5tarna. \u00c5rets segrartid blev strax under fyra och en halv timme f\u00f6r <em>Jo-Jo<\/em> som i m\u00e5l \u00e5tf\u00f6ljdes av \u00c5ke Ljungqvist i <em>Gr\u00e5dask<\/em> fjorton sekunder senare. Trea kom Hans Torl\u00e9n i <em>Marelin<\/em>.<\/p>\n<p>Stockholmsserien forts\u00e4tter med Saltsj\u00f6badsregattan 16\u201317 maj, hela programmet finns <a href=\"http:\/\/www.folkbat.se\/ostkusten.html\">h\u00e4r<\/a>.<\/p>\n","protected":false},"excerpt":{"rendered":"<p>Stockholmsfolkb\u00e5tarna begick som brukligt s\u00e4songspremi\u00e4r i Liding\u00f6 Runt p\u00e5 l\u00f6rdagen. \u00c5rets upplaga samlade 13 b\u00e5tar folkb\u00e5tar, vilket var det mesta p\u00e5 sex \u00e5r. Nytt f\u00f6r i \u00e5r var att folkb\u00e5tarna var bland de f\u00f6rsta klasserna att f\u00e5 starta p\u00e5 Lilla&hellip; <a href=\"https:\/\/folkbat.se\/wordpress\/?p=246\" class=\"apace-readmore-link\"><span class=\"screen-reader-text\">S\u00e4songspremi\u00e4r i Stockholmsserien<\/span>L\u00e4s mer<\/a><\/p>\n","protected":false},"author":1,"featured_media":0,"comment_status":"open","ping_status":"open","sticky":false,"template":"","format":"standard","meta":{"jetpack_post_was_ever_published":false,"_jetpack_newsletter_access":"","_jetpack_dont_email_post_to_subs":false,"_jetpack_newsletter_tier_id":0,"_jetpack_memberships_contains_paywalled_content":false,"_jetpack_memberships_contains_paid_content":false,"footnotes":"","jetpack_publicize_message":"","jetpack_publicize_feature_enabled":true,"jetpack_social_post_already_shared":true,"jetpack_social_options":{"image_generator_settings":{"template":"highway","default_image_id":0,"font":"","enabled":false},"version":2}},"categories":[1],"tags":[9,16,15],"class_list":["post-246","post","type-post","status-publish","format-standard","hentry","category-nyheter","tag-kappsegling","tag-lidingo-runt","tag-ostkustens-folkbatsflottilj"],"jetpack_publicize_connections":[],"jetpack_featured_media_url":"","jetpack_sharing_enabled":true,"jetpack_shortlink":"https:\/\/wp.me\/p5CsWc-3Y","jetpack-related-posts":[{"id":4273,"url":"https:\/\/folkbat.se\/wordpress\/?p=4273","url_meta":{"origin":246,"position":0},"title":"Tv\u00e5 f\u00f6redrag om folkb\u00e5tar p\u00e5 Bohusl\u00e4ns museum","author":"Webbmaster","date":"21 augusti 2025","format":false,"excerpt":"L\u00f6rdag 30 augusti p\u00e5 Bohusl\u00e4ns museum blir det tv\u00e5 f\u00f6redrag med folkb\u00e5tsanknytning med Anders Olsen. F\u00f6rst ett om folkb\u00e5ten och sedan ett om hans renovering av folkb\u00e5ten SWE 2 Jo-jo. Programmet \u00e4r: 13:00\u201313:45 Folkb\u00e5ten idag och ig\u00e5r 13:45\u201314:30 Om renoveringen av Jo-Jo \u2013 v\u00e4rldens n\u00e4st \u00e4ldsta folkb\u00e5t Varmt v\u00e4lkomna alla\u2026","rel":"","context":"I \u201dNyheter\u201d","block_context":{"text":"Nyheter","link":"https:\/\/folkbat.se\/wordpress\/?cat=1"},"img":{"alt_text":"","src":"https:\/\/i0.wp.com\/folkbat.se\/wordpress\/wp-content\/uploads\/2025\/08\/30-Anders-Olsen-Folkbat.jpg?fit=700%2C540&ssl=1&resize=350%2C200","width":350,"height":200,"srcset":"https:\/\/i0.wp.com\/folkbat.se\/wordpress\/wp-content\/uploads\/2025\/08\/30-Anders-Olsen-Folkbat.jpg?fit=700%2C540&ssl=1&resize=350%2C200 1x, https:\/\/i0.wp.com\/folkbat.se\/wordpress\/wp-content\/uploads\/2025\/08\/30-Anders-Olsen-Folkbat.jpg?fit=700%2C540&ssl=1&resize=525%2C300 1.5x, https:\/\/i0.wp.com\/folkbat.se\/wordpress\/wp-content\/uploads\/2025\/08\/30-Anders-Olsen-Folkbat.jpg?fit=700%2C540&ssl=1&resize=700%2C400 2x"},"classes":[]},{"id":2086,"url":"https:\/\/folkbat.se\/wordpress\/?p=2086","url_meta":{"origin":246,"position":1},"title":"Folkb\u00e5t p\u00e5 Allt f\u00f6r sj\u00f6n","author":"Webbmaster","date":"21 februari 2020","format":false,"excerpt":"I \u00e5r st\u00e4ller vi ut Anders Olsens Folkb\u00e5t SWE 2, Jo-Jo p\u00e5 Stockholms b\u00e5tm\u00e4ssa Allt f\u00f6r Sj\u00f6n 7\u201313 mars. Vi \u00e4r en del av \"Classic Boat Show\" som ocks\u00e5 inrymmer ett dussin andra traditionella b\u00e5tar. V\u00e5r m\u00e5ls\u00e4ttning \u00e4r ju emellertid mest att sprida kunskap om att folkb\u00e5ten faktiskt \u00e4r en\u2026","rel":"","context":"I \u201dNyheter\u201d","block_context":{"text":"Nyheter","link":"https:\/\/folkbat.se\/wordpress\/?cat=1"},"img":{"alt_text":"","src":"","width":0,"height":0},"classes":[]},{"id":1218,"url":"https:\/\/folkbat.se\/wordpress\/?p=1218","url_meta":{"origin":246,"position":2},"title":"Tv\u00e5 folkb\u00e5tar p\u00e5 b\u00e5tm\u00e4ssan Allt f\u00f6r Sj\u00f6n i Stockholm","author":"Webbmaster","date":"28 februari 2017","format":false,"excerpt":"Att folkb\u00e5ten firar 75 \u00e5r kommer att firas p\u00e5 m\u00e5nga s\u00e4tt under \u00e5ret \u2013 nu under helgen och kommande vecka st\u00e4lls tv\u00e5 folkb\u00e5tar ut p\u00e5 b\u00e5tm\u00e4ssan Allt f\u00f6r sj\u00f6n. SWE 2 Jo-Jo och SWE 1358 Sj\u00f6jungfrun kommer att st\u00e5 bredvid varandra i A-hallen monter A06:21. \u00d6ppettider Fredag 3 mars kl\u2026","rel":"","context":"I \u201dNyheter\u201d","block_context":{"text":"Nyheter","link":"https:\/\/folkbat.se\/wordpress\/?cat=1"},"img":{"alt_text":"","src":"https:\/\/i0.wp.com\/folkbat.se\/wordpress\/wp-content\/uploads\/2017\/02\/IMG_3211-768x768.jpg?resize=350%2C200","width":350,"height":200},"classes":[]},{"id":3825,"url":"https:\/\/folkbat.se\/wordpress\/?p=3825","url_meta":{"origin":246,"position":3},"title":"Storslam f\u00f6r folkb\u00e5tarna i Liding\u00f6 race","author":"Webbmaster","date":"16 september 2024","format":false,"excerpt":"Folkb\u00e5tarna i starttagen med dagens segrare 1289 Mathilda III i f\u00f6rgrunden. Foto: Gunnar Bonthelius Liding\u00f6 race hade ingen av oss kappseglare i huvudstadsomr\u00e5det h\u00f6rt talas om. Vi hade saknat en avslutande kappsegling p\u00e5 h\u00f6sten och n\u00e5gon kom med denna segling som f\u00f6rslag. Liding\u00f6 Race \u00e4r en SRS-segling som seglas utanf\u00f6r\u2026","rel":"","context":"I \u201dKappsegling\u201d","block_context":{"text":"Kappsegling","link":"https:\/\/folkbat.se\/wordpress\/?cat=58"},"img":{"alt_text":"","src":"https:\/\/i0.wp.com\/folkbat.se\/wordpress\/wp-content\/uploads\/2024\/09\/ee35671d-3532-47e9-b402-9ad6949a30d7.jpg?fit=1200%2C854&ssl=1&resize=350%2C200","width":350,"height":200,"srcset":"https:\/\/i0.wp.com\/folkbat.se\/wordpress\/wp-content\/uploads\/2024\/09\/ee35671d-3532-47e9-b402-9ad6949a30d7.jpg?fit=1200%2C854&ssl=1&resize=350%2C200 1x, https:\/\/i0.wp.com\/folkbat.se\/wordpress\/wp-content\/uploads\/2024\/09\/ee35671d-3532-47e9-b402-9ad6949a30d7.jpg?fit=1200%2C854&ssl=1&resize=525%2C300 1.5x, https:\/\/i0.wp.com\/folkbat.se\/wordpress\/wp-content\/uploads\/2024\/09\/ee35671d-3532-47e9-b402-9ad6949a30d7.jpg?fit=1200%2C854&ssl=1&resize=700%2C400 2x, https:\/\/i0.wp.com\/folkbat.se\/wordpress\/wp-content\/uploads\/2024\/09\/ee35671d-3532-47e9-b402-9ad6949a30d7.jpg?fit=1200%2C854&ssl=1&resize=1050%2C600 3x"},"classes":[]},{"id":954,"url":"https:\/\/folkbat.se\/wordpress\/?p=954","url_meta":{"origin":246,"position":4},"title":"Det b\u00f6rjar n\u00e4rma sig","author":"Webbmaster","date":"16 maj 2016","format":false,"excerpt":"De flesta b\u00e5tarna \u00e4r i vattnet nu och fyra stycken tr\u00e4nade inf\u00f6r sommarens seglingar ikv\u00e4ll vid Hundudden i Stockholm. Nu p\u00e5 l\u00f6rdag \u00e4r det Liding\u00f6 runt som ocks\u00e5 \u00e4r den f\u00f6rsta seglingen i Stockholmsserien.","rel":"","context":"I \u201dNyheter\u201d","block_context":{"text":"Nyheter","link":"https:\/\/folkbat.se\/wordpress\/?cat=1"},"img":{"alt_text":"IMG_2044","src":"https:\/\/i0.wp.com\/folkbat.se\/wordpress\/wp-content\/uploads\/2016\/05\/IMG_2044-1024x768.jpg?resize=350%2C200","width":350,"height":200},"classes":[]},{"id":2135,"url":"https:\/\/folkbat.se\/wordpress\/?p=2135","url_meta":{"origin":246,"position":5},"title":"\u00c5rets f\u00f6rsta kappsegling&#8230;","author":"Webbmaster","date":"19 maj 2020","format":false,"excerpt":"...brukar f\u00f6r Ostkustflottiljen vara det klassiska Liding\u00f6 runt. Som alla st\u00f6rre idrottsevenemang var det i \u00e5r inst\u00e4llt pga r\u00e5dande virus-kris \u2013 tr\u00e5kigt och fullt rimligt! Men det g\u00e5r ju att segla och fortfarande f\u00f6lja myndigheternas r\u00e5d och rekommendationer. Seglingen \"v\u00e5r egna Liding\u00f6 runt\" valde s\u00e5ledes att \u00e4ndra klassregeln, max 2\u2026","rel":"","context":"I \u201dNyheter\u201d","block_context":{"text":"Nyheter","link":"https:\/\/folkbat.se\/wordpress\/?cat=1"},"img":{"alt_text":"","src":"https:\/\/i0.wp.com\/folkbat.se\/wordpress\/wp-content\/uploads\/2020\/05\/DSC_5347-500x333.jpg?resize=350%2C200","width":350,"height":200},"classes":[]}],"_links":{"self":[{"href":"https:\/\/folkbat.se\/wordpress\/index.php?rest_route=\/wp\/v2\/posts\/246","targetHints":{"allow":["GET"]}}],"collection":[{"href":"https:\/\/folkbat.se\/wordpress\/index.php?rest_route=\/wp\/v2\/posts"}],"about":[{"href":"https:\/\/folkbat.se\/wordpress\/index.php?rest_route=\/wp\/v2\/types\/post"}],"author":[{"embeddable":true,"href":"https:\/\/folkbat.se\/wordpress\/index.php?rest_route=\/wp\/v2\/users\/1"}],"replies":[{"embeddable":true,"href":"https:\/\/folkbat.se\/wordpress\/index.php?rest_route=%2Fwp%2Fv2%2Fcomments&post=246"}],"version-history":[{"count":3,"href":"https:\/\/folkbat.se\/wordpress\/index.php?rest_route=\/wp\/v2\/posts\/246\/revisions"}],"predecessor-version":[{"id":249,"href":"https:\/\/folkbat.se\/wordpress\/index.php?rest_route=\/wp\/v2\/posts\/246\/revisions\/249"}],"wp:attachment":[{"href":"https:\/\/folkbat.se\/wordpress\/index.php?rest_route=%2Fwp%2Fv2%2Fmedia&parent=246"}],"wp:term":[{"taxonomy":"category","embeddable":true,"href":"https:\/\/folkbat.se\/wordpress\/index.php?rest_route=%2Fwp%2Fv2%2Fcategories&post=246"},{"taxonomy":"post_tag","embeddable":true,"href":"https:\/\/folkbat.se\/wordpress\/index.php?rest_route=%2Fwp%2Fv2%2Ftags&post=246"}],"curies":[{"name":"wp","href":"https:\/\/api.w.org\/{rel}","templated":true}]}}