{"id":2887,"date":"2022-06-17T19:32:24","date_gmt":"2022-06-17T17:32:24","guid":{"rendered":"https:\/\/folkbat.se\/wordpress\/?p=2887"},"modified":"2022-06-17T19:32:28","modified_gmt":"2022-06-17T17:32:28","slug":"dags-for-guldpokalen-i-kiel","status":"publish","type":"post","link":"https:\/\/folkbat.se\/wordpress\/?p=2887","title":{"rendered":"Dags f\u00f6r Guldpokalen i Kiel"},"content":{"rendered":"\n<figure class=\"wp-block-image size-large\"><img data-recalc-dims=\"1\" loading=\"lazy\" decoding=\"async\" width=\"779\" height=\"584\" data-attachment-id=\"2891\" data-permalink=\"https:\/\/folkbat.se\/wordpress\/?attachment_id=2891\" data-orig-file=\"https:\/\/i0.wp.com\/folkbat.se\/wordpress\/wp-content\/uploads\/2022\/06\/IMG-0487-scaled.jpg?fit=2560%2C1920&amp;ssl=1\" data-orig-size=\"2560,1920\" data-comments-opened=\"1\" data-image-meta=\"{&quot;aperture&quot;:&quot;1.6&quot;,&quot;credit&quot;:&quot;&quot;,&quot;camera&quot;:&quot;iPhone 12&quot;,&quot;caption&quot;:&quot;&quot;,&quot;created_timestamp&quot;:&quot;1655493138&quot;,&quot;copyright&quot;:&quot;&quot;,&quot;focal_length&quot;:&quot;4.2&quot;,&quot;iso&quot;:&quot;32&quot;,&quot;shutter_speed&quot;:&quot;0.0011173184357542&quot;,&quot;title&quot;:&quot;&quot;,&quot;orientation&quot;:&quot;1&quot;}\" data-image-title=\"IMG-0487\" data-image-description=\"\" data-image-caption=\"\" data-large-file=\"https:\/\/i0.wp.com\/folkbat.se\/wordpress\/wp-content\/uploads\/2022\/06\/IMG-0487-scaled.jpg?fit=779%2C584&amp;ssl=1\" src=\"https:\/\/i0.wp.com\/folkbat.se\/wordpress\/wp-content\/uploads\/2022\/06\/IMG-0487.jpg?resize=779%2C584&#038;ssl=1\" alt=\"\" class=\"wp-image-2891\" srcset=\"https:\/\/i0.wp.com\/folkbat.se\/wordpress\/wp-content\/uploads\/2022\/06\/IMG-0487-scaled.jpg?resize=1024%2C768&amp;ssl=1 1024w, https:\/\/i0.wp.com\/folkbat.se\/wordpress\/wp-content\/uploads\/2022\/06\/IMG-0487-scaled.jpg?resize=500%2C375&amp;ssl=1 500w, https:\/\/i0.wp.com\/folkbat.se\/wordpress\/wp-content\/uploads\/2022\/06\/IMG-0487-scaled.jpg?resize=150%2C113&amp;ssl=1 150w, https:\/\/i0.wp.com\/folkbat.se\/wordpress\/wp-content\/uploads\/2022\/06\/IMG-0487-scaled.jpg?resize=768%2C576&amp;ssl=1 768w, https:\/\/i0.wp.com\/folkbat.se\/wordpress\/wp-content\/uploads\/2022\/06\/IMG-0487-scaled.jpg?resize=1536%2C1152&amp;ssl=1 1536w, https:\/\/i0.wp.com\/folkbat.se\/wordpress\/wp-content\/uploads\/2022\/06\/IMG-0487-scaled.jpg?resize=2048%2C1536&amp;ssl=1 2048w, https:\/\/i0.wp.com\/folkbat.se\/wordpress\/wp-content\/uploads\/2022\/06\/IMG-0487-scaled.jpg?resize=800%2C600&amp;ssl=1 800w, https:\/\/i0.wp.com\/folkbat.se\/wordpress\/wp-content\/uploads\/2022\/06\/IMG-0487-scaled.jpg?w=2337&amp;ssl=1 2337w\" sizes=\"auto, (max-width: 779px) 100vw, 779px\" \/><figcaption>Foto: Donald Bratt<\/figcaption><\/figure>\n\n\n\n<p>Tre svenska bes\u00e4ttningar \u00e4r redo f\u00f6r Guldpokalen som avg\u00f6rs under Kieler Woche och b\u00f6rjar imorgon l\u00f6rdag. 1290 Marelin, 1358 Sj\u00f6jungfrun och 1390 Emilie st\u00e4ller upp i det 51 b\u00e5tar starka startf\u00e4ltet.<\/p>\n\n\n\n<p>F\u00f6lj seglingarna p\u00e5 <a href=\"https:\/\/www.manage2sail.com\/en-US\/event\/kiwo2022#!\/results?classId=b52c6bfc-9fe6-49e0-8ff6-21bb1eaf3851\" data-type=\"URL\" data-id=\"https:\/\/www.manage2sail.com\/en-US\/event\/kiwo2022#!\/results?classId=b52c6bfc-9fe6-49e0-8ff6-21bb1eaf3851\">manage2sail.com<\/a> och <a href=\"https:\/\/kw2022.sapsailing.com\/gwt\/Home.html?_=_&amp;#\/event\/:eventId=bf84c3c0-2235-4c28-b6a2-ec15a87c7111\" data-type=\"URL\" data-id=\"https:\/\/kw2022.sapsailing.com\/gwt\/Home.html?_=_&amp;#\/event\/:eventId=bf84c3c0-2235-4c28-b6a2-ec15a87c7111\">sapsailing.com<\/a>.<\/p>\n","protected":false},"excerpt":{"rendered":"<p>Tre svenska bes\u00e4ttningar \u00e4r redo f\u00f6r Guldpokalen som avg\u00f6rs under Kieler Woche och b\u00f6rjar imorgon l\u00f6rdag. 1290 Marelin, 1358 Sj\u00f6jungfrun och 1390 Emilie st\u00e4ller upp i det 51 b\u00e5tar starka startf\u00e4ltet. F\u00f6lj seglingarna p\u00e5 manage2sail.com och sapsailing.com.<\/p>\n","protected":false},"author":1,"featured_media":0,"comment_status":"open","ping_status":"open","sticky":false,"template":"","format":"standard","meta":{"jetpack_post_was_ever_published":false,"_jetpack_newsletter_access":"","_jetpack_dont_email_post_to_subs":false,"_jetpack_newsletter_tier_id":0,"_jetpack_memberships_contains_paywalled_content":false,"_jetpack_memberships_contains_paid_content":false,"footnotes":"","jetpack_publicize_message":"","jetpack_publicize_feature_enabled":true,"jetpack_social_post_already_shared":true,"jetpack_social_options":{"image_generator_settings":{"template":"highway","default_image_id":0,"font":"","enabled":false},"version":2}},"categories":[58,1],"tags":[],"class_list":["post-2887","post","type-post","status-publish","format-standard","hentry","category-kappsegling","category-nyheter"],"jetpack_publicize_connections":[],"jetpack_featured_media_url":"","jetpack_sharing_enabled":true,"jetpack_shortlink":"https:\/\/wp.me\/p5CsWc-Kz","jetpack-related-posts":[{"id":804,"url":"https:\/\/folkbat.se\/wordpress\/?p=804","url_meta":{"origin":2887,"position":0},"title":"Folkb\u00e5ts\u00e5ret 2016","author":"Webbmaster","date":"17 december 2015","format":false,"excerpt":"Folkb\u00e5ts\u00e5ret 2015 \u00e4r snart slut och 2016 n\u00e4rmar sig. H\u00e4r \u00e4r n\u00e5gra datum att komma ih\u00e5g f\u00f6r alla kappseglare: 18\u201321 juniKieler WocheKiel5\u20139 juliTyskt m\u00e4sterskapWarnem\u00fcnde6\u20139 juliDanskt m\u00e4sterskapSkovshoved16\u201319 juliSvenskt m\u00e4sterskapStockholm25\u201330 juliGuldpokalenHelsingfors22\u201323 oktoberRolling HomeBerlin","rel":"","context":"I \u201dNyheter\u201d","block_context":{"text":"Nyheter","link":"https:\/\/folkbat.se\/wordpress\/?cat=1"},"img":{"alt_text":"","src":"https:\/\/i0.wp.com\/folkbat.se\/wordpress\/wp-content\/uploads\/2015\/12\/smtest5-1.png?resize=350%2C200&ssl=1","width":350,"height":200,"srcset":"https:\/\/i0.wp.com\/folkbat.se\/wordpress\/wp-content\/uploads\/2015\/12\/smtest5-1.png?resize=350%2C200&ssl=1 1x, https:\/\/i0.wp.com\/folkbat.se\/wordpress\/wp-content\/uploads\/2015\/12\/smtest5-1.png?resize=525%2C300&ssl=1 1.5x, https:\/\/i0.wp.com\/folkbat.se\/wordpress\/wp-content\/uploads\/2015\/12\/smtest5-1.png?resize=700%2C400&ssl=1 2x, https:\/\/i0.wp.com\/folkbat.se\/wordpress\/wp-content\/uploads\/2015\/12\/smtest5-1.png?resize=1050%2C600&ssl=1 3x, https:\/\/i0.wp.com\/folkbat.se\/wordpress\/wp-content\/uploads\/2015\/12\/smtest5-1.png?resize=1400%2C800&ssl=1 4x"},"classes":[]},{"id":2810,"url":"https:\/\/folkbat.se\/wordpress\/?p=2810","url_meta":{"origin":2887,"position":1},"title":"Mer info om n\u00e5gra kappseglingar 2022","author":"Webbmaster","date":"17 februari 2022","format":false,"excerpt":"Guldpokalen i Kiel Inbjudan och andra officiella dokument finns p\u00e5 Kieler Woches sida p\u00e5 manage2sail. Danska m\u00e4sterskapen i Gren\u00e5 https:\/\/www.folkebaad.dk\/nordisk-folkebaadstraef-2022-nordic-folkboat-meeting-2022\/ S\u00e5 h\u00e4r skriver Dansk Folkeb\u00e5dsklub om sitt jubileum som h\u00e5lls under Danska m\u00e4sterskapet: \/) Et event for alle med k\u00e6rlighed til Folkeb\u00e5den \/)Den rynkede dame fylder 80 \u00e5r, og det\u2026","rel":"","context":"I \u201dKappsegling\u201d","block_context":{"text":"Kappsegling","link":"https:\/\/folkbat.se\/wordpress\/?cat=58"},"img":{"alt_text":"","src":"","width":0,"height":0},"classes":[]},{"id":1770,"url":"https:\/\/folkbat.se\/wordpress\/?p=1770","url_meta":{"origin":2887,"position":2},"title":"Karlshamnsseglare svenska m\u00e4stare 2018","author":"Webbmaster","date":"9 juli 2018","format":false,"excerpt":"Karlshamnsseglarna Hans Hamel, Jerry H\u00e5kansson och Lina Hamel i SWE 1373 Noa vann \u00e5rets svenska m\u00e4sterskap i Folkb\u00e5t som avgjordes i Simrishamn 5\u20137 juli i soligt v\u00e4der och l\u00e4tta vindar. Detta blev Hans Hamels fj\u00e4rde SM-tecken i folkb\u00e5t och bes\u00e4ttningen f\u00e5r representera folkb\u00e5tarna vid M\u00e4starnas m\u00e4stare i Marstrand i oktober.\u2026","rel":"","context":"I \u201dNyheter\u201d","block_context":{"text":"Nyheter","link":"https:\/\/folkbat.se\/wordpress\/?cat=1"},"img":{"alt_text":"","src":"https:\/\/i0.wp.com\/folkbat.se\/wordpress\/wp-content\/uploads\/2018\/07\/IMG_4827-1024x768.jpg?resize=350%2C200","width":350,"height":200},"classes":[]},{"id":1054,"url":"https:\/\/folkbat.se\/wordpress\/?p=1054","url_meta":{"origin":2887,"position":3},"title":"Guldpokalen i Helsingfors avgjord","author":"Webbmaster","date":"1 augusti 2016","format":false,"excerpt":"Den 54:e Guldpokalen avgjordes i Helsingfors under den g\u00e5ngna veckan. Veckan inleddes med landskampen mellan Sverige och Finland som seglades f\u00f6r 18:e g\u00e5ngen, denna g\u00e5ng med fem b\u00e5tar i varje lag. Seglingarna avgjordes inf\u00f6r en liten publik utanf\u00f6r hamnen och Sven Sal\u00e9ns pokal fick f\u00f6lja med tillbaka till Stockholm efter\u2026","rel":"","context":"I \u201dNyheter\u201d","block_context":{"text":"Nyheter","link":"https:\/\/folkbat.se\/wordpress\/?cat=1"},"img":{"alt_text":"1311 f\u00f6re FIN 390 under landskampen 26 juli.","src":"https:\/\/i0.wp.com\/folkbat.se\/wordpress\/wp-content\/uploads\/2016\/08\/IMG_2527-1024x768.jpg?resize=350%2C200","width":350,"height":200},"classes":[]},{"id":1573,"url":"https:\/\/folkbat.se\/wordpress\/?p=1573","url_meta":{"origin":2887,"position":4},"title":"Notice of Race SM och Guldpokalen","author":"Webbmaster","date":"15 januari 2018","format":false,"excerpt":"Simrishamns Segels\u00e4llskap har publicerat Notice of Race f\u00f6r Svenska m\u00e4sterskapet och Guldpokalen: Svenska m\u00e4sterskapet Guldpokalen","rel":"","context":"I \u201dNyheter\u201d","block_context":{"text":"Nyheter","link":"https:\/\/folkbat.se\/wordpress\/?cat=1"},"img":{"alt_text":"","src":"","width":0,"height":0},"classes":[]},{"id":841,"url":"https:\/\/folkbat.se\/wordpress\/?p=841","url_meta":{"origin":2887,"position":5},"title":"Notice of Race f\u00f6r Guldpokalen 2016","author":"Webbmaster","date":"27 december 2015","format":false,"excerpt":"Helsingfors Segelklubb har publicerat Notice of Race f\u00f6r Guldpokalen 2016. Klicka h\u00e4r f\u00f6r att l\u00e4sa.","rel":"","context":"I \u201dNyheter\u201d","block_context":{"text":"Nyheter","link":"https:\/\/folkbat.se\/wordpress\/?cat=1"},"img":{"alt_text":"","src":"","width":0,"height":0},"classes":[]}],"_links":{"self":[{"href":"https:\/\/folkbat.se\/wordpress\/index.php?rest_route=\/wp\/v2\/posts\/2887","targetHints":{"allow":["GET"]}}],"collection":[{"href":"https:\/\/folkbat.se\/wordpress\/index.php?rest_route=\/wp\/v2\/posts"}],"about":[{"href":"https:\/\/folkbat.se\/wordpress\/index.php?rest_route=\/wp\/v2\/types\/post"}],"author":[{"embeddable":true,"href":"https:\/\/folkbat.se\/wordpress\/index.php?rest_route=\/wp\/v2\/users\/1"}],"replies":[{"embeddable":true,"href":"https:\/\/folkbat.se\/wordpress\/index.php?rest_route=%2Fwp%2Fv2%2Fcomments&post=2887"}],"version-history":[{"count":2,"href":"https:\/\/folkbat.se\/wordpress\/index.php?rest_route=\/wp\/v2\/posts\/2887\/revisions"}],"predecessor-version":[{"id":2893,"href":"https:\/\/folkbat.se\/wordpress\/index.php?rest_route=\/wp\/v2\/posts\/2887\/revisions\/2893"}],"wp:attachment":[{"href":"https:\/\/folkbat.se\/wordpress\/index.php?rest_route=%2Fwp%2Fv2%2Fmedia&parent=2887"}],"wp:term":[{"taxonomy":"category","embeddable":true,"href":"https:\/\/folkbat.se\/wordpress\/index.php?rest_route=%2Fwp%2Fv2%2Fcategories&post=2887"},{"taxonomy":"post_tag","embeddable":true,"href":"https:\/\/folkbat.se\/wordpress\/index.php?rest_route=%2Fwp%2Fv2%2Ftags&post=2887"}],"curies":[{"name":"wp","href":"https:\/\/api.w.org\/{rel}","templated":true}]}}