{"id":3116,"date":"2022-09-26T19:07:04","date_gmt":"2022-09-26T17:07:04","guid":{"rendered":"https:\/\/folkbat.se\/wordpress\/?p=3116"},"modified":"2023-02-12T20:43:42","modified_gmt":"2023-02-12T19:43:42","slug":"sm-2023-till-vastervik","status":"publish","type":"post","link":"https:\/\/folkbat.se\/wordpress\/?p=3116","title":{"rendered":"SM 2023 till V\u00e4stervik"},"content":{"rendered":"\n<figure class=\"wp-block-image size-large\"><img data-recalc-dims=\"1\" loading=\"lazy\" decoding=\"async\" width=\"768\" height=\"768\" data-attachment-id=\"3118\" data-permalink=\"https:\/\/folkbat.se\/wordpress\/?attachment_id=3118\" data-orig-file=\"https:\/\/i0.wp.com\/folkbat.se\/wordpress\/wp-content\/uploads\/2022\/09\/sm23.png?fit=1080%2C1080&amp;ssl=1\" data-orig-size=\"1080,1080\" data-comments-opened=\"1\" data-image-meta=\"{&quot;aperture&quot;:&quot;0&quot;,&quot;credit&quot;:&quot;&quot;,&quot;camera&quot;:&quot;&quot;,&quot;caption&quot;:&quot;&quot;,&quot;created_timestamp&quot;:&quot;0&quot;,&quot;copyright&quot;:&quot;&quot;,&quot;focal_length&quot;:&quot;0&quot;,&quot;iso&quot;:&quot;0&quot;,&quot;shutter_speed&quot;:&quot;0&quot;,&quot;title&quot;:&quot;&quot;,&quot;orientation&quot;:&quot;0&quot;}\" data-image-title=\"sm23\" data-image-description=\"\" data-image-caption=\"\" data-large-file=\"https:\/\/i0.wp.com\/folkbat.se\/wordpress\/wp-content\/uploads\/2022\/09\/sm23.png?fit=768%2C768&amp;ssl=1\" src=\"https:\/\/i0.wp.com\/folkbat.se\/wordpress\/wp-content\/uploads\/2022\/09\/sm23.png?resize=768%2C768&#038;ssl=1\" alt=\"\" class=\"wp-image-3118\" srcset=\"https:\/\/i0.wp.com\/folkbat.se\/wordpress\/wp-content\/uploads\/2022\/09\/sm23.png?resize=768%2C768&amp;ssl=1 768w, https:\/\/i0.wp.com\/folkbat.se\/wordpress\/wp-content\/uploads\/2022\/09\/sm23.png?resize=500%2C500&amp;ssl=1 500w, https:\/\/i0.wp.com\/folkbat.se\/wordpress\/wp-content\/uploads\/2022\/09\/sm23.png?resize=150%2C150&amp;ssl=1 150w, https:\/\/i0.wp.com\/folkbat.se\/wordpress\/wp-content\/uploads\/2022\/09\/sm23.png?resize=800%2C800&amp;ssl=1 800w, https:\/\/i0.wp.com\/folkbat.se\/wordpress\/wp-content\/uploads\/2022\/09\/sm23.png?w=1080&amp;ssl=1 1080w\" sizes=\"auto, (max-width: 768px) 100vw, 768px\" \/><\/figure>\n\n\n\n<p>De tv\u00e5 segels\u00e4llskapen i V\u00e4stervik, Westerviks Segels\u00e4llskap och V\u00e4sterviks Segels\u00e4llskap Wikingarna har tackat ja till Svenska Folkb\u00e5tsf\u00f6rbundets f\u00f6rfr\u00e5gan att arrangera 2023 \u00e5rs svenska m\u00e4sterskap f\u00f6r Folkb\u00e5t. Detta blir det 58:e m\u00e4sterskapet i ordningen och kommer att h\u00e5llas i slutet av vecka 32, det vill s\u00e4ga i mitten av augusti.<\/p>\n\n\n\n<p>T\u00e4nkt banomr\u00e5de \u00e4r Lus\u00e4rnafj\u00e4rden, vilket inneb\u00e4r en behagligt kort utsegling fr\u00e5n hamnen. Det blir f\u00f6rsta g\u00e5ngen SM-seglingarna h\u00e5lls i V\u00e4stervik, men det har tidigare funnits en aktiv folkb\u00e5tsflotta i staden . Gamleby l\u00e4ngre in i Gamlebyviken stoltserar med ett tjugotal folkb\u00e5tar byggda p\u00e5 Tore Holms varv. Under senare \u00e5r har V\u00e4stervik st\u00e5tt som arrang\u00f6r f\u00f6r SM f\u00f6r C55 och H-b\u00e5t 2021 och de tv\u00e5 s\u00e4llskapen samarrangerar varje \u00e5r kappseglingen Byxelkroken till \u00d6land.<\/p>\n\n\n\n<p>SM-seglingarna ligger strax efter Guldpokalen i Tallin, varf\u00f6r vi hoppas att flera internationella b\u00e5tar stannar i V\u00e4stervik och g\u00f6r oss s\u00e4llskap p\u00e5 SM p\u00e5 sin hemv\u00e4g. F\u00f6r att underl\u00e4tta och locka till detta planerar f\u00f6rbundet aktiviteter f\u00f6r de som har v\u00e4gen om Stockholm.<\/p>\n\n\n\n<p>WSS, VSSW och Svenska Folkb\u00e5tsf\u00f6rbundet \u00f6nskar alla Folkb\u00e5tar hj\u00e4rtligt v\u00e4lkomna till V\u00e4stervik i augusti 2023.<\/p>\n\n\n\n<p>Foto: Carina Andersson<\/p>\n","protected":false},"excerpt":{"rendered":"<p>De tv\u00e5 segels\u00e4llskapen i V\u00e4stervik, Westerviks Segels\u00e4llskap och V\u00e4sterviks Segels\u00e4llskap Wikingarna har tackat ja till Svenska Folkb\u00e5tsf\u00f6rbundets f\u00f6rfr\u00e5gan att arrangera 2023 \u00e5rs svenska m\u00e4sterskap f\u00f6r Folkb\u00e5t. Detta blir det 58:e m\u00e4sterskapet i ordningen och kommer att h\u00e5llas i slutet av&hellip; <a href=\"https:\/\/folkbat.se\/wordpress\/?p=3116\" class=\"apace-readmore-link\"><span class=\"screen-reader-text\">SM 2023 till V\u00e4stervik<\/span>L\u00e4s mer<\/a><\/p>\n","protected":false},"author":1,"featured_media":3118,"comment_status":"open","ping_status":"open","sticky":false,"template":"","format":"standard","meta":{"jetpack_post_was_ever_published":false,"_jetpack_newsletter_access":"","_jetpack_dont_email_post_to_subs":false,"_jetpack_newsletter_tier_id":0,"_jetpack_memberships_contains_paywalled_content":false,"_jetpack_memberships_contains_paid_content":false,"footnotes":"","jetpack_publicize_message":"","jetpack_publicize_feature_enabled":true,"jetpack_social_post_already_shared":true,"jetpack_social_options":{"image_generator_settings":{"template":"highway","default_image_id":0,"font":"","enabled":false},"version":2}},"categories":[58,1],"tags":[],"class_list":["post-3116","post","type-post","status-publish","format-standard","has-post-thumbnail","hentry","category-kappsegling","category-nyheter"],"jetpack_publicize_connections":[],"jetpack_featured_media_url":"https:\/\/i0.wp.com\/folkbat.se\/wordpress\/wp-content\/uploads\/2022\/09\/sm23.png?fit=1080%2C1080&ssl=1","jetpack_sharing_enabled":true,"jetpack_shortlink":"https:\/\/wp.me\/p5CsWc-Og","jetpack-related-posts":[{"id":3415,"url":"https:\/\/folkbat.se\/wordpress\/?p=3415","url_meta":{"origin":3116,"position":0},"title":"Kalmarb\u00e5t svensk m\u00e4stare 2023","author":"Webbmaster","date":"17 augusti 2023","format":false,"excerpt":"Anders Cederblad, som tillsammans med bes\u00e4ttningen Ola Schwarz och Anders Jarlmander i SWE 1255 Selma, blev 2023 \u00e5rs svenska m\u00e4stare i Nordisk folkb\u00e5t. Foto Benny Christensen Det 58:e svenska m\u00e4sterskapet f\u00f6r Nordisk folkb\u00e5t avgjordes 9\u201312 augusti p\u00e5 Lus\u00e4rnafj\u00e4rden vid V\u00e4stervik i regi av Westerviks SS Vikingarna och Westerviks SS. 21\u2026","rel":"","context":"I \u201dNyheter\u201d","block_context":{"text":"Nyheter","link":"https:\/\/folkbat.se\/wordpress\/?cat=1"},"img":{"alt_text":"","src":"https:\/\/i0.wp.com\/folkbat.se\/wordpress\/wp-content\/uploads\/2023\/08\/367116848_6364439436958987_7618336440201722349_n.jpg?fit=900%2C1200&ssl=1&resize=350%2C200","width":350,"height":200,"srcset":"https:\/\/i0.wp.com\/folkbat.se\/wordpress\/wp-content\/uploads\/2023\/08\/367116848_6364439436958987_7618336440201722349_n.jpg?fit=900%2C1200&ssl=1&resize=350%2C200 1x, https:\/\/i0.wp.com\/folkbat.se\/wordpress\/wp-content\/uploads\/2023\/08\/367116848_6364439436958987_7618336440201722349_n.jpg?fit=900%2C1200&ssl=1&resize=525%2C300 1.5x, https:\/\/i0.wp.com\/folkbat.se\/wordpress\/wp-content\/uploads\/2023\/08\/367116848_6364439436958987_7618336440201722349_n.jpg?fit=900%2C1200&ssl=1&resize=700%2C400 2x"},"classes":[]},{"id":3175,"url":"https:\/\/folkbat.se\/wordpress\/?p=3175","url_meta":{"origin":3116,"position":1},"title":"Info om SM 2023 i V\u00e4stervik","author":"Webbmaster","date":"11 december 2022","format":false,"excerpt":"V\u00e4stervik i Dahlberghs Suecia Antiqua et Hodierna En l\u00e4ngre version av denna artikel finns i Folkb\u00e5tsnytt 2\/22. En karta med hotellen nedan och n\u00e5gra restauranger finns p\u00e5 Google Maps. V\u00e4lkomna till SM 2023 som g\u00e5r i V\u00e4stervik, denna p\u00e4rla p\u00e5 Ostkusten. Folkb\u00e5tsseglaren Anders Olsen har tidigare bott i V\u00e4stervik och\u2026","rel":"","context":"I \u201dNyheter\u201d","block_context":{"text":"Nyheter","link":"https:\/\/folkbat.se\/wordpress\/?cat=1"},"img":{"alt_text":"","src":"https:\/\/i0.wp.com\/folkbat.se\/wordpress\/wp-content\/uploads\/2022\/12\/Suecia_3-081__Vastervik.jpg?fit=1200%2C400&ssl=1&resize=350%2C200","width":350,"height":200,"srcset":"https:\/\/i0.wp.com\/folkbat.se\/wordpress\/wp-content\/uploads\/2022\/12\/Suecia_3-081__Vastervik.jpg?fit=1200%2C400&ssl=1&resize=350%2C200 1x, https:\/\/i0.wp.com\/folkbat.se\/wordpress\/wp-content\/uploads\/2022\/12\/Suecia_3-081__Vastervik.jpg?fit=1200%2C400&ssl=1&resize=525%2C300 1.5x, https:\/\/i0.wp.com\/folkbat.se\/wordpress\/wp-content\/uploads\/2022\/12\/Suecia_3-081__Vastervik.jpg?fit=1200%2C400&ssl=1&resize=700%2C400 2x, https:\/\/i0.wp.com\/folkbat.se\/wordpress\/wp-content\/uploads\/2022\/12\/Suecia_3-081__Vastervik.jpg?fit=1200%2C400&ssl=1&resize=1050%2C600 3x"},"classes":[]},{"id":3333,"url":"https:\/\/folkbat.se\/wordpress\/?p=3333","url_meta":{"origin":3116,"position":2},"title":"Nu finns inbjudan och anm\u00e4lan till SM","author":"Webbmaster","date":"18 april 2023","format":false,"excerpt":"Hemsidan f\u00f6r SM i V\u00e4stervik har \u00f6ppnat och inbjudan och anm\u00e4lan finns nu p\u00e5 smregatta.se!","rel":"","context":"I \u201dKappsegling\u201d","block_context":{"text":"Kappsegling","link":"https:\/\/folkbat.se\/wordpress\/?cat=58"},"img":{"alt_text":"","src":"https:\/\/i0.wp.com\/folkbat.se\/wordpress\/wp-content\/uploads\/2022\/09\/sm23.png?fit=1080%2C1080&ssl=1&resize=350%2C200","width":350,"height":200,"srcset":"https:\/\/i0.wp.com\/folkbat.se\/wordpress\/wp-content\/uploads\/2022\/09\/sm23.png?fit=1080%2C1080&ssl=1&resize=350%2C200 1x, https:\/\/i0.wp.com\/folkbat.se\/wordpress\/wp-content\/uploads\/2022\/09\/sm23.png?fit=1080%2C1080&ssl=1&resize=525%2C300 1.5x, https:\/\/i0.wp.com\/folkbat.se\/wordpress\/wp-content\/uploads\/2022\/09\/sm23.png?fit=1080%2C1080&ssl=1&resize=700%2C400 2x, https:\/\/i0.wp.com\/folkbat.se\/wordpress\/wp-content\/uploads\/2022\/09\/sm23.png?fit=1080%2C1080&ssl=1&resize=1050%2C600 3x"},"classes":[]},{"id":3792,"url":"https:\/\/folkbat.se\/wordpress\/?p=3792","url_meta":{"origin":3116,"position":3},"title":"Selma f\u00f6rsvarar titeln vid SM i Karlsborg","author":"Webbmaster","date":"19 augusti 2024","format":false,"excerpt":"Anders Jalmander, Anders Cederblad och Ola Schwarz, 2024 \u00e5rs svenska m\u00e4stare Efter en lyckad Guldpokal i Halmstad i juli med drygt 50 b\u00e5tar fr\u00e5n Nordeuropa rullade folkb\u00e5tscirkusen vidare till Karlsborg f\u00f6r v\u00e5rt 59:e svenska m\u00e4sterskap, denna g\u00e5ng arrangerat av Carlsborgs Segels\u00e4llskap. Till start kom 15 svenska b\u00e5tar fr\u00e5n Stockholm till\u2026","rel":"","context":"I \u201dKappsegling\u201d","block_context":{"text":"Kappsegling","link":"https:\/\/folkbat.se\/wordpress\/?cat=58"},"img":{"alt_text":"","src":"","width":0,"height":0},"classes":[]},{"id":3412,"url":"https:\/\/folkbat.se\/wordpress\/?p=3412","url_meta":{"origin":3116,"position":4},"title":"Dags f\u00f6r SM","author":"Webbmaster","date":"10 augusti 2023","format":false,"excerpt":"Klockan 11 b\u00f6rjar \u00e5rets SM i V\u00e4stervik. Resultat kommer p\u00e5 www.smregatta.se","rel":"","context":"I \u201dNyheter\u201d","block_context":{"text":"Nyheter","link":"https:\/\/folkbat.se\/wordpress\/?cat=1"},"img":{"alt_text":"","src":"https:\/\/i0.wp.com\/folkbat.se\/wordpress\/wp-content\/uploads\/2023\/08\/img_1295-scaled.jpg?fit=1200%2C900&ssl=1&resize=350%2C200","width":350,"height":200,"srcset":"https:\/\/i0.wp.com\/folkbat.se\/wordpress\/wp-content\/uploads\/2023\/08\/img_1295-scaled.jpg?fit=1200%2C900&ssl=1&resize=350%2C200 1x, https:\/\/i0.wp.com\/folkbat.se\/wordpress\/wp-content\/uploads\/2023\/08\/img_1295-scaled.jpg?fit=1200%2C900&ssl=1&resize=525%2C300 1.5x, https:\/\/i0.wp.com\/folkbat.se\/wordpress\/wp-content\/uploads\/2023\/08\/img_1295-scaled.jpg?fit=1200%2C900&ssl=1&resize=700%2C400 2x, https:\/\/i0.wp.com\/folkbat.se\/wordpress\/wp-content\/uploads\/2023\/08\/img_1295-scaled.jpg?fit=1200%2C900&ssl=1&resize=1050%2C600 3x"},"classes":[]},{"id":3395,"url":"https:\/\/folkbat.se\/wordpress\/?p=3395","url_meta":{"origin":3116,"position":5},"title":"Anm\u00e4lan SM","author":"Webbmaster","date":"28 juni 2023","format":false,"excerpt":"Ordinarie anm\u00e4lningstid och -avgift f\u00f6r Svenska m\u00e4sterskapet f\u00f6r Nordisk folkb\u00e5t i V\u00e4stervik i augusti \u00e4r f\u00f6rl\u00e4ngd till 15 juli. Anm\u00e4l dig s\u00e5 snart om m\u00f6jligt om du redan har best\u00e4mt dig f\u00f6r att segla. Tidigare anm\u00e4lan g\u00f6r det l\u00e4ttare f\u00f6r arrang\u00f6ren att planera ett bra evenemang f\u00f6r oss. Anm\u00e4lda b\u00e5tar:\u2026","rel":"","context":"I \u201dNyheter\u201d","block_context":{"text":"Nyheter","link":"https:\/\/folkbat.se\/wordpress\/?cat=1"},"img":{"alt_text":"","src":"https:\/\/i0.wp.com\/folkbat.se\/wordpress\/wp-content\/uploads\/2023\/06\/IMG_1212.jpg?fit=750%2C750&ssl=1&resize=350%2C200","width":350,"height":200,"srcset":"https:\/\/i0.wp.com\/folkbat.se\/wordpress\/wp-content\/uploads\/2023\/06\/IMG_1212.jpg?fit=750%2C750&ssl=1&resize=350%2C200 1x, https:\/\/i0.wp.com\/folkbat.se\/wordpress\/wp-content\/uploads\/2023\/06\/IMG_1212.jpg?fit=750%2C750&ssl=1&resize=525%2C300 1.5x, https:\/\/i0.wp.com\/folkbat.se\/wordpress\/wp-content\/uploads\/2023\/06\/IMG_1212.jpg?fit=750%2C750&ssl=1&resize=700%2C400 2x"},"classes":[]}],"_links":{"self":[{"href":"https:\/\/folkbat.se\/wordpress\/index.php?rest_route=\/wp\/v2\/posts\/3116","targetHints":{"allow":["GET"]}}],"collection":[{"href":"https:\/\/folkbat.se\/wordpress\/index.php?rest_route=\/wp\/v2\/posts"}],"about":[{"href":"https:\/\/folkbat.se\/wordpress\/index.php?rest_route=\/wp\/v2\/types\/post"}],"author":[{"embeddable":true,"href":"https:\/\/folkbat.se\/wordpress\/index.php?rest_route=\/wp\/v2\/users\/1"}],"replies":[{"embeddable":true,"href":"https:\/\/folkbat.se\/wordpress\/index.php?rest_route=%2Fwp%2Fv2%2Fcomments&post=3116"}],"version-history":[{"count":2,"href":"https:\/\/folkbat.se\/wordpress\/index.php?rest_route=\/wp\/v2\/posts\/3116\/revisions"}],"predecessor-version":[{"id":3119,"href":"https:\/\/folkbat.se\/wordpress\/index.php?rest_route=\/wp\/v2\/posts\/3116\/revisions\/3119"}],"wp:featuredmedia":[{"embeddable":true,"href":"https:\/\/folkbat.se\/wordpress\/index.php?rest_route=\/wp\/v2\/media\/3118"}],"wp:attachment":[{"href":"https:\/\/folkbat.se\/wordpress\/index.php?rest_route=%2Fwp%2Fv2%2Fmedia&parent=3116"}],"wp:term":[{"taxonomy":"category","embeddable":true,"href":"https:\/\/folkbat.se\/wordpress\/index.php?rest_route=%2Fwp%2Fv2%2Fcategories&post=3116"},{"taxonomy":"post_tag","embeddable":true,"href":"https:\/\/folkbat.se\/wordpress\/index.php?rest_route=%2Fwp%2Fv2%2Ftags&post=3116"}],"curies":[{"name":"wp","href":"https:\/\/api.w.org\/{rel}","templated":true}]}}