{"id":3479,"date":"2023-10-08T13:18:14","date_gmt":"2023-10-08T11:18:14","guid":{"rendered":"https:\/\/folkbat.se\/wordpress\/?p=3479"},"modified":"2023-10-08T17:24:44","modified_gmt":"2023-10-08T15:24:44","slug":"folkbatsseglare-far-pelle-pettersons-hederspris","status":"publish","type":"post","link":"https:\/\/folkbat.se\/wordpress\/?p=3479","title":{"rendered":"Folkb\u00e5tsseglare f\u00e5r Pelle Pettersons hederspris"},"content":{"rendered":"\n<figure class=\"wp-block-image size-large\"><img data-recalc-dims=\"1\" loading=\"lazy\" decoding=\"async\" width=\"779\" height=\"520\" data-attachment-id=\"3480\" data-permalink=\"https:\/\/folkbat.se\/wordpress\/?attachment_id=3480\" data-orig-file=\"https:\/\/i0.wp.com\/folkbat.se\/wordpress\/wp-content\/uploads\/2023\/10\/231007-Seglingens-Mastare-Foto-Daniel-Stenholm-DS5R0153-2_fullsize-scaled.jpg?fit=2560%2C1708&amp;ssl=1\" data-orig-size=\"2560,1708\" data-comments-opened=\"1\" data-image-meta=\"{&quot;aperture&quot;:&quot;7.1&quot;,&quot;credit&quot;:&quot;Daniel Stenholm&quot;,&quot;camera&quot;:&quot;Canon EOS R5&quot;,&quot;caption&quot;:&quot;&quot;,&quot;created_timestamp&quot;:&quot;1696710006&quot;,&quot;copyright&quot;:&quot;Daniel Stenholm&quot;,&quot;focal_length&quot;:&quot;24&quot;,&quot;iso&quot;:&quot;320&quot;,&quot;shutter_speed&quot;:&quot;0.005&quot;,&quot;title&quot;:&quot;&quot;,&quot;orientation&quot;:&quot;0&quot;}\" data-image-title=\"231007-Seglingens-Mastare-Foto-Daniel-Stenholm-DS5R0153-2_fullsize\" data-image-description=\"\" data-image-caption=\"\" data-large-file=\"https:\/\/i0.wp.com\/folkbat.se\/wordpress\/wp-content\/uploads\/2023\/10\/231007-Seglingens-Mastare-Foto-Daniel-Stenholm-DS5R0153-2_fullsize-scaled.jpg?fit=779%2C520&amp;ssl=1\" src=\"https:\/\/i0.wp.com\/folkbat.se\/wordpress\/wp-content\/uploads\/2023\/10\/231007-Seglingens-Mastare-Foto-Daniel-Stenholm-DS5R0153-2_fullsize.jpg?resize=779%2C520&#038;ssl=1\" alt=\"\" class=\"wp-image-3480\" srcset=\"https:\/\/i0.wp.com\/folkbat.se\/wordpress\/wp-content\/uploads\/2023\/10\/231007-Seglingens-Mastare-Foto-Daniel-Stenholm-DS5R0153-2_fullsize-scaled.jpg?resize=1024%2C683&amp;ssl=1 1024w, https:\/\/i0.wp.com\/folkbat.se\/wordpress\/wp-content\/uploads\/2023\/10\/231007-Seglingens-Mastare-Foto-Daniel-Stenholm-DS5R0153-2_fullsize-scaled.jpg?resize=500%2C334&amp;ssl=1 500w, https:\/\/i0.wp.com\/folkbat.se\/wordpress\/wp-content\/uploads\/2023\/10\/231007-Seglingens-Mastare-Foto-Daniel-Stenholm-DS5R0153-2_fullsize-scaled.jpg?resize=150%2C100&amp;ssl=1 150w, https:\/\/i0.wp.com\/folkbat.se\/wordpress\/wp-content\/uploads\/2023\/10\/231007-Seglingens-Mastare-Foto-Daniel-Stenholm-DS5R0153-2_fullsize-scaled.jpg?resize=768%2C512&amp;ssl=1 768w, https:\/\/i0.wp.com\/folkbat.se\/wordpress\/wp-content\/uploads\/2023\/10\/231007-Seglingens-Mastare-Foto-Daniel-Stenholm-DS5R0153-2_fullsize-scaled.jpg?resize=1536%2C1025&amp;ssl=1 1536w, https:\/\/i0.wp.com\/folkbat.se\/wordpress\/wp-content\/uploads\/2023\/10\/231007-Seglingens-Mastare-Foto-Daniel-Stenholm-DS5R0153-2_fullsize-scaled.jpg?resize=2048%2C1366&amp;ssl=1 2048w, https:\/\/i0.wp.com\/folkbat.se\/wordpress\/wp-content\/uploads\/2023\/10\/231007-Seglingens-Mastare-Foto-Daniel-Stenholm-DS5R0153-2_fullsize-scaled.jpg?resize=800%2C534&amp;ssl=1 800w, https:\/\/i0.wp.com\/folkbat.se\/wordpress\/wp-content\/uploads\/2023\/10\/231007-Seglingens-Mastare-Foto-Daniel-Stenholm-DS5R0153-2_fullsize-scaled.jpg?w=2337&amp;ssl=1 2337w\" sizes=\"auto, (max-width: 779px) 100vw, 779px\" \/><figcaption class=\"wp-element-caption\">Claes Hultling l\u00e4ngst fram i mitten. Foto: Daniel Stenholm<\/figcaption><\/figure>\n\n\n\n<p>Grattis Folkb\u00e5tsseglaren i 1291, V\u00e5ga, Claes Hultling som fick motta Pelle Pettersons hederspris vid Seglingens m\u00e4stare i Marstrand:<\/p>\n\n\n\n<blockquote class=\"wp-block-quote is-layout-flow wp-block-quote-is-layout-flow\">\n<p>&#8221;Med ett outtr\u00f6ttligt engagemang f\u00f6r att g\u00f6ra segling tillg\u00e4nglig f\u00f6r alla har Claes, som f\u00f6rebild och entrepren\u00f6r, i \u00f6ver 30 \u00e5r drivit utvecklingen av parasegling och segling f\u00f6r alla oavsett f\u00f6ruts\u00e4ttningar. Stiftelsen Skota Hem och starten av projektet Segling utan gr\u00e4nser 1994 blev plattformen f\u00f6r tusentals personer med <a><\/a>funktionsneds\u00e4ttning att f\u00e5 uppleva segling som idrott och rekreation. Claes bidrog \u00e4ven stort till att parasegling kom med som medaljgren p\u00e5 Paralympics i Sidney 2000 d\u00e4r han representerade Sverige i Tv\u00e5fyran.&#8221;<\/p>\n<\/blockquote>\n\n\n\n<p><a rel=\"noreferrer noopener\" href=\"https:\/\/www.svensksegling.se\/nyheter\/2023-10\/1933-arets-seglare-prisade\/\" data-type=\"link\" data-id=\"https:\/\/www.svensksegling.se\/nyheter\/2023-10\/1933-arets-seglare-prisade\/\" target=\"_blank\">\u00c5rets seglare prisade<\/a> hos Svenska Seglarf\u00f6rbundet (8 oktober)<\/p>\n","protected":false},"excerpt":{"rendered":"<p>Grattis Folkb\u00e5tsseglaren i 1291, V\u00e5ga, Claes Hultling som fick motta Pelle Pettersons hederspris vid Seglingens m\u00e4stare i Marstrand: &#8221;Med ett outtr\u00f6ttligt engagemang f\u00f6r att g\u00f6ra segling tillg\u00e4nglig f\u00f6r alla har Claes, som f\u00f6rebild och entrepren\u00f6r, i \u00f6ver 30 \u00e5r drivit&hellip; <a href=\"https:\/\/folkbat.se\/wordpress\/?p=3479\" class=\"apace-readmore-link\"><span class=\"screen-reader-text\">Folkb\u00e5tsseglare f\u00e5r Pelle Pettersons hederspris<\/span>L\u00e4s mer<\/a><\/p>\n","protected":false},"author":1,"featured_media":3480,"comment_status":"open","ping_status":"open","sticky":false,"template":"","format":"standard","meta":{"jetpack_post_was_ever_published":false,"_jetpack_newsletter_access":"","_jetpack_dont_email_post_to_subs":false,"_jetpack_newsletter_tier_id":0,"_jetpack_memberships_contains_paywalled_content":false,"_jetpack_memberships_contains_paid_content":false,"footnotes":"","jetpack_publicize_message":"","jetpack_publicize_feature_enabled":true,"jetpack_social_post_already_shared":true,"jetpack_social_options":{"image_generator_settings":{"template":"highway","default_image_id":0,"font":"","enabled":false},"version":2}},"categories":[1],"tags":[],"class_list":["post-3479","post","type-post","status-publish","format-standard","has-post-thumbnail","hentry","category-nyheter"],"jetpack_publicize_connections":[],"jetpack_featured_media_url":"https:\/\/i0.wp.com\/folkbat.se\/wordpress\/wp-content\/uploads\/2023\/10\/231007-Seglingens-Mastare-Foto-Daniel-Stenholm-DS5R0153-2_fullsize-scaled.jpg?fit=2560%2C1708&ssl=1","jetpack_sharing_enabled":true,"jetpack_shortlink":"https:\/\/wp.me\/p5CsWc-U7","jetpack-related-posts":[{"id":1054,"url":"https:\/\/folkbat.se\/wordpress\/?p=1054","url_meta":{"origin":3479,"position":0},"title":"Guldpokalen i Helsingfors avgjord","author":"Webbmaster","date":"1 augusti 2016","format":false,"excerpt":"Den 54:e Guldpokalen avgjordes i Helsingfors under den g\u00e5ngna veckan. Veckan inleddes med landskampen mellan Sverige och Finland som seglades f\u00f6r 18:e g\u00e5ngen, denna g\u00e5ng med fem b\u00e5tar i varje lag. Seglingarna avgjordes inf\u00f6r en liten publik utanf\u00f6r hamnen och Sven Sal\u00e9ns pokal fick f\u00f6lja med tillbaka till Stockholm efter\u2026","rel":"","context":"I \u201dNyheter\u201d","block_context":{"text":"Nyheter","link":"https:\/\/folkbat.se\/wordpress\/?cat=1"},"img":{"alt_text":"1311 f\u00f6re FIN 390 under landskampen 26 juli.","src":"https:\/\/i0.wp.com\/folkbat.se\/wordpress\/wp-content\/uploads\/2016\/08\/IMG_2527-1024x768.jpg?resize=350%2C200","width":350,"height":200},"classes":[]},{"id":1395,"url":"https:\/\/folkbat.se\/wordpress\/?p=1395","url_meta":{"origin":3479,"position":1},"title":"Karlskronab\u00e5t svenska m\u00e4stare","author":"Webbmaster","date":"10 juli 2017","format":false,"excerpt":"Under den g\u00e5ngna helgen arrangerades det 53:e Svenska m\u00e4sterskapet i Folkb\u00e5t med i Halmstad. Efter tre dagars seglingar i l\u00e4tta vindar stod det klart att SM-debutanten 1328 Slagh\u00f6ken II fr\u00e5n Karlskrona SS, Magnus Johansson, Anders Cederblad och Jonas Konrad var b\u00e4sta svenska m\u00e4stare och b\u00e4sta svenska bes\u00e4ttning med en total\u2026","rel":"","context":"I \u201dNyheter\u201d","block_context":{"text":"Nyheter","link":"https:\/\/folkbat.se\/wordpress\/?cat=1"},"img":{"alt_text":"","src":"https:\/\/i0.wp.com\/folkbat.se\/wordpress\/wp-content\/uploads\/2017\/07\/IMG_9102.jpg?fit=1200%2C900&ssl=1&resize=350%2C200","width":350,"height":200,"srcset":"https:\/\/i0.wp.com\/folkbat.se\/wordpress\/wp-content\/uploads\/2017\/07\/IMG_9102.jpg?fit=1200%2C900&ssl=1&resize=350%2C200 1x, https:\/\/i0.wp.com\/folkbat.se\/wordpress\/wp-content\/uploads\/2017\/07\/IMG_9102.jpg?fit=1200%2C900&ssl=1&resize=525%2C300 1.5x, https:\/\/i0.wp.com\/folkbat.se\/wordpress\/wp-content\/uploads\/2017\/07\/IMG_9102.jpg?fit=1200%2C900&ssl=1&resize=700%2C400 2x, https:\/\/i0.wp.com\/folkbat.se\/wordpress\/wp-content\/uploads\/2017\/07\/IMG_9102.jpg?fit=1200%2C900&ssl=1&resize=1050%2C600 3x"},"classes":[]},{"id":1260,"url":"https:\/\/folkbat.se\/wordpress\/?p=1260","url_meta":{"origin":3479,"position":2},"title":"Folkb\u00e5tsnytt nummer 1 2017 p\u00e5 v\u00e4g!","author":"Webbmaster","date":"8 april 2017","format":false,"excerpt":"Redaktionen l\u00e5ter h\u00e4lsa att Folkb\u00e5tsnytt nummer ett har lagts p\u00e5 l\u00e5dan och snart n\u00e5r medlemmarna. En text gl\u00f6mdes av redaktionen och kom tyv\u00e4rr inte med i numret, den f\u00f6ljer ist\u00e4llet h\u00e4r: V\u00e4stkusten 2016 f\u00e5r vi nog kalla en riktig l\u00e5gs\u00e4song h\u00e4r i v\u00e4st. Deltagarantalet p\u00e5 v\u00e5ra seglingar har varit osedvanligt\u2026","rel":"","context":"I \u201dNyheter\u201d","block_context":{"text":"Nyheter","link":"https:\/\/folkbat.se\/wordpress\/?cat=1"},"img":{"alt_text":"","src":"https:\/\/i0.wp.com\/folkbat.se\/wordpress\/wp-content\/uploads\/2017\/04\/1-2017-543x768.jpg?resize=350%2C200","width":350,"height":200},"classes":[]},{"id":281,"url":"https:\/\/folkbat.se\/wordpress\/?p=281","url_meta":{"origin":3479,"position":3},"title":"Ljungskileseglare svenska m\u00e4stare","author":"Webbmaster","date":"6 juli 2015","format":false,"excerpt":"Det 51:a Svenska m\u00e4sterskapet avgjordes i Ljungskile under det g\u00e5ngna veckoslutet (2\u20134 juli). Detta var andra g\u00e5ngen SM-t\u00e4vlingarna avgjordes d\u00e4r, Ljungskile SS stod som v\u00e4rd \u00e4ven 2012, d\u00e5 med Lasse K\u00f6hler som segrare. 27 b\u00e5tar kom till start varav tre danska och en tysk, vilket gjorde att 23 b\u00e5tar t\u00e4vlade\u2026","rel":"","context":"I \u201dNyheter\u201d","block_context":{"text":"Nyheter","link":"https:\/\/folkbat.se\/wordpress\/?cat=1"},"img":{"alt_text":"SM-vinnarna Per J\u00f8rgensen med bes\u00e4ttning och svenska m\u00e4staren Rolf Uppstr\u00f6m med bes\u00e4ttning.","src":"https:\/\/i0.wp.com\/folkbat.se\/wordpress\/wp-content\/uploads\/2015\/07\/DSC_0150-1024x685.jpg?resize=350%2C200","width":350,"height":200},"classes":[]},{"id":2253,"url":"https:\/\/folkbat.se\/wordpress\/?p=2253","url_meta":{"origin":3479,"position":4},"title":"Program 2021","author":"Webbmaster","date":"14 december 2020","format":false,"excerpt":"Nu b\u00f6rjar det bli dags att planera folkb\u00e5tssommaren 2021. H\u00e4r \u00e4r datumen: 13\u201315 augusti \u2013 Svenska m\u00e4sterskapet, Stenungsund SM-seglingarna planeras att h\u00e5llas s\u00e5som det var planerat f\u00f6r \u00e5rets inst\u00e4llda m\u00e4sterskap med Stenungsunds SS som arrang\u00f6r. Tj\u00f6rn runt g\u00e5r helgen efter. 9\u201311 juli \u2013 Hang\u00f6regattan, Hang\u00f6 13\u201315 juli \u2013 Finska m\u00e4sterskapet,\u2026","rel":"","context":"I \u201dKappsegling\u201d","block_context":{"text":"Kappsegling","link":"https:\/\/folkbat.se\/wordpress\/?cat=58"},"img":{"alt_text":"","src":"https:\/\/i0.wp.com\/folkbat.se\/wordpress\/wp-content\/uploads\/2020\/12\/image2-500x353.jpeg?resize=350%2C200","width":350,"height":200},"classes":[]},{"id":1826,"url":"https:\/\/folkbat.se\/wordpress\/?p=1826","url_meta":{"origin":3479,"position":5},"title":"SM 2019 h\u00e5lls vid Rastaholm","author":"Webbmaster","date":"27 september 2018","format":false,"excerpt":"Stockholms Segels\u00e4llskap och Svenska Folkb\u00e5tsf\u00f6rbundet v\u00e4lkomnar alla folkb\u00e5tsseglare till Rastaholm f\u00f6r det 55:e Svenska m\u00e4sterskapet i Folkb\u00e5t 22\u201324 augusti 2019. Detta blir f\u00f6rsta g\u00e5ngen seglingarna h\u00e5lls p\u00e5 M\u00e4laren, d\u00e5 sj\u00f6ns st\u00f6rsta fj\u00e4rd Bj\u00f6rkfj\u00e4rden blir sk\u00e5deplats. Banorna ligger med drygt en sj\u00f6mils utsegling fr\u00e5n hamnen. Inbjudan och mer info finns p\u00e5\u2026","rel":"","context":"I \u201dNyheter\u201d","block_context":{"text":"Nyheter","link":"https:\/\/folkbat.se\/wordpress\/?cat=1"},"img":{"alt_text":"","src":"https:\/\/i0.wp.com\/folkbat.se\/wordpress\/wp-content\/uploads\/2018\/09\/Artboard-1.png?resize=350%2C200","width":350,"height":200},"classes":[]}],"_links":{"self":[{"href":"https:\/\/folkbat.se\/wordpress\/index.php?rest_route=\/wp\/v2\/posts\/3479","targetHints":{"allow":["GET"]}}],"collection":[{"href":"https:\/\/folkbat.se\/wordpress\/index.php?rest_route=\/wp\/v2\/posts"}],"about":[{"href":"https:\/\/folkbat.se\/wordpress\/index.php?rest_route=\/wp\/v2\/types\/post"}],"author":[{"embeddable":true,"href":"https:\/\/folkbat.se\/wordpress\/index.php?rest_route=\/wp\/v2\/users\/1"}],"replies":[{"embeddable":true,"href":"https:\/\/folkbat.se\/wordpress\/index.php?rest_route=%2Fwp%2Fv2%2Fcomments&post=3479"}],"version-history":[{"count":3,"href":"https:\/\/folkbat.se\/wordpress\/index.php?rest_route=\/wp\/v2\/posts\/3479\/revisions"}],"predecessor-version":[{"id":3497,"href":"https:\/\/folkbat.se\/wordpress\/index.php?rest_route=\/wp\/v2\/posts\/3479\/revisions\/3497"}],"wp:featuredmedia":[{"embeddable":true,"href":"https:\/\/folkbat.se\/wordpress\/index.php?rest_route=\/wp\/v2\/media\/3480"}],"wp:attachment":[{"href":"https:\/\/folkbat.se\/wordpress\/index.php?rest_route=%2Fwp%2Fv2%2Fmedia&parent=3479"}],"wp:term":[{"taxonomy":"category","embeddable":true,"href":"https:\/\/folkbat.se\/wordpress\/index.php?rest_route=%2Fwp%2Fv2%2Fcategories&post=3479"},{"taxonomy":"post_tag","embeddable":true,"href":"https:\/\/folkbat.se\/wordpress\/index.php?rest_route=%2Fwp%2Fv2%2Ftags&post=3479"}],"curies":[{"name":"wp","href":"https:\/\/api.w.org\/{rel}","templated":true}]}}