{"id":3708,"date":"2024-07-07T22:31:28","date_gmt":"2024-07-07T20:31:28","guid":{"rendered":"https:\/\/folkbat.se\/wordpress\/?p=3708"},"modified":"2024-07-08T22:26:53","modified_gmt":"2024-07-08T20:26:53","slug":"dags-for-guldpokalen-i-halmstad","status":"publish","type":"post","link":"https:\/\/folkbat.se\/wordpress\/?p=3708","title":{"rendered":"Dags f\u00f6r Guldpokalen i Halmstad"},"content":{"rendered":"\n<figure class=\"wp-block-image size-large\"><img data-recalc-dims=\"1\" loading=\"lazy\" decoding=\"async\" width=\"576\" height=\"768\" data-attachment-id=\"3707\" data-permalink=\"https:\/\/folkbat.se\/wordpress\/?attachment_id=3707\" data-orig-file=\"https:\/\/i0.wp.com\/folkbat.se\/wordpress\/wp-content\/uploads\/2024\/07\/img_0100-1.jpg?fit=1500%2C2000&amp;ssl=1\" data-orig-size=\"1500,2000\" data-comments-opened=\"1\" data-image-meta=\"{&quot;aperture&quot;:&quot;1.6&quot;,&quot;credit&quot;:&quot;&quot;,&quot;camera&quot;:&quot;iPhone 15&quot;,&quot;caption&quot;:&quot;&quot;,&quot;created_timestamp&quot;:&quot;1720373426&quot;,&quot;copyright&quot;:&quot;&quot;,&quot;focal_length&quot;:&quot;5.96&quot;,&quot;iso&quot;:&quot;50&quot;,&quot;shutter_speed&quot;:&quot;0.00022598870056497&quot;,&quot;title&quot;:&quot;&quot;,&quot;orientation&quot;:&quot;1&quot;}\" data-image-title=\"img_0100-1\" data-image-description=\"\" data-image-caption=\"\" data-large-file=\"https:\/\/i0.wp.com\/folkbat.se\/wordpress\/wp-content\/uploads\/2024\/07\/img_0100-1.jpg?fit=576%2C768&amp;ssl=1\" src=\"https:\/\/i0.wp.com\/folkbat.se\/wordpress\/wp-content\/uploads\/2024\/07\/img_0100-1.jpg?resize=576%2C768&#038;ssl=1\" class=\"wp-image-3707\" srcset=\"https:\/\/i0.wp.com\/folkbat.se\/wordpress\/wp-content\/uploads\/2024\/07\/img_0100-1.jpg?resize=576%2C768&amp;ssl=1 576w, https:\/\/i0.wp.com\/folkbat.se\/wordpress\/wp-content\/uploads\/2024\/07\/img_0100-1.jpg?resize=375%2C500&amp;ssl=1 375w, https:\/\/i0.wp.com\/folkbat.se\/wordpress\/wp-content\/uploads\/2024\/07\/img_0100-1.jpg?resize=113%2C150&amp;ssl=1 113w, https:\/\/i0.wp.com\/folkbat.se\/wordpress\/wp-content\/uploads\/2024\/07\/img_0100-1.jpg?resize=768%2C1024&amp;ssl=1 768w, https:\/\/i0.wp.com\/folkbat.se\/wordpress\/wp-content\/uploads\/2024\/07\/img_0100-1.jpg?resize=1152%2C1536&amp;ssl=1 1152w, https:\/\/i0.wp.com\/folkbat.se\/wordpress\/wp-content\/uploads\/2024\/07\/img_0100-1.jpg?w=1500&amp;ssl=1 1500w\" sizes=\"auto, (max-width: 576px) 100vw, 576px\" \/><figcaption class=\"wp-element-caption\">Foto: Johan Rasin<\/figcaption><\/figure>\n\n\n\n<p>Dags f\u00f6r Guldpokalen i Halmstad! M\u00e5ndag b\u00f6rjar kappseglingarna med 52 folkb\u00e5tar fr\u00e5n Sverige, Tyskland, Danmark, Storbritannien, Estland och Finland. Det \u00e4r 60:e g\u00e5ngen det seglas om pokalen och f\u00f6rsta g\u00e5ngen i Sverige sedan 2018.<\/p>\n\n\n\n<p>F\u00f6lj Guldpokalen h\u00e4r: <a href=\"https:\/\/www.sailarena.com\/sv\/se\/club\/hass\/nordic-folkboat-gold-cup-2024\/\">https:\/\/www.sailarena.com\/sv\/se\/club\/hass\/nordic-folkboat-gold-cup-2024\/<\/a><\/p>\n","protected":false},"excerpt":{"rendered":"<p>Dags f\u00f6r Guldpokalen i Halmstad! M\u00e5ndag b\u00f6rjar kappseglingarna med 52 folkb\u00e5tar fr\u00e5n Sverige, Tyskland, Danmark, Storbritannien, Estland och Finland. Det \u00e4r 60:e g\u00e5ngen det seglas om pokalen och f\u00f6rsta g\u00e5ngen i Sverige sedan 2018. F\u00f6lj Guldpokalen h\u00e4r: https:\/\/www.sailarena.com\/sv\/se\/club\/hass\/nordic-folkboat-gold-cup-2024\/<\/p>\n","protected":false},"author":1,"featured_media":3707,"comment_status":"open","ping_status":"open","sticky":false,"template":"","format":"standard","meta":{"jetpack_post_was_ever_published":false,"_jetpack_newsletter_access":"","_jetpack_dont_email_post_to_subs":false,"_jetpack_newsletter_tier_id":0,"_jetpack_memberships_contains_paywalled_content":false,"_jetpack_memberships_contains_paid_content":false,"footnotes":"","jetpack_publicize_message":"","jetpack_publicize_feature_enabled":true,"jetpack_social_post_already_shared":true,"jetpack_social_options":{"image_generator_settings":{"template":"highway","default_image_id":0,"font":"","enabled":false},"version":2}},"categories":[1],"tags":[],"class_list":["post-3708","post","type-post","status-publish","format-standard","has-post-thumbnail","hentry","category-nyheter"],"jetpack_publicize_connections":[],"jetpack_featured_media_url":"https:\/\/i0.wp.com\/folkbat.se\/wordpress\/wp-content\/uploads\/2024\/07\/img_0100-1.jpg?fit=1500%2C2000&ssl=1","jetpack_sharing_enabled":true,"jetpack_shortlink":"https:\/\/wp.me\/p5CsWc-XO","jetpack-related-posts":[{"id":2401,"url":"https:\/\/folkbat.se\/wordpress\/?p=2401","url_meta":{"origin":3708,"position":0},"title":"Guldpokalen 2023 i Halmstad","author":"Webbmaster","date":"15 april 2021","format":false,"excerpt":"Guldpokalen 2023 kommer att arrangeras av Halmstads Segels\u00e4llskap. Halmstads Segels\u00e4llskap har tidigare arrangerat Guldpokalen en g\u00e5ng, 2001, och SM tv\u00e5 g\u00e5nger, 1996 och 2017.","rel":"","context":"I \u201dKappsegling\u201d","block_context":{"text":"Kappsegling","link":"https:\/\/folkbat.se\/wordpress\/?cat=58"},"img":{"alt_text":"","src":"https:\/\/i0.wp.com\/folkbat.se\/wordpress\/wp-content\/uploads\/2021\/04\/Logga-rak.jpg?resize=350%2C200","width":350,"height":200},"classes":[]},{"id":1254,"url":"https:\/\/folkbat.se\/wordpress\/?p=1254","url_meta":{"origin":3708,"position":1},"title":"Anm\u00e4lan till SM och Guldpokalen har \u00f6ppnat","author":"Webbmaster","date":"29 mars 2017","format":false,"excerpt":"Nu har anm\u00e4lan f\u00f6r SM och Guldpokalen \u00f6ppnat. Anm\u00e4lan till Svenska m\u00e4sterskapet i Halmstad (5\u20138 juli) finns h\u00e4r. Anm\u00e4lan till Guldpokalen i Kerteminde (7\u201310 augusti) finns h\u00e4r.","rel":"","context":"I \u201dNyheter\u201d","block_context":{"text":"Nyheter","link":"https:\/\/folkbat.se\/wordpress\/?cat=1"},"img":{"alt_text":"","src":"","width":0,"height":0},"classes":[]},{"id":3637,"url":"https:\/\/folkbat.se\/wordpress\/?p=3637","url_meta":{"origin":3708,"position":2},"title":"Snart stegras anm\u00e4lningsavgiften p\u00e5 Guldpokalen","author":"Webbmaster","date":"4 april 2024","format":false,"excerpt":"Fredag 5 april \u00e4r sista dagen att anm\u00e4la sig Guldpokalen i Halmstad innan avgiften h\u00f6js n\u00e5gra hundra kronor. Inbjudan och anm\u00e4lan finns p\u00e5: https:\/\/www.goldcup2024.com","rel":"","context":"I \u201dKappsegling\u201d","block_context":{"text":"Kappsegling","link":"https:\/\/folkbat.se\/wordpress\/?cat=58"},"img":{"alt_text":"","src":"https:\/\/i0.wp.com\/folkbat.se\/wordpress\/wp-content\/uploads\/2024\/04\/Screenshot-2024-04-04-at-07.57.52.png?fit=1200%2C529&ssl=1&resize=350%2C200","width":350,"height":200,"srcset":"https:\/\/i0.wp.com\/folkbat.se\/wordpress\/wp-content\/uploads\/2024\/04\/Screenshot-2024-04-04-at-07.57.52.png?fit=1200%2C529&ssl=1&resize=350%2C200 1x, https:\/\/i0.wp.com\/folkbat.se\/wordpress\/wp-content\/uploads\/2024\/04\/Screenshot-2024-04-04-at-07.57.52.png?fit=1200%2C529&ssl=1&resize=525%2C300 1.5x, https:\/\/i0.wp.com\/folkbat.se\/wordpress\/wp-content\/uploads\/2024\/04\/Screenshot-2024-04-04-at-07.57.52.png?fit=1200%2C529&ssl=1&resize=700%2C400 2x, https:\/\/i0.wp.com\/folkbat.se\/wordpress\/wp-content\/uploads\/2024\/04\/Screenshot-2024-04-04-at-07.57.52.png?fit=1200%2C529&ssl=1&resize=1050%2C600 3x"},"classes":[]},{"id":3746,"url":"https:\/\/folkbat.se\/wordpress\/?p=3746","url_meta":{"origin":3708,"position":3},"title":"Svensk tredjeplats i Guldpokalen","author":"Webbmaster","date":"16 juli 2024","format":false,"excerpt":"1255 Selma (till v\u00e4nster), GBR 808 Isobella (mitten) och DEN 745 Rio (till h\u00f6ger). Foto Karl-Johan Ericsson Under veckan 8\u201312 juli avgjordes Guldpokalen i Halmstad hos Halmstads Segels\u00e4llskap. V\u00e4xlande v\u00e4der och vindar gjorde att sex kappseglingar av de planerade \u00e5tta kunde genomf\u00f6ras. 51 folkb\u00e5tar kom till start varav 18 svenska\u2026","rel":"","context":"I \u201dNyheter\u201d","block_context":{"text":"Nyheter","link":"https:\/\/folkbat.se\/wordpress\/?cat=1"},"img":{"alt_text":"","src":"","width":0,"height":0},"classes":[]},{"id":3709,"url":"https:\/\/folkbat.se\/wordpress\/?p=3709","url_meta":{"origin":3708,"position":4},"title":"Guldpokalen 2024","author":"Webbmaster","date":"8 juli 2024","format":false,"excerpt":"Rapportering fr\u00e5n Guldpokalen i Halmstad: Resultat Dag 3 (onsdag 10 juli) Foto: Daniel Stenholm Foto: Daniel Stenholm Foto: Daniel Stenholm Foto: Daniel Stenholm Foto: Daniel Stenholm Foto: Daniel Stenholm Foto: Daniel Stenholm Foto: Daniel Stenholm Foto: Daniel Stenholm Foto: Daniel Stenholm G\u00e5rdagen bj\u00f6d inte p\u00e5 seglingsbar vind och \u00e5skv\u00e4der gjorde\u2026","rel":"","context":"I \u201dNyheter\u201d","block_context":{"text":"Nyheter","link":"https:\/\/folkbat.se\/wordpress\/?cat=1"},"img":{"alt_text":"","src":"https:\/\/i0.wp.com\/folkbat.se\/wordpress\/wp-content\/uploads\/2024\/07\/240708_Nordic-Folkboat-Gold-Cup_Foto-Daniel-Stenholm_DJI_0721-scaled.jpg?fit=1200%2C799&ssl=1&resize=350%2C200","width":350,"height":200,"srcset":"https:\/\/i0.wp.com\/folkbat.se\/wordpress\/wp-content\/uploads\/2024\/07\/240708_Nordic-Folkboat-Gold-Cup_Foto-Daniel-Stenholm_DJI_0721-scaled.jpg?fit=1200%2C799&ssl=1&resize=350%2C200 1x, https:\/\/i0.wp.com\/folkbat.se\/wordpress\/wp-content\/uploads\/2024\/07\/240708_Nordic-Folkboat-Gold-Cup_Foto-Daniel-Stenholm_DJI_0721-scaled.jpg?fit=1200%2C799&ssl=1&resize=525%2C300 1.5x, https:\/\/i0.wp.com\/folkbat.se\/wordpress\/wp-content\/uploads\/2024\/07\/240708_Nordic-Folkboat-Gold-Cup_Foto-Daniel-Stenholm_DJI_0721-scaled.jpg?fit=1200%2C799&ssl=1&resize=700%2C400 2x, https:\/\/i0.wp.com\/folkbat.se\/wordpress\/wp-content\/uploads\/2024\/07\/240708_Nordic-Folkboat-Gold-Cup_Foto-Daniel-Stenholm_DJI_0721-scaled.jpg?fit=1200%2C799&ssl=1&resize=1050%2C600 3x"},"classes":[]},{"id":3525,"url":"https:\/\/folkbat.se\/wordpress\/?p=3525","url_meta":{"origin":3708,"position":5},"title":"Nu finns det hemsida f\u00f6r 2024 \u00e5rs Guldpokal","author":"Webbmaster","date":"7 november 2023","format":false,"excerpt":"H\u00e4r kommer mer info om en av sommaren 2024:s stora begivenheter, Guldpokalen i Halmstad, som nu har \u00f6ppnat sin hemsida f\u00f6r t\u00e4vlingen www.goldcup2024.com. S\u00e5 h\u00e4r skriver arrang\u00f6ren: Welcome to the 60th\u00a0Nordic Folkboat Gold Cup 2024 in Halmstad, Sweden We are honored to extend an invitation to participate in the Nordic\u2026","rel":"","context":"I \u201dKappsegling\u201d","block_context":{"text":"Kappsegling","link":"https:\/\/folkbat.se\/wordpress\/?cat=58"},"img":{"alt_text":"","src":"https:\/\/i0.wp.com\/folkbat.se\/wordpress\/wp-content\/uploads\/2023\/11\/image.png?fit=848%2C1200&ssl=1&resize=350%2C200","width":350,"height":200,"srcset":"https:\/\/i0.wp.com\/folkbat.se\/wordpress\/wp-content\/uploads\/2023\/11\/image.png?fit=848%2C1200&ssl=1&resize=350%2C200 1x, https:\/\/i0.wp.com\/folkbat.se\/wordpress\/wp-content\/uploads\/2023\/11\/image.png?fit=848%2C1200&ssl=1&resize=525%2C300 1.5x, https:\/\/i0.wp.com\/folkbat.se\/wordpress\/wp-content\/uploads\/2023\/11\/image.png?fit=848%2C1200&ssl=1&resize=700%2C400 2x"},"classes":[]}],"_links":{"self":[{"href":"https:\/\/folkbat.se\/wordpress\/index.php?rest_route=\/wp\/v2\/posts\/3708","targetHints":{"allow":["GET"]}}],"collection":[{"href":"https:\/\/folkbat.se\/wordpress\/index.php?rest_route=\/wp\/v2\/posts"}],"about":[{"href":"https:\/\/folkbat.se\/wordpress\/index.php?rest_route=\/wp\/v2\/types\/post"}],"author":[{"embeddable":true,"href":"https:\/\/folkbat.se\/wordpress\/index.php?rest_route=\/wp\/v2\/users\/1"}],"replies":[{"embeddable":true,"href":"https:\/\/folkbat.se\/wordpress\/index.php?rest_route=%2Fwp%2Fv2%2Fcomments&post=3708"}],"version-history":[{"count":1,"href":"https:\/\/folkbat.se\/wordpress\/index.php?rest_route=\/wp\/v2\/posts\/3708\/revisions"}],"predecessor-version":[{"id":3731,"href":"https:\/\/folkbat.se\/wordpress\/index.php?rest_route=\/wp\/v2\/posts\/3708\/revisions\/3731"}],"wp:featuredmedia":[{"embeddable":true,"href":"https:\/\/folkbat.se\/wordpress\/index.php?rest_route=\/wp\/v2\/media\/3707"}],"wp:attachment":[{"href":"https:\/\/folkbat.se\/wordpress\/index.php?rest_route=%2Fwp%2Fv2%2Fmedia&parent=3708"}],"wp:term":[{"taxonomy":"category","embeddable":true,"href":"https:\/\/folkbat.se\/wordpress\/index.php?rest_route=%2Fwp%2Fv2%2Fcategories&post=3708"},{"taxonomy":"post_tag","embeddable":true,"href":"https:\/\/folkbat.se\/wordpress\/index.php?rest_route=%2Fwp%2Fv2%2Ftags&post=3708"}],"curies":[{"name":"wp","href":"https:\/\/api.w.org\/{rel}","templated":true}]}}