{"id":4058,"date":"2024-11-26T09:19:02","date_gmt":"2024-11-26T08:19:02","guid":{"rendered":"https:\/\/folkbat.se\/wordpress\/?p=4058"},"modified":"2024-11-26T09:19:04","modified_gmt":"2024-11-26T08:19:04","slug":"grattis-arets-arrangor-css","status":"publish","type":"post","link":"https:\/\/folkbat.se\/wordpress\/?p=4058","title":{"rendered":"Grattis \u00e5rets arrang\u00f6r CSS!"},"content":{"rendered":"\n<figure class=\"wp-block-image size-large\"><img data-recalc-dims=\"1\" loading=\"lazy\" decoding=\"async\" width=\"768\" height=\"768\" data-attachment-id=\"4059\" data-permalink=\"https:\/\/folkbat.se\/wordpress\/?attachment_id=4059\" data-orig-file=\"https:\/\/i0.wp.com\/folkbat.se\/wordpress\/wp-content\/uploads\/2024\/11\/Artboard-1.png?fit=1080%2C1080&amp;ssl=1\" data-orig-size=\"1080,1080\" data-comments-opened=\"1\" data-image-meta=\"{&quot;aperture&quot;:&quot;0&quot;,&quot;credit&quot;:&quot;&quot;,&quot;camera&quot;:&quot;&quot;,&quot;caption&quot;:&quot;&quot;,&quot;created_timestamp&quot;:&quot;0&quot;,&quot;copyright&quot;:&quot;&quot;,&quot;focal_length&quot;:&quot;0&quot;,&quot;iso&quot;:&quot;0&quot;,&quot;shutter_speed&quot;:&quot;0&quot;,&quot;title&quot;:&quot;&quot;,&quot;orientation&quot;:&quot;0&quot;}\" data-image-title=\"Artboard 1\" data-image-description=\"\" data-image-caption=\"\" data-large-file=\"https:\/\/i0.wp.com\/folkbat.se\/wordpress\/wp-content\/uploads\/2024\/11\/Artboard-1.png?fit=768%2C768&amp;ssl=1\" src=\"https:\/\/i0.wp.com\/folkbat.se\/wordpress\/wp-content\/uploads\/2024\/11\/Artboard-1.png?resize=768%2C768&#038;ssl=1\" alt=\"\" class=\"wp-image-4059\" srcset=\"https:\/\/i0.wp.com\/folkbat.se\/wordpress\/wp-content\/uploads\/2024\/11\/Artboard-1.png?resize=768%2C768&amp;ssl=1 768w, https:\/\/i0.wp.com\/folkbat.se\/wordpress\/wp-content\/uploads\/2024\/11\/Artboard-1.png?resize=500%2C500&amp;ssl=1 500w, https:\/\/i0.wp.com\/folkbat.se\/wordpress\/wp-content\/uploads\/2024\/11\/Artboard-1.png?resize=150%2C150&amp;ssl=1 150w, https:\/\/i0.wp.com\/folkbat.se\/wordpress\/wp-content\/uploads\/2024\/11\/Artboard-1.png?resize=80%2C80&amp;ssl=1 80w, https:\/\/i0.wp.com\/folkbat.se\/wordpress\/wp-content\/uploads\/2024\/11\/Artboard-1.png?w=1080&amp;ssl=1 1080w\" sizes=\"auto, (max-width: 768px) 100vw, 768px\" \/><\/figure>\n\n\n\n<p>V\u00e5r SM-arrang\u00f6r 2024, Carlsborgs Segels\u00e4llskap, har blivit utsedd till \u00e5rets arrang\u00f6r av Svenska Seglarf\u00f6rbundet. Stort grattis fr\u00e5n Svenska Folkb\u00e5tsf\u00f6rbundet!<\/p>\n\n\n\n<p><a href=\"https:\/\/www.svensksegling.se\/nyheter\/2024-11\/2281-seglarforbundet-uppmarksammar-framgangsrika-insatser\">https:\/\/www.svensksegling.se\/nyheter\/2024-11\/2281-seglarforbundet-uppmarksammar-framgangsrika-insatser<\/a><\/p>\n\n\n\n<p>Foto: CSS (\u00f6vre) \/ Alexander Bratt (nedre)<\/p>\n","protected":false},"excerpt":{"rendered":"<p>V\u00e5r SM-arrang\u00f6r 2024, Carlsborgs Segels\u00e4llskap, har blivit utsedd till \u00e5rets arrang\u00f6r av Svenska Seglarf\u00f6rbundet. Stort grattis fr\u00e5n Svenska Folkb\u00e5tsf\u00f6rbundet! https:\/\/www.svensksegling.se\/nyheter\/2024-11\/2281-seglarforbundet-uppmarksammar-framgangsrika-insatser Foto: CSS (\u00f6vre) \/ Alexander Bratt (nedre)<\/p>\n","protected":false},"author":1,"featured_media":4059,"comment_status":"open","ping_status":"open","sticky":false,"template":"","format":"standard","meta":{"jetpack_post_was_ever_published":false,"_jetpack_newsletter_access":"","_jetpack_dont_email_post_to_subs":false,"_jetpack_newsletter_tier_id":0,"_jetpack_memberships_contains_paywalled_content":false,"_jetpack_memberships_contains_paid_content":false,"footnotes":"","jetpack_publicize_message":"","jetpack_publicize_feature_enabled":false,"jetpack_social_post_already_shared":false,"jetpack_social_options":{"image_generator_settings":{"template":"highway","enabled":false},"version":2}},"categories":[1],"tags":[],"class_list":["post-4058","post","type-post","status-publish","format-standard","has-post-thumbnail","hentry","category-nyheter"],"jetpack_publicize_connections":[],"jetpack_featured_media_url":"https:\/\/i0.wp.com\/folkbat.se\/wordpress\/wp-content\/uploads\/2024\/11\/Artboard-1.png?fit=1080%2C1080&ssl=1","jetpack_sharing_enabled":true,"jetpack_shortlink":"https:\/\/wp.me\/p5CsWc-13s","jetpack-related-posts":[{"id":3479,"url":"https:\/\/folkbat.se\/wordpress\/?p=3479","url_meta":{"origin":4058,"position":0},"title":"Folkb\u00e5tsseglare f\u00e5r Pelle Pettersons hederspris","author":"Webbmaster","date":"8 oktober 2023","format":false,"excerpt":"Claes Hultling l\u00e4ngst fram i mitten. Foto: Daniel Stenholm Grattis Folkb\u00e5tsseglaren i 1291, V\u00e5ga, Claes Hultling som fick motta Pelle Pettersons hederspris vid Seglingens m\u00e4stare i Marstrand: \"Med ett outtr\u00f6ttligt engagemang f\u00f6r att g\u00f6ra segling tillg\u00e4nglig f\u00f6r alla har Claes, som f\u00f6rebild och entrepren\u00f6r, i \u00f6ver 30 \u00e5r drivit utvecklingen\u2026","rel":"","context":"I \u201dNyheter\u201d","block_context":{"text":"Nyheter","link":"https:\/\/folkbat.se\/wordpress\/?cat=1"},"img":{"alt_text":"","src":"https:\/\/i0.wp.com\/folkbat.se\/wordpress\/wp-content\/uploads\/2023\/10\/231007-Seglingens-Mastare-Foto-Daniel-Stenholm-DS5R0153-2_fullsize-scaled.jpg?fit=1200%2C801&ssl=1&resize=350%2C200","width":350,"height":200,"srcset":"https:\/\/i0.wp.com\/folkbat.se\/wordpress\/wp-content\/uploads\/2023\/10\/231007-Seglingens-Mastare-Foto-Daniel-Stenholm-DS5R0153-2_fullsize-scaled.jpg?fit=1200%2C801&ssl=1&resize=350%2C200 1x, https:\/\/i0.wp.com\/folkbat.se\/wordpress\/wp-content\/uploads\/2023\/10\/231007-Seglingens-Mastare-Foto-Daniel-Stenholm-DS5R0153-2_fullsize-scaled.jpg?fit=1200%2C801&ssl=1&resize=525%2C300 1.5x, https:\/\/i0.wp.com\/folkbat.se\/wordpress\/wp-content\/uploads\/2023\/10\/231007-Seglingens-Mastare-Foto-Daniel-Stenholm-DS5R0153-2_fullsize-scaled.jpg?fit=1200%2C801&ssl=1&resize=700%2C400 2x, https:\/\/i0.wp.com\/folkbat.se\/wordpress\/wp-content\/uploads\/2023\/10\/231007-Seglingens-Mastare-Foto-Daniel-Stenholm-DS5R0153-2_fullsize-scaled.jpg?fit=1200%2C801&ssl=1&resize=1050%2C600 3x"},"classes":[]},{"id":2253,"url":"https:\/\/folkbat.se\/wordpress\/?p=2253","url_meta":{"origin":4058,"position":1},"title":"Program 2021","author":"Webbmaster","date":"14 december 2020","format":false,"excerpt":"Nu b\u00f6rjar det bli dags att planera folkb\u00e5tssommaren 2021. H\u00e4r \u00e4r datumen: 13\u201315 augusti \u2013 Svenska m\u00e4sterskapet, Stenungsund SM-seglingarna planeras att h\u00e5llas s\u00e5som det var planerat f\u00f6r \u00e5rets inst\u00e4llda m\u00e4sterskap med Stenungsunds SS som arrang\u00f6r. Tj\u00f6rn runt g\u00e5r helgen efter. 9\u201311 juli \u2013 Hang\u00f6regattan, Hang\u00f6 13\u201315 juli \u2013 Finska m\u00e4sterskapet,\u2026","rel":"","context":"I \u201dKappsegling\u201d","block_context":{"text":"Kappsegling","link":"https:\/\/folkbat.se\/wordpress\/?cat=58"},"img":{"alt_text":"","src":"https:\/\/i0.wp.com\/folkbat.se\/wordpress\/wp-content\/uploads\/2020\/12\/image2-500x353.jpeg?resize=350%2C200","width":350,"height":200},"classes":[]},{"id":3002,"url":"https:\/\/folkbat.se\/wordpress\/?p=3002","url_meta":{"origin":4058,"position":2},"title":"Emilie svensk m\u00e4stare","author":"Webbmaster","date":"13 augusti 2022","format":false,"excerpt":"Svenska m\u00e4starna 1390 Emilie. Foto: Bjarne J\u00f6nsson 1390 Emilie, L\u00e5ngedrags SS, tar hem 2022 \u00e5rs svenska m\u00e4sterskap som avgjordes i Ystad torsdag till l\u00f6rdag. Lennart Magnusson, Mats Brodefors & Kjell V\u00e5gfelt, L\u00e5ngedrags SS heter de nya svenska m\u00e4starna som vann efter en rafflande avslutning. Foto: Jonas Lindstr\u00f6m Det 20 b\u00e5tar\u2026","rel":"","context":"I \u201dKappsegling\u201d","block_context":{"text":"Kappsegling","link":"https:\/\/folkbat.se\/wordpress\/?cat=58"},"img":{"alt_text":"","src":"https:\/\/i0.wp.com\/folkbat.se\/wordpress\/wp-content\/uploads\/2022\/08\/299158856_10228741339463101_1714515817691008423_n.jpg?fit=1200%2C800&ssl=1&resize=350%2C200","width":350,"height":200,"srcset":"https:\/\/i0.wp.com\/folkbat.se\/wordpress\/wp-content\/uploads\/2022\/08\/299158856_10228741339463101_1714515817691008423_n.jpg?fit=1200%2C800&ssl=1&resize=350%2C200 1x, https:\/\/i0.wp.com\/folkbat.se\/wordpress\/wp-content\/uploads\/2022\/08\/299158856_10228741339463101_1714515817691008423_n.jpg?fit=1200%2C800&ssl=1&resize=525%2C300 1.5x, https:\/\/i0.wp.com\/folkbat.se\/wordpress\/wp-content\/uploads\/2022\/08\/299158856_10228741339463101_1714515817691008423_n.jpg?fit=1200%2C800&ssl=1&resize=700%2C400 2x, https:\/\/i0.wp.com\/folkbat.se\/wordpress\/wp-content\/uploads\/2022\/08\/299158856_10228741339463101_1714515817691008423_n.jpg?fit=1200%2C800&ssl=1&resize=1050%2C600 3x"},"classes":[]},{"id":3848,"url":"https:\/\/folkbat.se\/wordpress\/?p=3848","url_meta":{"origin":4058,"position":3},"title":"SM 2025 i Kalmar!","author":"Webbmaster","date":"18 oktober 2024","format":false,"excerpt":"English version below Svenska Folkb\u00e5tsf\u00f6rbundet \u00e4r mycket glada att kunna ber\u00e4tta att 2025 \u00e5rs svenska m\u00e4sterskap kommer att h\u00e5llas i Kalmar under vecka 32. Arrang\u00f6r f\u00f6r detta blir Segels\u00e4llskapet Vikingarna som bland annat arrangerade NM f\u00f6r OK-jolle 2024 och SM f\u00f6r ILCA 2023. Vikingarna h\u00e5ller till i s\u00f6dra Kalmarsund med\u2026","rel":"","context":"I \u201dKappsegling\u201d","block_context":{"text":"Kappsegling","link":"https:\/\/folkbat.se\/wordpress\/?cat=58"},"img":{"alt_text":"","src":"https:\/\/i0.wp.com\/folkbat.se\/wordpress\/wp-content\/uploads\/2024\/10\/sm25-2.png?fit=1200%2C800&ssl=1&resize=350%2C200","width":350,"height":200,"srcset":"https:\/\/i0.wp.com\/folkbat.se\/wordpress\/wp-content\/uploads\/2024\/10\/sm25-2.png?fit=1200%2C800&ssl=1&resize=350%2C200 1x, https:\/\/i0.wp.com\/folkbat.se\/wordpress\/wp-content\/uploads\/2024\/10\/sm25-2.png?fit=1200%2C800&ssl=1&resize=525%2C300 1.5x, https:\/\/i0.wp.com\/folkbat.se\/wordpress\/wp-content\/uploads\/2024\/10\/sm25-2.png?fit=1200%2C800&ssl=1&resize=700%2C400 2x, https:\/\/i0.wp.com\/folkbat.se\/wordpress\/wp-content\/uploads\/2024\/10\/sm25-2.png?fit=1200%2C800&ssl=1&resize=1050%2C600 3x"},"classes":[]},{"id":2041,"url":"https:\/\/folkbat.se\/wordpress\/?p=2041","url_meta":{"origin":4058,"position":4},"title":"SM avgjort \u2013 Karlshamnsb\u00e5t m\u00e4stare","author":"Webbmaster","date":"24 augusti 2019","format":false,"excerpt":"Idag, 24 augusti slutf\u00f6rdes SM-seglingarna i Folkb\u00e5t vid Rastaholm i M\u00e4laren, d\u00e4r Stockholms Segels\u00e4llskap stod som arrang\u00f6r. Startf\u00e4ltet inneh\u00f6ll 19 folkb\u00e5tar, varav fem fr\u00e5n Danmark och Tyskland. Enbart de svenska b\u00e5tarna kunde utmana om SM-titeln och n\u00e4r alla seglingar var seglade och resultaten sammanr\u00e4knade stod SWE 1942 Snudd med Hans\u2026","rel":"","context":"I \u201dNyheter\u201d","block_context":{"text":"Nyheter","link":"https:\/\/folkbat.se\/wordpress\/?cat=1"},"img":{"alt_text":"","src":"","width":0,"height":0},"classes":[]},{"id":187,"url":"https:\/\/folkbat.se\/wordpress\/?p=187","url_meta":{"origin":4058,"position":5},"title":"Folkb\u00e5tsf\u00f6rbundet s\u00e4ger nej till licensavgifter","author":"Webbmaster","date":"18 mars 2015","format":false,"excerpt":"Svenska Seglarf\u00f6rbundets f\u00f6resl\u00e5r att inf\u00f6ra en \u00e5rlig licensavgift f\u00f6r rorsman och bes\u00e4ttning f\u00f6r att kunna deltaga vid SM-seglingar. Detta f\u00f6rslag \u00e4r en \u00e5tg\u00e4rd f\u00f6r att f\u00f6rb\u00e4ttra Seglarf\u00f6rbundets ekonomi. Folkb\u00e5tsf\u00f6rbundet fick veta om detta nyligen och diskuterade fr\u00e5gan vid ett extrainkallat styrelsem\u00f6te. Folkb\u00e5tsf\u00f6rbundet ser det som en stor risk att detta\u2026","rel":"","context":"I \u201dNyheter\u201d","block_context":{"text":"Nyheter","link":"https:\/\/folkbat.se\/wordpress\/?cat=1"},"img":{"alt_text":"","src":"","width":0,"height":0},"classes":[]}],"_links":{"self":[{"href":"https:\/\/folkbat.se\/wordpress\/index.php?rest_route=\/wp\/v2\/posts\/4058","targetHints":{"allow":["GET"]}}],"collection":[{"href":"https:\/\/folkbat.se\/wordpress\/index.php?rest_route=\/wp\/v2\/posts"}],"about":[{"href":"https:\/\/folkbat.se\/wordpress\/index.php?rest_route=\/wp\/v2\/types\/post"}],"author":[{"embeddable":true,"href":"https:\/\/folkbat.se\/wordpress\/index.php?rest_route=\/wp\/v2\/users\/1"}],"replies":[{"embeddable":true,"href":"https:\/\/folkbat.se\/wordpress\/index.php?rest_route=%2Fwp%2Fv2%2Fcomments&post=4058"}],"version-history":[{"count":1,"href":"https:\/\/folkbat.se\/wordpress\/index.php?rest_route=\/wp\/v2\/posts\/4058\/revisions"}],"predecessor-version":[{"id":4060,"href":"https:\/\/folkbat.se\/wordpress\/index.php?rest_route=\/wp\/v2\/posts\/4058\/revisions\/4060"}],"wp:featuredmedia":[{"embeddable":true,"href":"https:\/\/folkbat.se\/wordpress\/index.php?rest_route=\/wp\/v2\/media\/4059"}],"wp:attachment":[{"href":"https:\/\/folkbat.se\/wordpress\/index.php?rest_route=%2Fwp%2Fv2%2Fmedia&parent=4058"}],"wp:term":[{"taxonomy":"category","embeddable":true,"href":"https:\/\/folkbat.se\/wordpress\/index.php?rest_route=%2Fwp%2Fv2%2Fcategories&post=4058"},{"taxonomy":"post_tag","embeddable":true,"href":"https:\/\/folkbat.se\/wordpress\/index.php?rest_route=%2Fwp%2Fv2%2Ftags&post=4058"}],"curies":[{"name":"wp","href":"https:\/\/api.w.org\/{rel}","templated":true}]}}