{"id":4512,"date":"2026-08-30T22:13:27","date_gmt":"2026-08-30T20:13:27","guid":{"rendered":"https:\/\/folkbat.se\/wordpress\/?p=4512"},"modified":"2026-08-30T22:13:32","modified_gmt":"2026-08-30T20:13:32","slug":"svensk-seger-i-tibbes-minnespokal","status":"publish","type":"post","link":"https:\/\/folkbat.se\/wordpress\/?p=4512","title":{"rendered":"Svensk seger i Tibbes minnespokal"},"content":{"rendered":"\n<figure class=\"wp-block-image size-large\"><img data-recalc-dims=\"1\" loading=\"lazy\" decoding=\"async\" width=\"779\" height=\"584\" data-attachment-id=\"4513\" data-permalink=\"https:\/\/folkbat.se\/wordpress\/?attachment_id=4513\" data-orig-file=\"https:\/\/i0.wp.com\/folkbat.se\/wordpress\/wp-content\/uploads\/2026\/08\/IMG_2414-scaled.jpg?fit=2560%2C1920&amp;ssl=1\" data-orig-size=\"2560,1920\" data-comments-opened=\"1\" data-image-meta=\"{&quot;aperture&quot;:&quot;1.6&quot;,&quot;credit&quot;:&quot;&quot;,&quot;camera&quot;:&quot;iPhone 17&quot;,&quot;caption&quot;:&quot;&quot;,&quot;created_timestamp&quot;:&quot;1788110012&quot;,&quot;copyright&quot;:&quot;&quot;,&quot;focal_length&quot;:&quot;5.960000038147&quot;,&quot;iso&quot;:&quot;32&quot;,&quot;shutter_speed&quot;:&quot;0.00071787508973439&quot;,&quot;title&quot;:&quot;&quot;,&quot;orientation&quot;:&quot;1&quot;,&quot;alt&quot;:&quot;&quot;}\" data-image-title=\"IMG_2414\" data-image-description=\"\" data-image-caption=\"\" data-large-file=\"https:\/\/i0.wp.com\/folkbat.se\/wordpress\/wp-content\/uploads\/2026\/08\/IMG_2414-scaled.jpg?fit=779%2C584&amp;ssl=1\" src=\"https:\/\/i0.wp.com\/folkbat.se\/wordpress\/wp-content\/uploads\/2026\/08\/IMG_2414.jpg?resize=779%2C584&#038;ssl=1\" alt=\"\" class=\"wp-image-4513\" srcset=\"https:\/\/i0.wp.com\/folkbat.se\/wordpress\/wp-content\/uploads\/2026\/08\/IMG_2414-scaled.jpg?resize=1024%2C768&amp;ssl=1 1024w, https:\/\/i0.wp.com\/folkbat.se\/wordpress\/wp-content\/uploads\/2026\/08\/IMG_2414-scaled.jpg?resize=500%2C375&amp;ssl=1 500w, https:\/\/i0.wp.com\/folkbat.se\/wordpress\/wp-content\/uploads\/2026\/08\/IMG_2414-scaled.jpg?resize=150%2C113&amp;ssl=1 150w, https:\/\/i0.wp.com\/folkbat.se\/wordpress\/wp-content\/uploads\/2026\/08\/IMG_2414-scaled.jpg?resize=768%2C576&amp;ssl=1 768w, https:\/\/i0.wp.com\/folkbat.se\/wordpress\/wp-content\/uploads\/2026\/08\/IMG_2414-scaled.jpg?resize=1536%2C1152&amp;ssl=1 1536w, https:\/\/i0.wp.com\/folkbat.se\/wordpress\/wp-content\/uploads\/2026\/08\/IMG_2414-scaled.jpg?resize=2048%2C1536&amp;ssl=1 2048w, https:\/\/i0.wp.com\/folkbat.se\/wordpress\/wp-content\/uploads\/2026\/08\/IMG_2414-scaled.jpg?w=2337&amp;ssl=1 2337w\" sizes=\"auto, (max-width: 779px) 100vw, 779px\" \/><\/figure>\n\n\n\n<p class=\"wp-block-paragraph\">1255 <em>Selma<\/em> fr\u00e5n Segels\u00e4llskapet Vikingarna med Anders Cederblad, Anders Jalmander och Ola Schwarz var b\u00e4st i det 24 b\u00e5tar starka startf\u00e4ltet av Tibbes minnespokal som avgjordes i fokb\u00e5tsn\u00e4stet Kerteminde i helgen. I ett f\u00e4lt av m\u00e5nga namnkunniga folkb\u00e5tsseglare tog sig <em>Selma<\/em> upp i t\u00e4ten under s\u00f6ndagen. Ytterligare tre svenska b\u00e5tar var p\u00e5 startlinjen.<\/p>\n\n\n\n<p class=\"wp-block-paragraph\">Resultat: <a href=\"https:\/\/www.manage2sail.com\/en-US\/event\/d0921cd1-5dc2-4f95-8012-0843239cf199#!\/results?classId=024fbe13-7146-4e83-ba7a-41f0c03905ee\" data-type=\"link\" data-id=\"https:\/\/www.manage2sail.com\/en-US\/event\/d0921cd1-5dc2-4f95-8012-0843239cf199#!\/results?classId=024fbe13-7146-4e83-ba7a-41f0c03905ee\">https:\/\/www.manage2sail.com\/en-US\/event\/d0921cd1-5dc2-4f95-8012-0843239cf199#!\/results?classId=024fbe13-7146-4e83-ba7a-41f0c03905ee<\/a><\/p>\n\n\n\n<p class=\"wp-block-paragraph\"><\/p>\n","protected":false},"excerpt":{"rendered":"<p>1255 Selma fr\u00e5n Segels\u00e4llskapet Vikingarna med Anders Cederblad, Anders Jalmander och Ola Schwarz var b\u00e4st i det 24 b\u00e5tar starka startf\u00e4ltet av Tibbes minnespokal som avgjordes i fokb\u00e5tsn\u00e4stet Kerteminde i helgen. I ett f\u00e4lt av m\u00e5nga namnkunniga folkb\u00e5tsseglare tog sig&hellip; <a href=\"https:\/\/folkbat.se\/wordpress\/?p=4512\" class=\"apace-readmore-link\"><span class=\"screen-reader-text\">Svensk seger i Tibbes minnespokal<\/span>L\u00e4s mer<\/a><\/p>\n","protected":false},"author":1,"featured_media":4513,"comment_status":"open","ping_status":"open","sticky":false,"template":"","format":"standard","meta":{"_jetpack_newsletter_access":"","_jetpack_dont_email_post_to_subs":false,"_jetpack_newsletter_tier_id":0,"_jetpack_memberships_contains_paywalled_content":false,"_jetpack_feature_clip_id":0,"_jetpack_memberships_contains_paid_content":false,"footnotes":"","jetpack_publicize_message":"","jetpack_publicize_feature_enabled":true,"jetpack_social_post_already_shared":true,"jetpack_social_options":{"image_generator_settings":{"template":"highway","default_image_id":0,"font":"","enabled":false},"version":2},"jetpack_post_was_ever_published":false},"categories":[1],"tags":[],"class_list":["post-4512","post","type-post","status-publish","format-standard","has-post-thumbnail","hentry","category-nyheter"],"jetpack_publicize_connections":[],"jetpack_sharing_enabled":true,"jetpack_shortlink":"https:\/\/wp.me\/p5CsWc-1aM","jetpack-related-posts":[{"id":3746,"url":"https:\/\/folkbat.se\/wordpress\/?p=3746","url_meta":{"origin":4512,"position":0},"title":"Svensk tredjeplats i Guldpokalen","author":"Webbmaster","date":"16 juli 2024","format":false,"excerpt":"1255 Selma (till v\u00e4nster), GBR 808 Isobella (mitten) och DEN 745 Rio (till h\u00f6ger). Foto Karl-Johan Ericsson Under veckan 8\u201312 juli avgjordes Guldpokalen i Halmstad hos Halmstads Segels\u00e4llskap. V\u00e4xlande v\u00e4der och vindar gjorde att sex kappseglingar av de planerade \u00e5tta kunde genomf\u00f6ras. 51 folkb\u00e5tar kom till start varav 18 svenska\u2026","rel":"","context":"I \u201dNyheter\u201d","block_context":{"text":"Nyheter","link":"https:\/\/folkbat.se\/wordpress\/?cat=1"},"img":{"alt_text":"","src":"","width":0,"height":0},"classes":[]},{"id":4264,"url":"https:\/\/folkbat.se\/wordpress\/?p=4264","url_meta":{"origin":4512,"position":1},"title":"Hemmaseger i folkb\u00e5tarnas 60:e svenska m\u00e4sterskap","author":"Webbmaster","date":"15 augusti 2025","format":false,"excerpt":"Ola Schwarz, Anders Jalmander och Anders Cederblad. Foto: Matilda Wallerg\u00e5rd 19 folkb\u00e5tar kappseglade om SM-medaljerna hos Segels\u00e4llskapet Vikingarna p\u00e5 Kalmarsund 7\u20139 augusti i klassens 60:e svenska m\u00e4sterskap och det blev hemmaseger f\u00f6r 1255\u00a0Selma\u00a0med Anders Cederblad, Anders Jalmander och Ola Schwarz.\u00a0Selma\u00a0f\u00e5r nu chansen att f\u00f6rsvara folkb\u00e5tarnas klassm\u00e4rke vid Seglingens m\u00e4stare i\u2026","rel":"","context":"I \u201dKappsegling\u201d","block_context":{"text":"Kappsegling","link":"https:\/\/folkbat.se\/wordpress\/?cat=58"},"img":{"alt_text":"","src":"https:\/\/i0.wp.com\/folkbat.se\/wordpress\/wp-content\/uploads\/2025\/08\/IMG_1416-scaled.jpg?fit=900%2C1200&ssl=1&resize=350%2C200","width":350,"height":200,"srcset":"https:\/\/i0.wp.com\/folkbat.se\/wordpress\/wp-content\/uploads\/2025\/08\/IMG_1416-scaled.jpg?fit=900%2C1200&ssl=1&resize=350%2C200 1x, https:\/\/i0.wp.com\/folkbat.se\/wordpress\/wp-content\/uploads\/2025\/08\/IMG_1416-scaled.jpg?fit=900%2C1200&ssl=1&resize=525%2C300 1.5x, https:\/\/i0.wp.com\/folkbat.se\/wordpress\/wp-content\/uploads\/2025\/08\/IMG_1416-scaled.jpg?fit=900%2C1200&ssl=1&resize=700%2C400 2x"},"classes":[]},{"id":3792,"url":"https:\/\/folkbat.se\/wordpress\/?p=3792","url_meta":{"origin":4512,"position":2},"title":"Selma f\u00f6rsvarar titeln vid SM i Karlsborg","author":"Webbmaster","date":"19 augusti 2024","format":false,"excerpt":"Anders Jalmander, Anders Cederblad och Ola Schwarz, 2024 \u00e5rs svenska m\u00e4stare Efter en lyckad Guldpokal i Halmstad i juli med drygt 50 b\u00e5tar fr\u00e5n Nordeuropa rullade folkb\u00e5tscirkusen vidare till Karlsborg f\u00f6r v\u00e5rt 59:e svenska m\u00e4sterskap, denna g\u00e5ng arrangerat av Carlsborgs Segels\u00e4llskap. Till start kom 15 svenska b\u00e5tar fr\u00e5n Stockholm till\u2026","rel":"","context":"I \u201dKappsegling\u201d","block_context":{"text":"Kappsegling","link":"https:\/\/folkbat.se\/wordpress\/?cat=58"},"img":{"alt_text":"","src":"","width":0,"height":0},"classes":[]},{"id":3415,"url":"https:\/\/folkbat.se\/wordpress\/?p=3415","url_meta":{"origin":4512,"position":3},"title":"Kalmarb\u00e5t svensk m\u00e4stare 2023","author":"Webbmaster","date":"17 augusti 2023","format":false,"excerpt":"Anders Cederblad, som tillsammans med bes\u00e4ttningen Ola Schwarz och Anders Jarlmander i SWE 1255 Selma, blev 2023 \u00e5rs svenska m\u00e4stare i Nordisk folkb\u00e5t. Foto Benny Christensen Det 58:e svenska m\u00e4sterskapet f\u00f6r Nordisk folkb\u00e5t avgjordes 9\u201312 augusti p\u00e5 Lus\u00e4rnafj\u00e4rden vid V\u00e4stervik i regi av Westerviks SS Vikingarna och Westerviks SS. 21\u2026","rel":"","context":"I \u201dNyheter\u201d","block_context":{"text":"Nyheter","link":"https:\/\/folkbat.se\/wordpress\/?cat=1"},"img":{"alt_text":"","src":"https:\/\/i0.wp.com\/folkbat.se\/wordpress\/wp-content\/uploads\/2023\/08\/367116848_6364439436958987_7618336440201722349_n.jpg?fit=900%2C1200&ssl=1&resize=350%2C200","width":350,"height":200,"srcset":"https:\/\/i0.wp.com\/folkbat.se\/wordpress\/wp-content\/uploads\/2023\/08\/367116848_6364439436958987_7618336440201722349_n.jpg?fit=900%2C1200&ssl=1&resize=350%2C200 1x, https:\/\/i0.wp.com\/folkbat.se\/wordpress\/wp-content\/uploads\/2023\/08\/367116848_6364439436958987_7618336440201722349_n.jpg?fit=900%2C1200&ssl=1&resize=525%2C300 1.5x, https:\/\/i0.wp.com\/folkbat.se\/wordpress\/wp-content\/uploads\/2023\/08\/367116848_6364439436958987_7618336440201722349_n.jpg?fit=900%2C1200&ssl=1&resize=700%2C400 2x"},"classes":[]},{"id":3557,"url":"https:\/\/folkbat.se\/wordpress\/?p=3557","url_meta":{"origin":4512,"position":4},"title":"Tibbes minnescup 2024","author":"Webbmaster","date":"24 december 2023","format":false,"excerpt":"Kerteminde Sejlklubb och arrang\u00f6rerna bakom n\u00e4sta \u00e5rs Tibbes minnescup \u00f6nskar alla en god jul och ett gott nytt \u00e5r. F\u00f6rberedelserna \u00e4r i full g\u00e5ng och vi hoppas ses sista helgen i augusti f\u00f6r att fira folkb\u00e5ten Tibbe som blev alla folkb\u00e5tar i glasfiber och s\u00e4krade klassens \u00f6verlevnad. Som ett nytt\u2026","rel":"","context":"I \u201dNyheter\u201d","block_context":{"text":"Nyheter","link":"https:\/\/folkbat.se\/wordpress\/?cat=1"},"img":{"alt_text":"","src":"https:\/\/i0.wp.com\/folkbat.se\/wordpress\/wp-content\/uploads\/2023\/12\/406444519_651907557158081_6909382256380309600_n.jpg?fit=1024%2C768&ssl=1&resize=350%2C200","width":350,"height":200,"srcset":"https:\/\/i0.wp.com\/folkbat.se\/wordpress\/wp-content\/uploads\/2023\/12\/406444519_651907557158081_6909382256380309600_n.jpg?fit=1024%2C768&ssl=1&resize=350%2C200 1x, https:\/\/i0.wp.com\/folkbat.se\/wordpress\/wp-content\/uploads\/2023\/12\/406444519_651907557158081_6909382256380309600_n.jpg?fit=1024%2C768&ssl=1&resize=525%2C300 1.5x, https:\/\/i0.wp.com\/folkbat.se\/wordpress\/wp-content\/uploads\/2023\/12\/406444519_651907557158081_6909382256380309600_n.jpg?fit=1024%2C768&ssl=1&resize=700%2C400 2x"},"classes":[]},{"id":3484,"url":"https:\/\/folkbat.se\/wordpress\/?p=3484","url_meta":{"origin":4512,"position":5},"title":"17:e plats till Folkb\u00e5tslaget vid Seglingens m\u00e4stare","author":"Webbmaster","date":"8 oktober 2023","format":false,"excerpt":"Med bland annat en spik i den femte seglingen och en andraplats tog Folkb\u00e5tslaget en 17:e plats i \u00e5rets Seglingens m\u00e4stare. T\u00e4vlingarna, d\u00e4r alla svenska m\u00e4stare har bjudits in, h\u00f6lls vid Marstrand 7\u20138 oktober. Svenskar m\u00e4starbes\u00e4ttningen fr\u00e5n V\u00e4stervik i augusti, 1255 Selma, Anders Cederblad, Anders Jalmander och Ola Schwarz kompletterades\u2026","rel":"","context":"I \u201dNyheter\u201d","block_context":{"text":"Nyheter","link":"https:\/\/folkbat.se\/wordpress\/?cat=1"},"img":{"alt_text":"","src":"https:\/\/i0.wp.com\/folkbat.se\/wordpress\/wp-content\/uploads\/2023\/10\/387200547_10211510881283127_6351576763612466672_n.jpg?fit=1200%2C900&ssl=1&resize=350%2C200","width":350,"height":200,"srcset":"https:\/\/i0.wp.com\/folkbat.se\/wordpress\/wp-content\/uploads\/2023\/10\/387200547_10211510881283127_6351576763612466672_n.jpg?fit=1200%2C900&ssl=1&resize=350%2C200 1x, https:\/\/i0.wp.com\/folkbat.se\/wordpress\/wp-content\/uploads\/2023\/10\/387200547_10211510881283127_6351576763612466672_n.jpg?fit=1200%2C900&ssl=1&resize=525%2C300 1.5x, https:\/\/i0.wp.com\/folkbat.se\/wordpress\/wp-content\/uploads\/2023\/10\/387200547_10211510881283127_6351576763612466672_n.jpg?fit=1200%2C900&ssl=1&resize=700%2C400 2x, https:\/\/i0.wp.com\/folkbat.se\/wordpress\/wp-content\/uploads\/2023\/10\/387200547_10211510881283127_6351576763612466672_n.jpg?fit=1200%2C900&ssl=1&resize=1050%2C600 3x"},"classes":[]}],"jetpack_featured_media_url":"https:\/\/i0.wp.com\/folkbat.se\/wordpress\/wp-content\/uploads\/2026\/08\/IMG_2414-scaled.jpg?fit=2560%2C1920&ssl=1","_links":{"self":[{"href":"https:\/\/folkbat.se\/wordpress\/index.php?rest_route=\/wp\/v2\/posts\/4512","targetHints":{"allow":["GET"]}}],"collection":[{"href":"https:\/\/folkbat.se\/wordpress\/index.php?rest_route=\/wp\/v2\/posts"}],"about":[{"href":"https:\/\/folkbat.se\/wordpress\/index.php?rest_route=\/wp\/v2\/types\/post"}],"author":[{"embeddable":true,"href":"https:\/\/folkbat.se\/wordpress\/index.php?rest_route=\/wp\/v2\/users\/1"}],"replies":[{"embeddable":true,"href":"https:\/\/folkbat.se\/wordpress\/index.php?rest_route=%2Fwp%2Fv2%2Fcomments&post=4512"}],"version-history":[{"count":1,"href":"https:\/\/folkbat.se\/wordpress\/index.php?rest_route=\/wp\/v2\/posts\/4512\/revisions"}],"predecessor-version":[{"id":4514,"href":"https:\/\/folkbat.se\/wordpress\/index.php?rest_route=\/wp\/v2\/posts\/4512\/revisions\/4514"}],"wp:featuredmedia":[{"embeddable":true,"href":"https:\/\/folkbat.se\/wordpress\/index.php?rest_route=\/wp\/v2\/media\/4513"}],"wp:attachment":[{"href":"https:\/\/folkbat.se\/wordpress\/index.php?rest_route=%2Fwp%2Fv2%2Fmedia&parent=4512"}],"wp:term":[{"taxonomy":"category","embeddable":true,"href":"https:\/\/folkbat.se\/wordpress\/index.php?rest_route=%2Fwp%2Fv2%2Fcategories&post=4512"},{"taxonomy":"post_tag","embeddable":true,"href":"https:\/\/folkbat.se\/wordpress\/index.php?rest_route=%2Fwp%2Fv2%2Ftags&post=4512"}],"curies":[{"name":"wp","href":"https:\/\/api.w.org\/{rel}","templated":true}]}}