{"id":4524,"date":"2026-09-03T09:37:22","date_gmt":"2026-09-03T07:37:22","guid":{"rendered":"https:\/\/folkbat.se\/wordpress\/?p=4524"},"modified":"2026-09-03T15:27:18","modified_gmt":"2026-09-03T13:27:18","slug":"folkbatsborsen-swe-1312-saljes-2","status":"publish","type":"post","link":"https:\/\/folkbat.se\/wordpress\/?p=4524","title":{"rendered":"Folkb\u00e5tsb\u00f6rsen: SWE 1312 s\u00e4ljes"},"content":{"rendered":"\n<figure class=\"wp-block-image size-large\"><img data-recalc-dims=\"1\" loading=\"lazy\" decoding=\"async\" width=\"576\" height=\"768\" data-attachment-id=\"4526\" data-permalink=\"https:\/\/folkbat.se\/wordpress\/?attachment_id=4526\" data-orig-file=\"https:\/\/i0.wp.com\/folkbat.se\/wordpress\/wp-content\/uploads\/2026\/09\/Unknown-20-rotated.jpeg?fit=1512%2C2016&amp;ssl=1\" data-orig-size=\"1512,2016\" data-comments-opened=\"1\" data-image-meta=\"{&quot;aperture&quot;:&quot;0&quot;,&quot;credit&quot;:&quot;&quot;,&quot;camera&quot;:&quot;&quot;,&quot;caption&quot;:&quot;&quot;,&quot;created_timestamp&quot;:&quot;0&quot;,&quot;copyright&quot;:&quot;&quot;,&quot;focal_length&quot;:&quot;0&quot;,&quot;iso&quot;:&quot;0&quot;,&quot;shutter_speed&quot;:&quot;0&quot;,&quot;title&quot;:&quot;&quot;,&quot;orientation&quot;:&quot;1&quot;,&quot;alt&quot;:&quot;&quot;}\" data-image-title=\"Unknown-20\" data-image-description=\"\" data-image-caption=\"\" data-large-file=\"https:\/\/i0.wp.com\/folkbat.se\/wordpress\/wp-content\/uploads\/2026\/09\/Unknown-20-rotated.jpeg?fit=576%2C768&amp;ssl=1\" src=\"https:\/\/i0.wp.com\/folkbat.se\/wordpress\/wp-content\/uploads\/2026\/09\/Unknown-20.jpeg?resize=576%2C768&#038;ssl=1\" alt=\"\" class=\"wp-image-4526\" srcset=\"https:\/\/i0.wp.com\/folkbat.se\/wordpress\/wp-content\/uploads\/2026\/09\/Unknown-20-rotated.jpeg?resize=576%2C768&amp;ssl=1 576w, https:\/\/i0.wp.com\/folkbat.se\/wordpress\/wp-content\/uploads\/2026\/09\/Unknown-20-rotated.jpeg?resize=375%2C500&amp;ssl=1 375w, https:\/\/i0.wp.com\/folkbat.se\/wordpress\/wp-content\/uploads\/2026\/09\/Unknown-20-rotated.jpeg?resize=113%2C150&amp;ssl=1 113w, https:\/\/i0.wp.com\/folkbat.se\/wordpress\/wp-content\/uploads\/2026\/09\/Unknown-20-rotated.jpeg?resize=768%2C1024&amp;ssl=1 768w, https:\/\/i0.wp.com\/folkbat.se\/wordpress\/wp-content\/uploads\/2026\/09\/Unknown-20-rotated.jpeg?resize=1152%2C1536&amp;ssl=1 1152w, https:\/\/i0.wp.com\/folkbat.se\/wordpress\/wp-content\/uploads\/2026\/09\/Unknown-20-rotated.jpeg?w=1512&amp;ssl=1 1512w\" sizes=\"auto, (max-width: 576px) 100vw, 576px\" \/><\/figure>\n\n\n\n<p class=\"wp-block-paragraph\">B\u00e5ten \u00e4r byggt 1978 av Lysekils Plastprodukter, tillverkningsnummer 15. Skrov vitt och d\u00e4ck ljust gr\u00e5bl\u00e5tt (m\u00e5lat 2021).<\/p>\n\n\n\n<p class=\"wp-block-paragraph\">B\u00e5ten fick ny rigg i aluminium fr\u00e5n Benns Mast samt nytt krysst\u00e4ll fr\u00e5n Gransegel 2020 (seglat v\u00e4ldigt lite senaste tre \u00e5ren). Monterades \u00e4ven in en f\u00f6rpikslucka samt nytt motorf\u00e4ste (gamla traditionella motorf\u00e4stet finns kvar om man vill ha).<\/p>\n\n\n\n<p class=\"wp-block-paragraph\">\u00d6vrig utrustning:<br>Spinackerbom\/spirbom<br>Paddel<br>Ny dragg<br>Windex<br>Motor Yamaha 4 hk fr\u00e5n 2011 med tank. Fungerar bra och var p\u00e5 vinterservice 2021. Har sedan dess k\u00f6rts v\u00e4ldigt lite.<br>Bensintank<br>GPS<br>Spritk\u00f6k Origo<br>Verktygsl\u00e5da med div. verktyg och tillbeh\u00f6r (inneh\u00e5ller \u00e4ven DYVIKEN)<br>Fendrar<br>Bergskilar<br>Div tampar\u00a0<br>Badlejd byggd av tidigare \u00e4gare. Fungerar bra.<br>Nytt bomkapell<br>Sittbrunnskapell, nytv\u00e4ttat, impregnerat och \u00f6versyn av s\u00f6mmarna.<br>Supstuga<br>12 V batteri f\u00f6r GPS samt mobilladdare<br>L\u00f6sa lanternor f\u00f6r tillf\u00e4llig montering<br>N\u00f6draketer<br>S\u00e4kerhetslina<br>Diskbaljor och torkst\u00e4ll<br>Pentryutrustning (tallrikar, glas, koppar, bestick, knivar, kastrull, stekpanna, drukslag mm)<br>B\u00e5tshake<br>Brandsl\u00e4ckare<br>T\u00e4ckst\u00e4llning f\u00f6r vinterf\u00f6rvarning<\/p>\n\n\n\n<p class=\"wp-block-paragraph\">B\u00e5ten ligger vid Bulland\u00f6 Marina. Upptagning bokad andra veckan i oktober.<\/p>\n\n\n\n<p class=\"wp-block-paragraph\">H\u00d6STPRIS 85.000!<\/p>\n\n\n\n<p class=\"wp-block-paragraph\">Anna Wik Wallin<br>070 753 61 44<\/p>\n\n\n\n<figure class=\"wp-block-image size-large\"><img data-recalc-dims=\"1\" loading=\"lazy\" decoding=\"async\" width=\"576\" height=\"768\" data-attachment-id=\"4525\" data-permalink=\"https:\/\/folkbat.se\/wordpress\/?attachment_id=4525\" data-orig-file=\"https:\/\/i0.wp.com\/folkbat.se\/wordpress\/wp-content\/uploads\/2026\/09\/Nymalat-dack-rotated.jpeg?fit=1512%2C2016&amp;ssl=1\" data-orig-size=\"1512,2016\" data-comments-opened=\"1\" data-image-meta=\"{&quot;aperture&quot;:&quot;0&quot;,&quot;credit&quot;:&quot;&quot;,&quot;camera&quot;:&quot;&quot;,&quot;caption&quot;:&quot;&quot;,&quot;created_timestamp&quot;:&quot;0&quot;,&quot;copyright&quot;:&quot;&quot;,&quot;focal_length&quot;:&quot;0&quot;,&quot;iso&quot;:&quot;0&quot;,&quot;shutter_speed&quot;:&quot;0&quot;,&quot;title&quot;:&quot;&quot;,&quot;orientation&quot;:&quot;1&quot;,&quot;alt&quot;:&quot;&quot;}\" data-image-title=\"Nym\u00e5lat d\u00e4ck\" data-image-description=\"\" data-image-caption=\"\" data-large-file=\"https:\/\/i0.wp.com\/folkbat.se\/wordpress\/wp-content\/uploads\/2026\/09\/Nymalat-dack-rotated.jpeg?fit=576%2C768&amp;ssl=1\" src=\"https:\/\/i0.wp.com\/folkbat.se\/wordpress\/wp-content\/uploads\/2026\/09\/Nymalat-dack.jpeg?resize=576%2C768&#038;ssl=1\" alt=\"\" class=\"wp-image-4525\" srcset=\"https:\/\/i0.wp.com\/folkbat.se\/wordpress\/wp-content\/uploads\/2026\/09\/Nymalat-dack-rotated.jpeg?resize=576%2C768&amp;ssl=1 576w, https:\/\/i0.wp.com\/folkbat.se\/wordpress\/wp-content\/uploads\/2026\/09\/Nymalat-dack-rotated.jpeg?resize=375%2C500&amp;ssl=1 375w, https:\/\/i0.wp.com\/folkbat.se\/wordpress\/wp-content\/uploads\/2026\/09\/Nymalat-dack-rotated.jpeg?resize=113%2C150&amp;ssl=1 113w, https:\/\/i0.wp.com\/folkbat.se\/wordpress\/wp-content\/uploads\/2026\/09\/Nymalat-dack-rotated.jpeg?resize=768%2C1024&amp;ssl=1 768w, https:\/\/i0.wp.com\/folkbat.se\/wordpress\/wp-content\/uploads\/2026\/09\/Nymalat-dack-rotated.jpeg?resize=1152%2C1536&amp;ssl=1 1152w, https:\/\/i0.wp.com\/folkbat.se\/wordpress\/wp-content\/uploads\/2026\/09\/Nymalat-dack-rotated.jpeg?w=1512&amp;ssl=1 1512w\" sizes=\"auto, (max-width: 576px) 100vw, 576px\" \/><\/figure>\n","protected":false},"excerpt":{"rendered":"<p>B\u00e5ten \u00e4r byggt 1978 av Lysekils Plastprodukter, tillverkningsnummer 15. Skrov vitt och d\u00e4ck ljust gr\u00e5bl\u00e5tt (m\u00e5lat 2021). B\u00e5ten fick ny rigg i aluminium fr\u00e5n Benns Mast samt nytt krysst\u00e4ll fr\u00e5n Gransegel 2020 (seglat v\u00e4ldigt lite senaste tre \u00e5ren). Monterades \u00e4ven&hellip; <a href=\"https:\/\/folkbat.se\/wordpress\/?p=4524\" class=\"apace-readmore-link\"><span class=\"screen-reader-text\">Folkb\u00e5tsb\u00f6rsen: SWE 1312 s\u00e4ljes<\/span>L\u00e4s mer<\/a><\/p>\n","protected":false},"author":1,"featured_media":4526,"comment_status":"open","ping_status":"open","sticky":false,"template":"","format":"standard","meta":{"_jetpack_newsletter_access":"","_jetpack_dont_email_post_to_subs":false,"_jetpack_newsletter_tier_id":0,"_jetpack_memberships_contains_paywalled_content":false,"_jetpack_feature_clip_id":0,"_jetpack_memberships_contains_paid_content":false,"footnotes":"","jetpack_publicize_message":"Folkb\u00e5tsb\u00f6rsen: SWE 1312 s\u00e4ljes\n\nB\u00e5ten \u00e4r byggt 1978 av Lysekils Plastprodukter, tillverkningsnummer 15. Skrov vitt och d\u00e4ck ljust gr\u00e5bl\u00e5tt (m\u00e5lat 2021). B\u00e5ten fick ny rigg i aluminium fr\u00e5n Benns Mast samt nytt krysst\u00e4ll fr\u00e5n Gransegel 2020 (seglat v\u00e4ldigt lite senaste tre \u00e5ren). Monterades \u00e4ven in en f\u00f6rpikslucka samt nytt motorf\u00e4ste (gamla traditionella motorf\u00e4stet finns kvar om man vill ha). \u00d6vrig utrustning:Spinackerbom\/spirbomPaddelNy draggWindexMotor Yamaha 4 hk fr\u00e5n 2011 med tank. Fungerar bra och var p\u00e5 vinterservice 2021. Har sedan dess k\u00f6rts v\u00e4ldigt lite.BensintankGPSSpritk\u00f6k OrigoVerktygsl\u00e5da med div verktyg och tillbeh\u00f6r (inneh\u00e5ller \u00e4ven DYVIKEN)FendrarBergskilarDiv tampar Badlejd byggd av tidigare \u00e4gare. Fungerar bra.Nytt bomkapellSittbrunnskapell, nytv\u00e4ttat, impregnerat och \u00f6versyn av s\u00f6mmarna.Supstuga12 V batteri f\u00f6r GPS samt mobilladdareL\u00f6sa lanternor f\u00f6r tillf\u00e4llig monteringN\u00f6draketerS\u00e4kerhetslinaDiskbaljor och torkst\u00e4llPentryutrustning (tallrikar, glas, koppar, bestick, knivar, kastrull, stekpanna, drukslag mm)B\u00e5tshakeBrandsl\u00e4ckareT\u00e4ckst\u00e4llning f\u00f6r vinterf\u00f6rvarning B\u00e5ten ligger vid Bulland\u00f6 Marina. Upptagning bokad andra veckan i oktober. ","jetpack_publicize_feature_enabled":true,"jetpack_social_post_already_shared":false,"jetpack_social_options":{"image_generator_settings":{"template":"highway","default_image_id":0,"font":"","enabled":false},"version":2},"jetpack_post_was_ever_published":false},"categories":[6,60],"tags":[],"class_list":["post-4524","post","type-post","status-publish","format-standard","has-post-thumbnail","hentry","category-folkbatsborsen","category-grp-batar-saljes"],"jetpack_publicize_connections":[],"jetpack_sharing_enabled":true,"jetpack_shortlink":"https:\/\/wp.me\/p5CsWc-1aY","jetpack-related-posts":[{"id":4410,"url":"https:\/\/folkbat.se\/wordpress\/?p=4410","url_meta":{"origin":4524,"position":0},"title":"Folkb\u00e5tsb\u00f6rsen: SWE 1271 s\u00e4ljes","author":"Webbmaster","date":"11 mars 2026","format":false,"excerpt":"Nordisk folkb\u00e5t 1271 s\u00e4ljes S\u00e4ljer nu p\u00e5 grund av sjukdom min folkb\u00e5t som jag haft sedan 1987. Den har b\u00e5de kappseglats och semesterseglats. B\u00e5ten byggdes av Folkeb\u00e5descentralen 1978 i glasfiber. B\u00e5ten har aluminiumrigg (Benns) och ett stort antal segel finns b\u00e5de f\u00f6r semestersegling och kappsegling. Storsegel finns b\u00e5de med travare\u2026","rel":"","context":"I \u201dFolkb\u00e5tsb\u00f6rsen\u201d","block_context":{"text":"Folkb\u00e5tsb\u00f6rsen","link":"https:\/\/folkbat.se\/wordpress\/?cat=6"},"img":{"alt_text":"","src":"https:\/\/i0.wp.com\/folkbat.se\/wordpress\/wp-content\/uploads\/2026\/03\/image001.jpg?fit=1200%2C650&ssl=1&resize=350%2C200","width":350,"height":200,"srcset":"https:\/\/i0.wp.com\/folkbat.se\/wordpress\/wp-content\/uploads\/2026\/03\/image001.jpg?fit=1200%2C650&ssl=1&resize=350%2C200 1x, https:\/\/i0.wp.com\/folkbat.se\/wordpress\/wp-content\/uploads\/2026\/03\/image001.jpg?fit=1200%2C650&ssl=1&resize=525%2C300 1.5x, https:\/\/i0.wp.com\/folkbat.se\/wordpress\/wp-content\/uploads\/2026\/03\/image001.jpg?fit=1200%2C650&ssl=1&resize=700%2C400 2x, https:\/\/i0.wp.com\/folkbat.se\/wordpress\/wp-content\/uploads\/2026\/03\/image001.jpg?fit=1200%2C650&ssl=1&resize=1050%2C600 3x"},"classes":[]},{"id":4278,"url":"https:\/\/folkbat.se\/wordpress\/?p=4278","url_meta":{"origin":4524,"position":1},"title":"Folkb\u00e5tsb\u00f6rsen: SWE 1277 s\u00e4ljes","author":"Webbmaster","date":"30 augusti 2025","format":false,"excerpt":"Folkb\u00e5t SWE 1277 till salu. Byggd 1978 av Lysekils plast. Mycket fin med nyare tr\u00e4rigg, nytt roder och nya roderbeslag och alla trimtampar neddragna till rufftaket. Mycket utrustning, ring f\u00f6r mer info. Finns p\u00e5 v\u00e4stkusten, Tj\u00f6rn. Pris 110.000. Curt Andersson0709496671","rel":"","context":"I \u201dFolkb\u00e5tsb\u00f6rsen\u201d","block_context":{"text":"Folkb\u00e5tsb\u00f6rsen","link":"https:\/\/folkbat.se\/wordpress\/?cat=6"},"img":{"alt_text":"","src":"https:\/\/i0.wp.com\/folkbat.se\/wordpress\/wp-content\/uploads\/2025\/08\/1000011424-scaled.jpg?fit=1200%2C900&ssl=1&resize=350%2C200","width":350,"height":200,"srcset":"https:\/\/i0.wp.com\/folkbat.se\/wordpress\/wp-content\/uploads\/2025\/08\/1000011424-scaled.jpg?fit=1200%2C900&ssl=1&resize=350%2C200 1x, https:\/\/i0.wp.com\/folkbat.se\/wordpress\/wp-content\/uploads\/2025\/08\/1000011424-scaled.jpg?fit=1200%2C900&ssl=1&resize=525%2C300 1.5x, https:\/\/i0.wp.com\/folkbat.se\/wordpress\/wp-content\/uploads\/2025\/08\/1000011424-scaled.jpg?fit=1200%2C900&ssl=1&resize=700%2C400 2x, https:\/\/i0.wp.com\/folkbat.se\/wordpress\/wp-content\/uploads\/2025\/08\/1000011424-scaled.jpg?fit=1200%2C900&ssl=1&resize=1050%2C600 3x"},"classes":[]},{"id":4181,"url":"https:\/\/folkbat.se\/wordpress\/?p=4181","url_meta":{"origin":4524,"position":2},"title":"Folkb\u00e5tsb\u00f6rsen: Roder k\u00f6pes","author":"Webbmaster","date":"27 maj 2025","format":false,"excerpt":"Min b\u00e5t beh\u00f6ver ett \u201dnytt\u201d roder i n\u00e5gorlunda skick. N\u00e5gon som har? \/Anna 070 753 61 44","rel":"","context":"I \u201dFolkb\u00e5tsb\u00f6rsen\u201d","block_context":{"text":"Folkb\u00e5tsb\u00f6rsen","link":"https:\/\/folkbat.se\/wordpress\/?cat=6"},"img":{"alt_text":"","src":"","width":0,"height":0},"classes":[]},{"id":4458,"url":"https:\/\/folkbat.se\/wordpress\/?p=4458","url_meta":{"origin":4524,"position":3},"title":"Folkb\u00e5tsb\u00f6rsen: FIN 392 s\u00e4ljes","author":"Webbmaster","date":"30 april 2026","format":false,"excerpt":"Folkeb\u00e5dcentralen 1992 FIN 392 for sale in Finland Price is reduced down to 12000 Euros. Nettivene link: https:\/\/www.nettivene.com\/purjevene\/folkboat\/1027347 Niko Nuotionuotioniko@gmail.com","rel":"","context":"I \u201dFolkb\u00e5tsb\u00f6rsen\u201d","block_context":{"text":"Folkb\u00e5tsb\u00f6rsen","link":"https:\/\/folkbat.se\/wordpress\/?cat=6"},"img":{"alt_text":"","src":"","width":0,"height":0},"classes":[]},{"id":4391,"url":"https:\/\/folkbat.se\/wordpress\/?p=4391","url_meta":{"origin":4524,"position":4},"title":"Folkb\u00e5tsb\u00f6rsen: Segel s\u00e4ljes","author":"Webbmaster","date":"1 mars 2026","format":false,"excerpt":"Ett helt nytt st\u00e4ll Gran segel f\u00f6r 18 000:- \u00e4r nu till salu.Det g\u00e5r \u00e4ven bra att k\u00f6pa bara storseglet f\u00f6r 13\u00a0000:- eller focken f\u00f6r 6500:- Pontus Johnsson073-9601896pontus@tpverktyg.se","rel":"","context":"I \u201dFolkb\u00e5tsb\u00f6rsen\u201d","block_context":{"text":"Folkb\u00e5tsb\u00f6rsen","link":"https:\/\/folkbat.se\/wordpress\/?cat=6"},"img":{"alt_text":"","src":"","width":0,"height":0},"classes":[]},{"id":3746,"url":"https:\/\/folkbat.se\/wordpress\/?p=3746","url_meta":{"origin":4524,"position":5},"title":"Svensk tredjeplats i Guldpokalen","author":"Webbmaster","date":"16 juli 2024","format":false,"excerpt":"1255 Selma (till v\u00e4nster), GBR 808 Isobella (mitten) och DEN 745 Rio (till h\u00f6ger). Foto Karl-Johan Ericsson Under veckan 8\u201312 juli avgjordes Guldpokalen i Halmstad hos Halmstads Segels\u00e4llskap. V\u00e4xlande v\u00e4der och vindar gjorde att sex kappseglingar av de planerade \u00e5tta kunde genomf\u00f6ras. 51 folkb\u00e5tar kom till start varav 18 svenska\u2026","rel":"","context":"I \u201dNyheter\u201d","block_context":{"text":"Nyheter","link":"https:\/\/folkbat.se\/wordpress\/?cat=1"},"img":{"alt_text":"","src":"","width":0,"height":0},"classes":[]}],"jetpack_featured_media_url":"https:\/\/i0.wp.com\/folkbat.se\/wordpress\/wp-content\/uploads\/2026\/09\/Unknown-20-rotated.jpeg?fit=1512%2C2016&ssl=1","_links":{"self":[{"href":"https:\/\/folkbat.se\/wordpress\/index.php?rest_route=\/wp\/v2\/posts\/4524","targetHints":{"allow":["GET"]}}],"collection":[{"href":"https:\/\/folkbat.se\/wordpress\/index.php?rest_route=\/wp\/v2\/posts"}],"about":[{"href":"https:\/\/folkbat.se\/wordpress\/index.php?rest_route=\/wp\/v2\/types\/post"}],"author":[{"embeddable":true,"href":"https:\/\/folkbat.se\/wordpress\/index.php?rest_route=\/wp\/v2\/users\/1"}],"replies":[{"embeddable":true,"href":"https:\/\/folkbat.se\/wordpress\/index.php?rest_route=%2Fwp%2Fv2%2Fcomments&post=4524"}],"version-history":[{"count":2,"href":"https:\/\/folkbat.se\/wordpress\/index.php?rest_route=\/wp\/v2\/posts\/4524\/revisions"}],"predecessor-version":[{"id":4533,"href":"https:\/\/folkbat.se\/wordpress\/index.php?rest_route=\/wp\/v2\/posts\/4524\/revisions\/4533"}],"wp:featuredmedia":[{"embeddable":true,"href":"https:\/\/folkbat.se\/wordpress\/index.php?rest_route=\/wp\/v2\/media\/4526"}],"wp:attachment":[{"href":"https:\/\/folkbat.se\/wordpress\/index.php?rest_route=%2Fwp%2Fv2%2Fmedia&parent=4524"}],"wp:term":[{"taxonomy":"category","embeddable":true,"href":"https:\/\/folkbat.se\/wordpress\/index.php?rest_route=%2Fwp%2Fv2%2Fcategories&post=4524"},{"taxonomy":"post_tag","embeddable":true,"href":"https:\/\/folkbat.se\/wordpress\/index.php?rest_route=%2Fwp%2Fv2%2Ftags&post=4524"}],"curies":[{"name":"wp","href":"https:\/\/api.w.org\/{rel}","templated":true}]}}