{"id":491,"date":"2015-08-05T19:35:21","date_gmt":"2015-08-05T17:35:21","guid":{"rendered":"http:\/\/folkbat.se\/wordpress\/?p=491"},"modified":"2015-08-31T14:09:58","modified_gmt":"2015-08-31T12:09:58","slug":"hashtagga-folkbat","status":"publish","type":"post","link":"https:\/\/folkbat.se\/wordpress\/?p=491","title":{"rendered":"Hashtagga #folkb\u00e5t!"},"content":{"rendered":"<p>Nu \u00e4r det m\u00f6jligt att dela med sig av sina folkb\u00e5tsbildminnen fr\u00e5n semestern, kappseglingarna, v\u00e5rrustningen eller renoveringsarbetena p\u00e5 Folkb\u00e5tsf\u00f6rbundets hemsida. Bilder som hashtaggas #folkb\u00e5t p\u00e5 instagram visas p\u00e5 hemsidan till h\u00f6ger om nyheterna.<\/p>\n","protected":false},"excerpt":{"rendered":"<p>Nu \u00e4r det m\u00f6jligt att dela med sig av sina folkb\u00e5tsbildminnen fr\u00e5n semestern, kappseglingarna, v\u00e5rrustningen eller renoveringsarbetena p\u00e5 Folkb\u00e5tsf\u00f6rbundets hemsida. Bilder som hashtaggas #folkb\u00e5t p\u00e5 instagram visas p\u00e5 hemsidan till h\u00f6ger om nyheterna.<\/p>\n","protected":false},"author":1,"featured_media":0,"comment_status":"open","ping_status":"open","sticky":false,"template":"","format":"standard","meta":{"jetpack_post_was_ever_published":false,"_jetpack_newsletter_access":"","_jetpack_dont_email_post_to_subs":false,"_jetpack_newsletter_tier_id":0,"_jetpack_memberships_contains_paywalled_content":false,"_jetpack_memberships_contains_paid_content":false,"footnotes":"","jetpack_publicize_message":"","jetpack_publicize_feature_enabled":true,"jetpack_social_post_already_shared":true,"jetpack_social_options":{"image_generator_settings":{"template":"highway","default_image_id":0,"font":"","enabled":false},"version":2}},"categories":[1],"tags":[39,38,9,23],"class_list":["post-491","post","type-post","status-publish","format-standard","hentry","category-nyheter","tag-folkbat","tag-instagram","tag-kappsegling","tag-tursegling"],"jetpack_publicize_connections":[],"jetpack_featured_media_url":"","jetpack_sharing_enabled":true,"jetpack_shortlink":"https:\/\/wp.me\/p5CsWc-7V","jetpack-related-posts":[{"id":3333,"url":"https:\/\/folkbat.se\/wordpress\/?p=3333","url_meta":{"origin":491,"position":0},"title":"Nu finns inbjudan och anm\u00e4lan till SM","author":"Webbmaster","date":"18 april 2023","format":false,"excerpt":"Hemsidan f\u00f6r SM i V\u00e4stervik har \u00f6ppnat och inbjudan och anm\u00e4lan finns nu p\u00e5 smregatta.se!","rel":"","context":"I \u201dKappsegling\u201d","block_context":{"text":"Kappsegling","link":"https:\/\/folkbat.se\/wordpress\/?cat=58"},"img":{"alt_text":"","src":"https:\/\/i0.wp.com\/folkbat.se\/wordpress\/wp-content\/uploads\/2022\/09\/sm23.png?fit=1080%2C1080&ssl=1&resize=350%2C200","width":350,"height":200,"srcset":"https:\/\/i0.wp.com\/folkbat.se\/wordpress\/wp-content\/uploads\/2022\/09\/sm23.png?fit=1080%2C1080&ssl=1&resize=350%2C200 1x, https:\/\/i0.wp.com\/folkbat.se\/wordpress\/wp-content\/uploads\/2022\/09\/sm23.png?fit=1080%2C1080&ssl=1&resize=525%2C300 1.5x, https:\/\/i0.wp.com\/folkbat.se\/wordpress\/wp-content\/uploads\/2022\/09\/sm23.png?fit=1080%2C1080&ssl=1&resize=700%2C400 2x, https:\/\/i0.wp.com\/folkbat.se\/wordpress\/wp-content\/uploads\/2022\/09\/sm23.png?fit=1080%2C1080&ssl=1&resize=1050%2C600 3x"},"classes":[]},{"id":2573,"url":"https:\/\/folkbat.se\/wordpress\/?p=2573","url_meta":{"origin":491,"position":1},"title":"Dags f\u00f6r SM i Stenungsund","author":"Webbmaster","date":"12 augusti 2021","format":false,"excerpt":"Imorgon drar \u00e5rets SM i Folkb\u00e5t ig\u00e5ng i Stenungsund. Under dagens tr\u00e4ningssegling var SWE 1390, Lennart Magnusson med bes\u00e4ttning, snabbast. Resultatet hittar ni h\u00e4r. Resultat kommer att publiceras l\u00f6pande p\u00e5 SM-sidan p\u00e5 sailarena.","rel":"","context":"I \u201dKappsegling\u201d","block_context":{"text":"Kappsegling","link":"https:\/\/folkbat.se\/wordpress\/?cat=58"},"img":{"alt_text":"","src":"","width":0,"height":0},"classes":[]},{"id":2561,"url":"https:\/\/folkbat.se\/wordpress\/?p=2561","url_meta":{"origin":491,"position":2},"title":"SM 2021 \u2013 Inbjudan och anm\u00e4lan","author":"Webbmaster","date":"30 juni 2021","format":false,"excerpt":"Nu finns inbjudan till SM samt m\u00f6jlighet att anm\u00e4la sig p\u00e5 sailarena. Stenungsunds Segels\u00e4llskap och Svenska Folkb\u00e5tsf\u00f6rbundet h\u00e4lsar alla folkb\u00e5tsseglare hj\u00e4rtligt v\u00e4lkomna. SM-sidan finns p\u00e5 https:\/\/www.sailarena.com\/sv\/se\/club\/stss\/sm-folkbat-och-riksmasterskap-iod-2021\/","rel":"","context":"I \u201dKappsegling\u201d","block_context":{"text":"Kappsegling","link":"https:\/\/folkbat.se\/wordpress\/?cat=58"},"img":{"alt_text":"","src":"https:\/\/i0.wp.com\/folkbat.se\/wordpress\/wp-content\/uploads\/2021\/02\/SM-Folkbat-o-IOD-2021-543x768.jpg?resize=350%2C200","width":350,"height":200},"classes":[]},{"id":2495,"url":"https:\/\/folkbat.se\/wordpress\/?p=2495","url_meta":{"origin":491,"position":3},"title":"SM 2021","author":"Webbmaster","date":"4 juni 2021","format":false,"excerpt":"I f\u00f6rra veckan meddelades det att de planerade f\u00f6r\u00e4ndringarna i restriktioner och rekommendationer blir verklighet, vilket inneb\u00e4r att det fr\u00e5n och med 1 juni blev till\u00e5tet att arrangera t\u00e4vlingar i uteidrotter med upp till 150 deltagare. Med sommarens folkb\u00e5tsseglingar i \u00e5tanke \u00e4r det naturligtvis en positiv nyhet och \u00e5rets svenska\u2026","rel":"","context":"I \u201dKappsegling\u201d","block_context":{"text":"Kappsegling","link":"https:\/\/folkbat.se\/wordpress\/?cat=58"},"img":{"alt_text":"","src":"https:\/\/i0.wp.com\/folkbat.se\/wordpress\/wp-content\/uploads\/2021\/02\/SM-Folkbat-o-IOD-2021-543x768.jpg?resize=350%2C200","width":350,"height":200},"classes":[]},{"id":639,"url":"https:\/\/folkbat.se\/wordpress\/?p=639","url_meta":{"origin":491,"position":4},"title":"Klassregler ny\u00f6versatta","author":"Webbmaster","date":"31 augusti 2015","format":false,"excerpt":"Nu finns de nuvarande klassreglerna \u00f6versatta p\u00e5 Folkb\u00e5tsf\u00f6rbundets hemsida. I den senate uppdateringen, 1 april 2015, klargjordes att utrustning som till exempel rorsmans s\u00e4te ska vara p\u00e5 sin normala plats under kappsegling. De mest uppdaterade reglerna finns alltid p\u00e5 NFIA:s hemsida i engelsk version. Klassreglerna finns h\u00e4r.","rel":"","context":"I \u201dNyheter\u201d","block_context":{"text":"Nyheter","link":"https:\/\/folkbat.se\/wordpress\/?cat=1"},"img":{"alt_text":"","src":"","width":0,"height":0},"classes":[]},{"id":2387,"url":"https:\/\/folkbat.se\/wordpress\/?p=2387","url_meta":{"origin":491,"position":5},"title":"Guldpokalen 2023 till Sverige","author":"Webbmaster","date":"6 april 2021","format":false,"excerpt":"Nordic Folkboat International Association (NFIA) har beslutat att tilldela Sverige 2023 \u00e5rs Guldpokal. Tanken \u00e4r att f\u00f6rl\u00e4gga seglingarna p\u00e5 v\u00e4stkusten. F\u00f6rbundsstyrelsen","rel":"","context":"I \u201dKappsegling\u201d","block_context":{"text":"Kappsegling","link":"https:\/\/folkbat.se\/wordpress\/?cat=58"},"img":{"alt_text":"","src":"","width":0,"height":0},"classes":[]}],"_links":{"self":[{"href":"https:\/\/folkbat.se\/wordpress\/index.php?rest_route=\/wp\/v2\/posts\/491","targetHints":{"allow":["GET"]}}],"collection":[{"href":"https:\/\/folkbat.se\/wordpress\/index.php?rest_route=\/wp\/v2\/posts"}],"about":[{"href":"https:\/\/folkbat.se\/wordpress\/index.php?rest_route=\/wp\/v2\/types\/post"}],"author":[{"embeddable":true,"href":"https:\/\/folkbat.se\/wordpress\/index.php?rest_route=\/wp\/v2\/users\/1"}],"replies":[{"embeddable":true,"href":"https:\/\/folkbat.se\/wordpress\/index.php?rest_route=%2Fwp%2Fv2%2Fcomments&post=491"}],"version-history":[{"count":1,"href":"https:\/\/folkbat.se\/wordpress\/index.php?rest_route=\/wp\/v2\/posts\/491\/revisions"}],"predecessor-version":[{"id":492,"href":"https:\/\/folkbat.se\/wordpress\/index.php?rest_route=\/wp\/v2\/posts\/491\/revisions\/492"}],"wp:attachment":[{"href":"https:\/\/folkbat.se\/wordpress\/index.php?rest_route=%2Fwp%2Fv2%2Fmedia&parent=491"}],"wp:term":[{"taxonomy":"category","embeddable":true,"href":"https:\/\/folkbat.se\/wordpress\/index.php?rest_route=%2Fwp%2Fv2%2Fcategories&post=491"},{"taxonomy":"post_tag","embeddable":true,"href":"https:\/\/folkbat.se\/wordpress\/index.php?rest_route=%2Fwp%2Fv2%2Ftags&post=491"}],"curies":[{"name":"wp","href":"https:\/\/api.w.org\/{rel}","templated":true}]}}