{"id":580,"date":"2015-08-27T14:17:24","date_gmt":"2015-08-27T12:17:24","guid":{"rendered":"http:\/\/folkbat.se\/wordpress\/?p=580"},"modified":"2015-08-27T15:15:43","modified_gmt":"2015-08-27T13:15:43","slug":"skicka-in-bild-pa-din-bat-till-folkbatsforbundets-batregister","status":"publish","type":"post","link":"https:\/\/folkbat.se\/wordpress\/?p=580","title":{"rendered":"Skicka in bild p\u00e5 din b\u00e5t till Folkb\u00e5tsf\u00f6rbundets b\u00e5tregister"},"content":{"rendered":"<p>Under h\u00f6sten kommer ett ut\u00f6kat folkb\u00e5tsb\u00e5tregister att lanseras h\u00e4r p\u00e5 Folkb\u00e5tsf\u00f6rbundets hemsida med historia om b\u00e5tarna och lite kappseglingsresultat. I registret kommer det att finnas m\u00f6jlighet att ber\u00e4tta om b\u00e5ten och visa bilder p\u00e5 varje folkb\u00e5t, s\u00e5 om man har en bra folkb\u00e5tsbild p\u00e5 sin b\u00e5t, sin tidigare b\u00e5t eller n\u00e5gon annans b\u00e5t som man sj\u00e4lv har tagit (eller d\u00e4r fotografen \u00e4r med p\u00e5 det) f\u00e5r man g\u00e4rna skicka den och annan info till <a href=\"mailto:webb@folkbat.se\">webb@folkbat.se<\/a> s\u00e5 kommer det med.<\/p>\n","protected":false},"excerpt":{"rendered":"<p>Under h\u00f6sten kommer ett ut\u00f6kat folkb\u00e5tsb\u00e5tregister att lanseras h\u00e4r p\u00e5 Folkb\u00e5tsf\u00f6rbundets hemsida med historia om b\u00e5tarna och lite kappseglingsresultat. I registret kommer det att finnas m\u00f6jlighet att ber\u00e4tta om b\u00e5ten och visa bilder p\u00e5 varje folkb\u00e5t, s\u00e5 om man har&hellip; <a href=\"https:\/\/folkbat.se\/wordpress\/?p=580\" class=\"apace-readmore-link\"><span class=\"screen-reader-text\">Skicka in bild p\u00e5 din b\u00e5t till Folkb\u00e5tsf\u00f6rbundets b\u00e5tregister<\/span>L\u00e4s mer<\/a><\/p>\n","protected":false},"author":1,"featured_media":0,"comment_status":"open","ping_status":"open","sticky":false,"template":"","format":"standard","meta":{"jetpack_post_was_ever_published":false,"_jetpack_newsletter_access":"","_jetpack_dont_email_post_to_subs":false,"_jetpack_newsletter_tier_id":0,"_jetpack_memberships_contains_paywalled_content":false,"_jetpack_memberships_contains_paid_content":false,"footnotes":"","jetpack_publicize_message":"","jetpack_publicize_feature_enabled":true,"jetpack_social_post_already_shared":true,"jetpack_social_options":{"image_generator_settings":{"template":"highway","default_image_id":0,"font":"","enabled":false},"version":2}},"categories":[1],"tags":[24],"class_list":["post-580","post","type-post","status-publish","format-standard","hentry","category-nyheter","tag-folkbatsregister"],"jetpack_publicize_connections":[],"jetpack_featured_media_url":"","jetpack_sharing_enabled":true,"jetpack_shortlink":"https:\/\/wp.me\/p5CsWc-9m","jetpack-related-posts":[{"id":667,"url":"https:\/\/folkbat.se\/wordpress\/?p=667","url_meta":{"origin":580,"position":0},"title":"Folkb\u00e5tsregister \u00e4r nu uppe","author":"Webbmaster","date":"9 september 2015","format":false,"excerpt":"Nu finns Folkb\u00e5tsregister, det nya registret \u00f6ver folkb\u00e5tar p\u00e5 Folkb\u00e5tsf\u00f6rbundets hemsida. Registret inneh\u00e5ller information om folkb\u00e5tar, folkb\u00e5tsbyggare, folkb\u00e5tskappseglingar och folkb\u00e5tsseglare. F\u00f6r n\u00e4stan alla svenska folkb\u00e5tar finns det information om byggare och bygg\u00e5r, och f\u00f6r vissa \u00e4ven mer information som till exempel 1375 Karoline. Mycket av informationen om folkb\u00e5tars byggare och\u2026","rel":"","context":"I \u201dNyheter\u201d","block_context":{"text":"Nyheter","link":"https:\/\/folkbat.se\/wordpress\/?cat=1"},"img":{"alt_text":"","src":"","width":0,"height":0},"classes":[]},{"id":3116,"url":"https:\/\/folkbat.se\/wordpress\/?p=3116","url_meta":{"origin":580,"position":1},"title":"SM 2023 till V\u00e4stervik","author":"Webbmaster","date":"26 september 2022","format":false,"excerpt":"De tv\u00e5 segels\u00e4llskapen i V\u00e4stervik, Westerviks Segels\u00e4llskap och V\u00e4sterviks Segels\u00e4llskap Wikingarna har tackat ja till Svenska Folkb\u00e5tsf\u00f6rbundets f\u00f6rfr\u00e5gan att arrangera 2023 \u00e5rs svenska m\u00e4sterskap f\u00f6r Folkb\u00e5t. Detta blir det 58:e m\u00e4sterskapet i ordningen och kommer att h\u00e5llas i slutet av vecka 32, det vill s\u00e4ga i mitten av augusti. T\u00e4nkt\u2026","rel":"","context":"I \u201dKappsegling\u201d","block_context":{"text":"Kappsegling","link":"https:\/\/folkbat.se\/wordpress\/?cat=58"},"img":{"alt_text":"","src":"https:\/\/i0.wp.com\/folkbat.se\/wordpress\/wp-content\/uploads\/2022\/09\/sm23.png?fit=1080%2C1080&ssl=1&resize=350%2C200","width":350,"height":200,"srcset":"https:\/\/i0.wp.com\/folkbat.se\/wordpress\/wp-content\/uploads\/2022\/09\/sm23.png?fit=1080%2C1080&ssl=1&resize=350%2C200 1x, https:\/\/i0.wp.com\/folkbat.se\/wordpress\/wp-content\/uploads\/2022\/09\/sm23.png?fit=1080%2C1080&ssl=1&resize=525%2C300 1.5x, https:\/\/i0.wp.com\/folkbat.se\/wordpress\/wp-content\/uploads\/2022\/09\/sm23.png?fit=1080%2C1080&ssl=1&resize=700%2C400 2x, https:\/\/i0.wp.com\/folkbat.se\/wordpress\/wp-content\/uploads\/2022\/09\/sm23.png?fit=1080%2C1080&ssl=1&resize=1050%2C600 3x"},"classes":[]},{"id":2569,"url":"https:\/\/folkbat.se\/wordpress\/?p=2569","url_meta":{"origin":580,"position":2},"title":"Kallelse till Svenska Folkb\u00e5tsf\u00f6rbundets \u00e5rsm\u00f6te 2021 (under SM-helgen)","author":"Webbmaster","date":"20 juli 2021","format":false,"excerpt":"Folkb\u00e5tsv\u00e4nner, hittills har 14 b\u00e5tar anm\u00e4lt sig till SM i Stenungsund och vi hoppas p\u00e5 att f\u00e5 se fler. Inbjudan och anm\u00e4lan finns p\u00e5 https:\/\/www.sailarena.com\/sv\/se\/club\/stss\/sm-folkbat-och-riksmasterskap-iod-2021\/. Undrar du n\u00e5got om arrangemanget, kontakta ordf\u00f6rande Rolf (rolf.upp@gmail.com 073-405 22 33). Svenska Folkb\u00e5tsf\u00f6rbundets \u00e5rsm\u00f6te kommer att h\u00e5llas i samband med SM-seglingarna. M\u00f6tet \u00e4r 12\u2026","rel":"","context":"I \u201dNyheter\u201d","block_context":{"text":"Nyheter","link":"https:\/\/folkbat.se\/wordpress\/?cat=1"},"img":{"alt_text":"","src":"","width":0,"height":0},"classes":[]},{"id":857,"url":"https:\/\/folkbat.se\/wordpress\/?p=857","url_meta":{"origin":580,"position":3},"title":"Inbjudan till crusingtr\u00e4ffen under b\u00e5tm\u00e4ssan","author":"Webbmaster","date":"10 februari 2016","format":false,"excerpt":"Svenska Folkb\u00e5tsf\u00f6rbundet i samarbete med Ostkustens Folkb\u00e5tsklubb inbjuder till Folkb\u00e5tstr\u00e4ff med inriktning p\u00e5 cruising. Lars Br\u00e6strup ber\u00e4ttar hur man optimerar en Folkb\u00e5t f\u00f6r semestersegling. Lars har under \u00e5ren semesterseglat mycket i sin folkb\u00e5t och utvecklat m\u00e5nga praktiska l\u00f6sningar f\u00f6r Folkb\u00e5ten som vi f\u00e5r ta del av med ord och bilder\u2026","rel":"","context":"I \u201dNyheter\u201d","block_context":{"text":"Nyheter","link":"https:\/\/folkbat.se\/wordpress\/?cat=1"},"img":{"alt_text":"","src":"","width":0,"height":0},"classes":[]},{"id":3746,"url":"https:\/\/folkbat.se\/wordpress\/?p=3746","url_meta":{"origin":580,"position":4},"title":"Svensk tredjeplats i Guldpokalen","author":"Webbmaster","date":"16 juli 2024","format":false,"excerpt":"1255 Selma (till v\u00e4nster), GBR 808 Isobella (mitten) och DEN 745 Rio (till h\u00f6ger). Foto Karl-Johan Ericsson Under veckan 8\u201312 juli avgjordes Guldpokalen i Halmstad hos Halmstads Segels\u00e4llskap. V\u00e4xlande v\u00e4der och vindar gjorde att sex kappseglingar av de planerade \u00e5tta kunde genomf\u00f6ras. 51 folkb\u00e5tar kom till start varav 18 svenska\u2026","rel":"","context":"I \u201dNyheter\u201d","block_context":{"text":"Nyheter","link":"https:\/\/folkbat.se\/wordpress\/?cat=1"},"img":{"alt_text":"","src":"","width":0,"height":0},"classes":[]},{"id":3792,"url":"https:\/\/folkbat.se\/wordpress\/?p=3792","url_meta":{"origin":580,"position":5},"title":"Selma f\u00f6rsvarar titeln vid SM i Karlsborg","author":"Webbmaster","date":"19 augusti 2024","format":false,"excerpt":"Anders Jalmander, Anders Cederblad och Ola Schwarz, 2024 \u00e5rs svenska m\u00e4stare Efter en lyckad Guldpokal i Halmstad i juli med drygt 50 b\u00e5tar fr\u00e5n Nordeuropa rullade folkb\u00e5tscirkusen vidare till Karlsborg f\u00f6r v\u00e5rt 59:e svenska m\u00e4sterskap, denna g\u00e5ng arrangerat av Carlsborgs Segels\u00e4llskap. Till start kom 15 svenska b\u00e5tar fr\u00e5n Stockholm till\u2026","rel":"","context":"I \u201dKappsegling\u201d","block_context":{"text":"Kappsegling","link":"https:\/\/folkbat.se\/wordpress\/?cat=58"},"img":{"alt_text":"","src":"","width":0,"height":0},"classes":[]}],"_links":{"self":[{"href":"https:\/\/folkbat.se\/wordpress\/index.php?rest_route=\/wp\/v2\/posts\/580","targetHints":{"allow":["GET"]}}],"collection":[{"href":"https:\/\/folkbat.se\/wordpress\/index.php?rest_route=\/wp\/v2\/posts"}],"about":[{"href":"https:\/\/folkbat.se\/wordpress\/index.php?rest_route=\/wp\/v2\/types\/post"}],"author":[{"embeddable":true,"href":"https:\/\/folkbat.se\/wordpress\/index.php?rest_route=\/wp\/v2\/users\/1"}],"replies":[{"embeddable":true,"href":"https:\/\/folkbat.se\/wordpress\/index.php?rest_route=%2Fwp%2Fv2%2Fcomments&post=580"}],"version-history":[{"count":2,"href":"https:\/\/folkbat.se\/wordpress\/index.php?rest_route=\/wp\/v2\/posts\/580\/revisions"}],"predecessor-version":[{"id":582,"href":"https:\/\/folkbat.se\/wordpress\/index.php?rest_route=\/wp\/v2\/posts\/580\/revisions\/582"}],"wp:attachment":[{"href":"https:\/\/folkbat.se\/wordpress\/index.php?rest_route=%2Fwp%2Fv2%2Fmedia&parent=580"}],"wp:term":[{"taxonomy":"category","embeddable":true,"href":"https:\/\/folkbat.se\/wordpress\/index.php?rest_route=%2Fwp%2Fv2%2Fcategories&post=580"},{"taxonomy":"post_tag","embeddable":true,"href":"https:\/\/folkbat.se\/wordpress\/index.php?rest_route=%2Fwp%2Fv2%2Ftags&post=580"}],"curies":[{"name":"wp","href":"https:\/\/api.w.org\/{rel}","templated":true}]}}