{"id":857,"date":"2016-02-10T22:30:51","date_gmt":"2016-02-10T21:30:51","guid":{"rendered":"http:\/\/folkbat.se\/wordpress\/?p=857"},"modified":"2016-02-10T22:30:51","modified_gmt":"2016-02-10T21:30:51","slug":"inbjudan-till-crusingtraffen-under-batmassan","status":"publish","type":"post","link":"https:\/\/folkbat.se\/wordpress\/?p=857","title":{"rendered":"Inbjudan till crusingtr\u00e4ffen under b\u00e5tm\u00e4ssan"},"content":{"rendered":"<p>Svenska Folkb\u00e5tsf\u00f6rbundet i samarbete med Ostkustens Folkb\u00e5tsklubb inbjuder till Folkb\u00e5tstr\u00e4ff med inriktning p\u00e5 cruising.<\/p>\n<p>Lars Br\u00e6strup ber\u00e4ttar hur man optimerar en Folkb\u00e5t f\u00f6r semestersegling.<\/p>\n<p>Lars har under \u00e5ren semesterseglat mycket i sin folkb\u00e5t och utvecklat m\u00e5nga praktiska l\u00f6sningar f\u00f6r Folkb\u00e5ten som vi f\u00e5r ta del av med ord och bilder som inspiration inf\u00f6r sommarens \u00e4ventyr.<\/p>\n<p>H\u00e4r f\u00e5r vi chans att tr\u00e4ffas och utbyta tips och id\u00e9er f\u00f6r v\u00e5ra vackra b\u00e5tar, f\u00f6redrag, fika och snack.<\/p>\n<p>Ta chansen att kombinera ditt bes\u00f6k p\u00e5 b\u00e5tm\u00e4ssan med ett trevligt Folkb\u00e5tsarrangemang.<\/p>\n<p>Plats: M\u00f6tesrum M13, B\u00e5tm\u00e4ssan \u00c4lvsj\u00f6<br \/>\nTid: l\u00f6rdag 12 mars kl. 16:00\u201318:00.<\/p>\n<p>Kostnadsfritt f\u00f6rutom entr\u00e9 till B\u00e5tm\u00e4ssan.<br \/>\nEntr\u00e9 till B\u00e5tm\u00e4ssan 140:- vid k\u00f6p via n\u00e4tet: <a href=\"http:\/\/www.alltforsjon.se\">www.alltforsjon.se<\/a><br \/>\nEntr\u00e9 i kassan: 180:-<\/p>\n<p>Anm\u00e4lan (s\u00e5 vi vet hur m\u00e5nga som kommer):<br \/>\nDonald Bratt: <a href=\"mailto:donaldb@algonet.se\">donaldb@algonet.se<\/a> eller,<br \/>\nG\u00f6ran Svensson: <a href=\"mailto:svensson@gs-elektronik.se\">svensson@gs-elektronik.se<\/a><\/p>\n","protected":false},"excerpt":{"rendered":"<p>Svenska Folkb\u00e5tsf\u00f6rbundet i samarbete med Ostkustens Folkb\u00e5tsklubb inbjuder till Folkb\u00e5tstr\u00e4ff med inriktning p\u00e5 cruising. Lars Br\u00e6strup ber\u00e4ttar hur man optimerar en Folkb\u00e5t f\u00f6r semestersegling. Lars har under \u00e5ren semesterseglat mycket i sin folkb\u00e5t och utvecklat m\u00e5nga praktiska l\u00f6sningar f\u00f6r Folkb\u00e5ten&hellip; <a href=\"https:\/\/folkbat.se\/wordpress\/?p=857\" class=\"apace-readmore-link\"><span class=\"screen-reader-text\">Inbjudan till crusingtr\u00e4ffen under b\u00e5tm\u00e4ssan<\/span>L\u00e4s mer<\/a><\/p>\n","protected":false},"author":1,"featured_media":0,"comment_status":"open","ping_status":"open","sticky":false,"template":"","format":"standard","meta":{"jetpack_post_was_ever_published":false,"_jetpack_newsletter_access":"","_jetpack_dont_email_post_to_subs":false,"_jetpack_newsletter_tier_id":0,"_jetpack_memberships_contains_paywalled_content":false,"_jetpack_memberships_contains_paid_content":false,"footnotes":"","jetpack_publicize_message":"","jetpack_publicize_feature_enabled":true,"jetpack_social_post_already_shared":true,"jetpack_social_options":{"image_generator_settings":{"template":"highway","default_image_id":0,"font":"","enabled":false},"version":2}},"categories":[1],"tags":[],"class_list":["post-857","post","type-post","status-publish","format-standard","hentry","category-nyheter"],"jetpack_publicize_connections":[],"jetpack_featured_media_url":"","jetpack_sharing_enabled":true,"jetpack_shortlink":"https:\/\/wp.me\/p5CsWc-dP","jetpack-related-posts":[{"id":3188,"url":"https:\/\/folkbat.se\/wordpress\/?p=3188","url_meta":{"origin":857,"position":0},"title":"Folkb\u00e5t p\u00e5 B\u00e5tm\u00e4ssan i G\u00f6teborg 4\u201312 februari","author":"Webbmaster","date":"17 januari 2023","format":false,"excerpt":"Foto: Lennart Magnusson Svenska Folkb\u00e5tsf\u00f6rbundet\u00a0st\u00e4ller ut en folkb\u00e5t p\u00e5 B\u00e5tm\u00e4ssan i G\u00f6teborg 4\u201312 februari. Det blir\u00a02022 \u00e5rs\u00a0SM-vinnare Emilie, Lennart Magnussons\u00a0SWE 1390\u00a0byggd av Brandt-M\u00f8ller.\u00a0M\u00e4ssan \u00e4r \u00f6ppen dagtid b\u00e5da helgerna under perioden och kv\u00e4llstid under vardagarna d\u00e4remellan. Kom f\u00f6rbi och s\u00e4g hej om du \u00e4r intresserad av att segla och kappsegla folkb\u00e5t.\u2026","rel":"","context":"I \u201dNyheter\u201d","block_context":{"text":"Nyheter","link":"https:\/\/folkbat.se\/wordpress\/?cat=1"},"img":{"alt_text":"","src":"https:\/\/i0.wp.com\/folkbat.se\/wordpress\/wp-content\/uploads\/2023\/02\/image0-2-rotated.jpeg?fit=900%2C1200&ssl=1&resize=350%2C200","width":350,"height":200,"srcset":"https:\/\/i0.wp.com\/folkbat.se\/wordpress\/wp-content\/uploads\/2023\/02\/image0-2-rotated.jpeg?fit=900%2C1200&ssl=1&resize=350%2C200 1x, https:\/\/i0.wp.com\/folkbat.se\/wordpress\/wp-content\/uploads\/2023\/02\/image0-2-rotated.jpeg?fit=900%2C1200&ssl=1&resize=525%2C300 1.5x, https:\/\/i0.wp.com\/folkbat.se\/wordpress\/wp-content\/uploads\/2023\/02\/image0-2-rotated.jpeg?fit=900%2C1200&ssl=1&resize=700%2C400 2x"},"classes":[]},{"id":821,"url":"https:\/\/folkbat.se\/wordpress\/?p=821","url_meta":{"origin":857,"position":1},"title":"V\u00e4lkomna p\u00e5 f\u00f6redrag om tursegling med folkb\u00e5ten","author":"Webbmaster","date":"21 december 2015","format":false,"excerpt":"Genom Claes Hoglerts kontakter i Danmark har vi f\u00e5tt tag i den ultimate cruisingseglaren i folkb\u00e5t, Lars Br\u00e6strup. Han f\u00f6rel\u00e4ser om sin v\u00e4lutrustade folkb\u00e5t DEN 1048 Maria, som har alla finesser en turseglare vill ha! En f\u00f6raning f\u00e5r du om du g\u00e5r in p\u00e5 Danska Folkb\u00e5tsf\u00f6rbundets hemsida under Fokus p\u00e5\u2026","rel":"","context":"I \u201dNyheter\u201d","block_context":{"text":"Nyheter","link":"https:\/\/folkbat.se\/wordpress\/?cat=1"},"img":{"alt_text":"Lars Br\u00e6strup","src":"https:\/\/i0.wp.com\/folkbat.se\/wordpress\/wp-content\/uploads\/2015\/12\/lars_b-768x768.png?resize=350%2C200","width":350,"height":200},"classes":[]},{"id":3564,"url":"https:\/\/folkbat.se\/wordpress\/?p=3564","url_meta":{"origin":857,"position":2},"title":"\u00c5rsm\u00f6te 2024","author":"Webbmaster","date":"25 januari 2024","format":false,"excerpt":"I enlighet med v\u00e5ra nya stadgar kommer \u00e5rsm\u00f6tet att h\u00e5llas i mars m\u00e5nad, se nedan. Vidare anges nedan n\u00e5gra datum att ha koll p\u00e5. Detta utskick ses som informell f\u00f6rhandsinformation om datum och plats, en formell kallelse till \u00e5rsm\u00f6tet kommer att skickas ut senare enligt stadgarna. F\u00f6ljande datum g\u00e4ller: \u00c5rsm\u00f6te:\u2026","rel":"","context":"I \u201dNyheter\u201d","block_context":{"text":"Nyheter","link":"https:\/\/folkbat.se\/wordpress\/?cat=1"},"img":{"alt_text":"","src":"","width":0,"height":0},"classes":[]},{"id":1000,"url":"https:\/\/folkbat.se\/wordpress\/?p=1000","url_meta":{"origin":857,"position":3},"title":"Tips f\u00f6r ensamseglaren","author":"Webbmaster","date":"23 juni 2016","format":false,"excerpt":"Den danske folkb\u00e5tsseglaren Lars Br\u00e6strup, som f\u00f6rel\u00e4ste p\u00e5 b\u00e5tm\u00e4ssan i mars, har en artikelserie med enkla tips f\u00f6r hur man kan anpassa sin folkb\u00e5t till tursegling. I den \u00e5ttonde delen skriver han om hur b\u00e5ten kan anpassas till ensamsegling. Artikeln, som \u00e4r publicerad p\u00e5 Danska Folkb\u00e5tsf\u00f6rbundets sida, finns h\u00e4r (p\u00e5\u2026","rel":"","context":"I \u201dNyheter\u201d","block_context":{"text":"Nyheter","link":"https:\/\/folkbat.se\/wordpress\/?cat=1"},"img":{"alt_text":"","src":"","width":0,"height":0},"classes":[]},{"id":900,"url":"https:\/\/folkbat.se\/wordpress\/?p=900","url_meta":{"origin":857,"position":4},"title":"Kom p\u00e5 cruisingtr\u00e4ff p\u00e5 l\u00f6rdag","author":"Webbmaster","date":"11 mars 2016","format":false,"excerpt":"Svenska Folkb\u00e5tsf\u00f6rbundet och Ostkustens Folkb\u00e5tsklubb vill p\u00e5minna om crusingtr\u00e4ffen med f\u00f6redragsh\u00e5llaren Lars Br\u00e6strup p\u00e5 b\u00e5tm\u00e4ssan Allt f\u00f6r sj\u00f6n p\u00e5 Stockholmsm\u00e4ssan p\u00e5 l\u00f6rdag. F\u00f6redraget h\u00e5lls i m\u00f6tesrum M13 och b\u00f6rjar klockan 16. Mer info finns h\u00e4r.","rel":"","context":"I \u201dNyheter\u201d","block_context":{"text":"Nyheter","link":"https:\/\/folkbat.se\/wordpress\/?cat=1"},"img":{"alt_text":"","src":"","width":0,"height":0},"classes":[]},{"id":1218,"url":"https:\/\/folkbat.se\/wordpress\/?p=1218","url_meta":{"origin":857,"position":5},"title":"Tv\u00e5 folkb\u00e5tar p\u00e5 b\u00e5tm\u00e4ssan Allt f\u00f6r Sj\u00f6n i Stockholm","author":"Webbmaster","date":"28 februari 2017","format":false,"excerpt":"Att folkb\u00e5ten firar 75 \u00e5r kommer att firas p\u00e5 m\u00e5nga s\u00e4tt under \u00e5ret \u2013 nu under helgen och kommande vecka st\u00e4lls tv\u00e5 folkb\u00e5tar ut p\u00e5 b\u00e5tm\u00e4ssan Allt f\u00f6r sj\u00f6n. SWE 2 Jo-Jo och SWE 1358 Sj\u00f6jungfrun kommer att st\u00e5 bredvid varandra i A-hallen monter A06:21. \u00d6ppettider Fredag 3 mars kl\u2026","rel":"","context":"I \u201dNyheter\u201d","block_context":{"text":"Nyheter","link":"https:\/\/folkbat.se\/wordpress\/?cat=1"},"img":{"alt_text":"","src":"https:\/\/i0.wp.com\/folkbat.se\/wordpress\/wp-content\/uploads\/2017\/02\/IMG_3211-768x768.jpg?resize=350%2C200","width":350,"height":200},"classes":[]}],"_links":{"self":[{"href":"https:\/\/folkbat.se\/wordpress\/index.php?rest_route=\/wp\/v2\/posts\/857","targetHints":{"allow":["GET"]}}],"collection":[{"href":"https:\/\/folkbat.se\/wordpress\/index.php?rest_route=\/wp\/v2\/posts"}],"about":[{"href":"https:\/\/folkbat.se\/wordpress\/index.php?rest_route=\/wp\/v2\/types\/post"}],"author":[{"embeddable":true,"href":"https:\/\/folkbat.se\/wordpress\/index.php?rest_route=\/wp\/v2\/users\/1"}],"replies":[{"embeddable":true,"href":"https:\/\/folkbat.se\/wordpress\/index.php?rest_route=%2Fwp%2Fv2%2Fcomments&post=857"}],"version-history":[{"count":2,"href":"https:\/\/folkbat.se\/wordpress\/index.php?rest_route=\/wp\/v2\/posts\/857\/revisions"}],"predecessor-version":[{"id":859,"href":"https:\/\/folkbat.se\/wordpress\/index.php?rest_route=\/wp\/v2\/posts\/857\/revisions\/859"}],"wp:attachment":[{"href":"https:\/\/folkbat.se\/wordpress\/index.php?rest_route=%2Fwp%2Fv2%2Fmedia&parent=857"}],"wp:term":[{"taxonomy":"category","embeddable":true,"href":"https:\/\/folkbat.se\/wordpress\/index.php?rest_route=%2Fwp%2Fv2%2Fcategories&post=857"},{"taxonomy":"post_tag","embeddable":true,"href":"https:\/\/folkbat.se\/wordpress\/index.php?rest_route=%2Fwp%2Fv2%2Ftags&post=857"}],"curies":[{"name":"wp","href":"https:\/\/api.w.org\/{rel}","templated":true}]}}